{"id":695575,"date":"2026-01-28T18:24:11","date_gmt":"2026-01-28T18:24:11","guid":{"rendered":"https:\/\/www.europesays.com\/fr\/695575\/"},"modified":"2026-01-28T18:24:11","modified_gmt":"2026-01-28T18:24:11","slug":"en-arret-maladie-elle-nest-pas-invitee-a-la-fete-de-noel-de-lentreprise-une-salariee-porte-plainte-contre-son-employeur-et-perd-le-proces","status":"publish","type":"post","link":"https:\/\/www.europesays.com\/fr\/695575\/","title":{"rendered":"En arr\u00eat maladie, elle n\u2019est pas invit\u00e9e \u00e0 la f\u00eate de No\u00ebl de l\u2019entreprise\u00a0: une salari\u00e9e porte plainte contre son employeur\u2026 et perd le proc\u00e8s"},"content":{"rendered":"<p>\n                                                                    l&rsquo;essentiel<br \/>\n                                                                Non invit\u00e9e \u00e0 la f\u00eate de No\u00ebl de son entreprise, Shelby Caughman, 35 ans, a poursuivi son employeur pour discrimination li\u00e9e \u00e0 son handicap. La justice \u00e9cossaise a finalement rejet\u00e9 sa plainte, estimant que l\u2019exclusion reposait sur un malentendu plut\u00f4t que sur une intention discriminatoire.\n                            <\/p>\n<p>De ses mots, elle voulait juste \u00ab\u00a0avoir le choix\u00a0\u00bb. Shelby Caughman, une jeune \u00c9cossaise de 35 ans a d\u00e9cid\u00e9 d\u2019attaquer son employeur en justice car celui-ci ne l\u2019avait pas convi\u00e9e \u00e0 la f\u00eate de No\u00ebl de l\u2019entreprise\u2026 alors qu\u2019elle \u00e9tait en arr\u00eat maladie. Cette derni\u00e8re estimait qu\u2019elle n\u2019avait pas \u00e9t\u00e9 convi\u00e9e en raison de son handicap\u00a0: l\u2019int\u00e9ress\u00e9e souffre en effet de troubles psychologiques et d\u2019agoraphobie. La justice \u00e9cossaise <a href=\"https:\/\/www.gov.uk\/employment-tribunal-decisions\/s-caughman-v-echoes-ecology-ltd-8000403-slash-2025?utm_source=chatgpt.com\" target=\"_blank\" rel=\"noopener\">a rendu son verdict mercredi 21\u00a0janvier<\/a>, rejetant ainsi les accusations de Shelby Caughman, comme l\u2019expliquent nos confr\u00e8res de <a href=\"https:\/\/www.gbnews.com\/news\/falkirk-woman-sued-boss-not-invited-christmas-party-loses-claim\" target=\"_blank\" rel=\"noopener\">GB News<\/a>.<\/p>\n<p>L\u2019histoire commence au d\u00e9but de l\u2019ann\u00e9e 2024\u00a0: la trentenaire \u2013 qui travaillait depuis huit mois comme scientifique chez Echoes Ecology \u2013 annonce \u00e0 son employeur qu\u2019elle souffre de plusieurs troubles de sant\u00e9 mentale. Cette derni\u00e8re \u00e9voque alors un trouble de stress post-traumatique, d\u2019autisme et d\u2019agoraphobie. En juin de la m\u00eame ann\u00e9e, son m\u00e9decin la place en arr\u00eat maladie pendant une semaine\u2026 Shelby Caughman revient \u00e0 son poste quelques semaines avant de se faire \u00e0 nouveau arr\u00eater par son m\u00e9decin, cette fois-ci de fa\u00e7on prolong\u00e9e. La jeune scientifique promet un retour \u00e0 la fin de l\u2019ann\u00e9e, mais celle-ci \u2013 se disant \u00ab\u00a0d\u00e9bord\u00e9e\u00a0\u00bb \u2013 prolonge finalement son arr\u00eat maladie jusqu\u2019en janvier\u00a02025.<\/p>\n<p>Une situation \u00ab\u00a0mal interpr\u00e9t\u00e9e\u00a0\u00bb\u00a0?<\/p>\n<p>En d\u00e9cembre\u00a02024, Echoes Ecology envoie une invitation \u00e0 huit de ses salari\u00e9s, pour une petite f\u00eate de No\u00ebl. Le nom de Shelby Caughman ne figure pas sur la liste\u2026 de quoi passablement agacer la jeune femme. En janvier\u00a02025, la trentenaire envoie un courriel \u00e0 sa direction pour demander des explications\u00a0: celle-ci explique qu\u2019une invitation \u00e0 cet \u00e9v\u00e9nement e\u00fbt \u00e9t\u00e9 \u00ab\u00a0d\u00e9plac\u00e9e\u00a0\u00bb. Les dirigeants estimaient en effet que cette f\u00eate \u00e9tait \u00ab\u00a0susceptible de causer du stress\u00a0\u00bb pour la plaignante, elle qui souffre d\u2019agoraphobie. Ces derniers se sont par ailleurs excus\u00e9s aupr\u00e8s de l\u2019employ\u00e9e, estimant avoir peut-\u00eatre \u00ab\u00a0mal interpr\u00e9t\u00e9 la situation\u00a0\u00bb.<\/p>\n<p class=\"std-elt__inline\">\n        <strong>\u00c0 lire aussi :<\/strong><br \/>\n        <a href=\"https:\/\/www.ladepeche.fr\/2026\/01\/20\/il-a-ete-licencie-car-sa-femme-etait-enceinte-le-futur-papa-gagne-son-proces-face-a-son-employeur-13172938.php\" target=\"_blank\" rel=\"noopener\">Il a \u00e9t\u00e9 licenci\u00e9 car sa femme \u00e9tait enceinte\u00a0: le futur papa gagne son proc\u00e8s face \u00e0 son employeur<\/a>\n    <\/p>\n<p>Qu\u2019importe pour Shelby Caughman\u00a0: l\u2019\u00c9cossaise d\u00e9cide de porter plainte le 21\u00a0f\u00e9vrier 2025 devant le tribunal du travail. Cette derni\u00e8re estime n\u2019avoir jamais indiqu\u00e9 aupr\u00e8s de ses employeurs qu\u2019elle devait \u00eatre \u00ab\u00a0exempt\u00e9e\u00a0\u00bb des r\u00e9unions et des \u00e9v\u00e9nements sociaux organis\u00e9s au sein de la soci\u00e9t\u00e9. Le m\u00eame mois, elle quitte l\u2019entreprise. Le 10\u00a0novembre, le tribunal \u00e9cossais du travail\u00a0a reconnu que l\u2019exclusion de\u00a0Shelby Caughman constituait \u00ab\u00a0en principe\u00a0\u00bb une discrimination en raison de son handicap. Cependant, la justice a \u00e9galement consid\u00e9r\u00e9 que la d\u00e9cision de l\u2019employeur \u00e9tait objectivement justifi\u00e9e au vu des circonstances et de sa compr\u00e9hension de la situation.<\/p>\n<p class=\"std-elt__inline\">\n        <strong>\u00c0 lire aussi :<\/strong><br \/>\n        <a href=\"https:\/\/www.ladepeche.fr\/2025\/12\/16\/son-entreprise-recense-14-pauses-toilettes-a-rallonge-en-quelques-semaines-lemploye-souffrant-dun-probleme-medical-licencie-13113848.php\" target=\"_blank\" rel=\"noopener\">Son entreprise recense 14 pauses toilettes \u00e0 rallonge en quelques semaines, l\u2019employ\u00e9 souffrant d\u2019un probl\u00e8me m\u00e9dical licenci\u00e9<\/a>\n    <\/p>\n<p>Le tribunal du travail a finalement rendu sa d\u00e9cision publique le 21\u00a0janvier dernier, rejetant ainsi les accusations de la jeune femme.<\/p>\n","protected":false},"excerpt":{"rendered":"l&rsquo;essentiel Non invit\u00e9e \u00e0 la f\u00eate de No\u00ebl de son entreprise, Shelby Caughman, 35 ans, a poursuivi son&hellip;\n","protected":false},"author":2,"featured_media":695576,"comment_status":"","ping_status":"","sticky":false,"template":"","format":"standard","meta":{"footnotes":""},"categories":[1588],"tags":[11,1777,674,329,14,12,473,1853,1851,1850,1852],"class_list":{"0":"post-695575","1":"post","2":"type-post","3":"status-publish","4":"format-standard","5":"has-post-thumbnail","7":"category-royaume-uni","8":"tag-actualites","9":"tag-eu","10":"tag-europe","11":"tag-france-monde","12":"tag-international","13":"tag-news","14":"tag-royaume-uni","15":"tag-royaume-uni-de-grande-bretagne-et-dirlande-du-nord","16":"tag-uk","17":"tag-united-kingdom","18":"tag-united-kingdom-of-great-britain-and-northern-ireland"},"share_on_mastodon":{"url":"https:\/\/pubeurope.com\/@fr\/115974128558606546","error":""},"_links":{"self":[{"href":"https:\/\/www.europesays.com\/fr\/wp-json\/wp\/v2\/posts\/695575","targetHints":{"allow":["GET"]}}],"collection":[{"href":"https:\/\/www.europesays.com\/fr\/wp-json\/wp\/v2\/posts"}],"about":[{"href":"https:\/\/www.europesays.com\/fr\/wp-json\/wp\/v2\/types\/post"}],"author":[{"embeddable":true,"href":"https:\/\/www.europesays.com\/fr\/wp-json\/wp\/v2\/users\/2"}],"replies":[{"embeddable":true,"href":"https:\/\/www.europesays.com\/fr\/wp-json\/wp\/v2\/comments?post=695575"}],"version-history":[{"count":0,"href":"https:\/\/www.europesays.com\/fr\/wp-json\/wp\/v2\/posts\/695575\/revisions"}],"wp:featuredmedia":[{"embeddable":true,"href":"https:\/\/www.europesays.com\/fr\/wp-json\/wp\/v2\/media\/695576"}],"wp:attachment":[{"href":"https:\/\/www.europesays.com\/fr\/wp-json\/wp\/v2\/media?parent=695575"}],"wp:term":[{"taxonomy":"category","embeddable":true,"href":"https:\/\/www.europesays.com\/fr\/wp-json\/wp\/v2\/categories?post=695575"},{"taxonomy":"post_tag","embeddable":true,"href":"https:\/\/www.europesays.com\/fr\/wp-json\/wp\/v2\/tags?post=695575"}],"curies":[{"name":"wp","href":"https:\/\/api.w.org\/{rel}","templated":true}]}}