{"id":695577,"date":"2026-01-28T18:25:12","date_gmt":"2026-01-28T18:25:12","guid":{"rendered":"https:\/\/www.europesays.com\/fr\/695577\/"},"modified":"2026-01-28T18:25:12","modified_gmt":"2026-01-28T18:25:12","slug":"transport-ferroviaire-les-nouveaux-ter-transfrontaliers-enfin-homologues-en-allemagne","status":"publish","type":"post","link":"https:\/\/www.europesays.com\/fr\/695577\/","title":{"rendered":"Transport ferroviaire. Les nouveaux TER transfrontaliers (enfin) homologu\u00e9s en Allemagne"},"content":{"rendered":"<p>\u00ab\u00a0Pour que ces mat\u00e9riels puissent rouler au-del\u00e0 de la fronti\u00e8re, il faut encore que les autorit\u00e9s ferroviaires des trois L\u00e4nder voisins donnent chacune leur feu vert, ce qui ne devrait \u00eatre qu\u2019une formalit\u00e9\u00a0\u00bb, a expliqu\u00e9 ce mercredi Thibaud Philipps, vice-pr\u00e9sident de la R\u00e9gion Grand Est charg\u00e9 des transports. L\u2019\u00e9lu a \u00e9galement confirm\u00e9 que les deux premi\u00e8res lignes transfrontali\u00e8res sur lesquelles ces nouvelles rames bimode thermique-\u00e9lectrique circuleront de bout en bout sont Strasbourg-Offenbourg et Mulhouse-M\u00fcllheim.<\/p>\n<p>\u00ab\u00a0Il s\u2019agit des deux lignes ayant un fort trafic et o\u00f9 les besoins en mat\u00e9riel neuf sont les plus criants. La SNCF a comme objectif d\u2019y mettre en service les rames TFA \u00e0 partir du mois de mai prochain\u00a0\u00bb, rappelle l\u2019\u00e9lu. \u00ab\u00a0Par la suite, d\u2019ici d\u00e9cembre\u00a02026 et sans attendre l\u2019arriv\u00e9e \u00e9ventuelle d\u2019un nouvel op\u00e9rateur, les rames restantes seront progressivement int\u00e9gr\u00e9es dans les plans de circulation des lignes Metz-Tr\u00eaves, Metz-Sarrebruck, Strasbourg-Sarrebruck, Strasbourg-Neustadt et Strasbourg-Karlsruhe\u00a0\u00bb.<\/p>\n<p>En attendant, SNCF Voyageurs va continuer \u00e0 les exploiter sur les lignes TER d\u2019Alsace et de Lorraine o\u00f9 elles contribuent depuis dix-huit mois \u00e0 fiabiliser l\u2019offre de transport. \u00c0 terme, les R\u00e9giolis TFA, reconnaissables \u00e0 leur livr\u00e9e bleu outremer frapp\u00e9e des drapeaux allemand et fran\u00e7ais, remplaceront les autorails ATER, surnomm\u00e9s \u00ab\u00a0baleines bleues\u00a0\u00bb, qui circulent sur les lignes transfrontali\u00e8res depuis le d\u00e9but des ann\u00e9es 2000.<\/p>\n","protected":false},"excerpt":{"rendered":"\u00ab\u00a0Pour que ces mat\u00e9riels puissent rouler au-del\u00e0 de la fronti\u00e8re, il faut encore que les autorit\u00e9s ferroviaires des&hellip;\n","protected":false},"author":2,"featured_media":695578,"comment_status":"","ping_status":"","sticky":false,"template":"","format":"standard","meta":{"footnotes":""},"categories":[1587],"tags":[11,672,2389,2649,1804,4406,1805,1803,33,2880,1777,674,107,1801,12,1802,640,2879,2803],"class_list":{"0":"post-695577","1":"post","2":"type-post","3":"status-publish","4":"format-standard","5":"has-post-thumbnail","7":"category-allemagne","8":"tag-actualites","9":"tag-allemagne","10":"tag-alsace","11":"tag-bas-rhin","12":"tag-bundesrepublik-deutschland","13":"tag-commerce-et-services","14":"tag-de","15":"tag-deutschland","16":"tag-economie","17":"tag-edition-strasbourg","18":"tag-eu","19":"tag-europe","20":"tag-fil-info","21":"tag-germany","22":"tag-news","23":"tag-republique-federale-dallemagne","24":"tag-strasbourg","25":"tag-strasbourg-ville","26":"tag-transport"},"share_on_mastodon":{"url":"https:\/\/pubeurope.com\/@fr\/115974132490414899","error":""},"_links":{"self":[{"href":"https:\/\/www.europesays.com\/fr\/wp-json\/wp\/v2\/posts\/695577","targetHints":{"allow":["GET"]}}],"collection":[{"href":"https:\/\/www.europesays.com\/fr\/wp-json\/wp\/v2\/posts"}],"about":[{"href":"https:\/\/www.europesays.com\/fr\/wp-json\/wp\/v2\/types\/post"}],"author":[{"embeddable":true,"href":"https:\/\/www.europesays.com\/fr\/wp-json\/wp\/v2\/users\/2"}],"replies":[{"embeddable":true,"href":"https:\/\/www.europesays.com\/fr\/wp-json\/wp\/v2\/comments?post=695577"}],"version-history":[{"count":0,"href":"https:\/\/www.europesays.com\/fr\/wp-json\/wp\/v2\/posts\/695577\/revisions"}],"wp:featuredmedia":[{"embeddable":true,"href":"https:\/\/www.europesays.com\/fr\/wp-json\/wp\/v2\/media\/695578"}],"wp:attachment":[{"href":"https:\/\/www.europesays.com\/fr\/wp-json\/wp\/v2\/media?parent=695577"}],"wp:term":[{"taxonomy":"category","embeddable":true,"href":"https:\/\/www.europesays.com\/fr\/wp-json\/wp\/v2\/categories?post=695577"},{"taxonomy":"post_tag","embeddable":true,"href":"https:\/\/www.europesays.com\/fr\/wp-json\/wp\/v2\/tags?post=695577"}],"curies":[{"name":"wp","href":"https:\/\/api.w.org\/{rel}","templated":true}]}}