{"id":695595,"date":"2026-01-28T18:38:10","date_gmt":"2026-01-28T18:38:10","guid":{"rendered":"https:\/\/www.europesays.com\/fr\/695595\/"},"modified":"2026-01-28T18:38:10","modified_gmt":"2026-01-28T18:38:10","slug":"team-trek-tarbes-castelsarrasin-leffectif-2026-actualite","status":"publish","type":"post","link":"https:\/\/www.europesays.com\/fr\/695595\/","title":{"rendered":"Team Trek Tarbes-Castelsarrasin : L&rsquo;effectif 2026 &#8211; Actualit\u00e9"},"content":{"rendered":"<p>Le Team Trek Tarbes-Castelsarrasin est une nouvelle entente qui fait\u00a0<a href=\"https:\/\/www.directvelo.com\/actualite\/126280\/n3-25-clubs-labellises-en-2026\" target=\"_blank\" rel=\"noopener\"><strong>son entr\u00e9e en National 3<\/strong><\/a>. L&rsquo;\u00e9quipe dirig\u00e9e par Dorian Duchein et Cyril Rous est compos\u00e9e de dix coureurs compl\u00e9t\u00e9e par une r\u00e9serve de quatre coureurs.<\/p>\n<p><strong>L&rsquo;effectif 2026 du Team Trek Tarbes-Castelsarrasin<\/strong> :\u00a0<\/p>\n<p>Alban Bonalumi, 20 ans (Tarbes Cycliste Comp\u00e9tition)<br \/>Cl\u00e9ment Bonalumi, 22 ans (B\u00e9ziers M\u00e9diterran\u00e9e Cyclisme) &#8211; notre photo &#8211;<br \/>Martin Cazelles, 18 ans (AS Villemur)<br \/>Nathan Delmas, 20 ans (CA Castelsarrasin)<br \/>Noam Fontenelle, 24 ans (OCF Team Legend Wheels)<br \/>Matteo Girotti, 21 ans (Top 16 Cyclisme)<br \/>Victor Hucteau, 21 ans (CC P\u00e9rigueux Dordogne)<br \/>Mathias Poczernin, 18 ans (Tarbes Cycliste Comp\u00e9tition)<br \/>Hugo Ramos, 20 ans (GSC Blagnac V\u00e9lo Sport 31)<br \/>L\u00e9o Vilain Commanay, 20 ans (Stade Montois Cyclisme)<\/p>\n<p>R\u00e9serve<br \/>Gabriel Cuq, 16 ans (Tarbes Cyclisme Comp\u00e9tition)<br \/>Senai Haile, 20 ans (Pau V\u00e9lo 64)<br \/>William Loustaunau, 18 ans (Pau V\u00e9lo 64)<br \/>Cl\u00e9ment Mazars, 17 ans (Tarbes Cyclisme Comp\u00e9tition)<\/p>\n","protected":false},"excerpt":{"rendered":"Le Team Trek Tarbes-Castelsarrasin est une nouvelle entente qui fait\u00a0son entr\u00e9e en National 3. L&rsquo;\u00e9quipe dirig\u00e9e par Dorian&hellip;\n","protected":false},"author":2,"featured_media":695596,"comment_status":"","ping_status":"","sticky":false,"template":"","format":"standard","meta":{"footnotes":""},"categories":[1411],"tags":[834,828,836,829,837,827,83,826,824,823,1154,207,814,817,815,816,822,821,832,211,839,1011,27,820,818,819,835,831,830,833,838,60,212,208,825],"class_list":{"0":"post-695595","1":"post","2":"type-post","3":"status-publish","4":"format-standard","5":"has-post-thumbnail","7":"category-cyclisme","8":"tag-attaque","9":"tag-belgique","10":"tag-braquet","11":"tag-bretagne","12":"tag-chute","13":"tag-competition","14":"tag-coupe-de-france","15":"tag-coureur","16":"tag-course-cyclisme","17":"tag-course-cycliste","18":"tag-cycling","19":"tag-cyclisme","20":"tag-direct","21":"tag-direct-velo","22":"tag-directvelo","23":"tag-directvelo-com","24":"tag-epreuve","25":"tag-epreuve-cycliste","26":"tag-federation-francaise-de-cyclisme","27":"tag-ffc","28":"tag-flandres","29":"tag-fr","30":"tag-france","31":"tag-live","32":"tag-live-course","33":"tag-live-epreuve","34":"tag-peloton","35":"tag-radio-peloton","36":"tag-radio-tour","37":"tag-ravitaillement","38":"tag-relance","39":"tag-sports","40":"tag-uci","41":"tag-velo","42":"tag-velos"},"share_on_mastodon":{"url":"https:\/\/pubeurope.com\/@fr\/115974183573448852","error":""},"_links":{"self":[{"href":"https:\/\/www.europesays.com\/fr\/wp-json\/wp\/v2\/posts\/695595","targetHints":{"allow":["GET"]}}],"collection":[{"href":"https:\/\/www.europesays.com\/fr\/wp-json\/wp\/v2\/posts"}],"about":[{"href":"https:\/\/www.europesays.com\/fr\/wp-json\/wp\/v2\/types\/post"}],"author":[{"embeddable":true,"href":"https:\/\/www.europesays.com\/fr\/wp-json\/wp\/v2\/users\/2"}],"replies":[{"embeddable":true,"href":"https:\/\/www.europesays.com\/fr\/wp-json\/wp\/v2\/comments?post=695595"}],"version-history":[{"count":0,"href":"https:\/\/www.europesays.com\/fr\/wp-json\/wp\/v2\/posts\/695595\/revisions"}],"wp:featuredmedia":[{"embeddable":true,"href":"https:\/\/www.europesays.com\/fr\/wp-json\/wp\/v2\/media\/695596"}],"wp:attachment":[{"href":"https:\/\/www.europesays.com\/fr\/wp-json\/wp\/v2\/media?parent=695595"}],"wp:term":[{"taxonomy":"category","embeddable":true,"href":"https:\/\/www.europesays.com\/fr\/wp-json\/wp\/v2\/categories?post=695595"},{"taxonomy":"post_tag","embeddable":true,"href":"https:\/\/www.europesays.com\/fr\/wp-json\/wp\/v2\/tags?post=695595"}],"curies":[{"name":"wp","href":"https:\/\/api.w.org\/{rel}","templated":true}]}}