{"id":695605,"date":"2026-01-28T18:44:10","date_gmt":"2026-01-28T18:44:10","guid":{"rendered":"https:\/\/www.europesays.com\/fr\/695605\/"},"modified":"2026-01-28T18:44:10","modified_gmt":"2026-01-28T18:44:10","slug":"zakk-wylde-raconte-comment-il-la-ecrite-juste-apres-les-funerailles","status":"publish","type":"post","link":"https:\/\/www.europesays.com\/fr\/695605\/","title":{"rendered":"Zakk Wylde raconte comment il l\u2019a \u00e9crite juste apr\u00e8s les fun\u00e9railles"},"content":{"rendered":"<p><strong>Zakk Wylde revient sur Ozzy\u2019s Song, un morceau hommage \u00e0 <a href=\"https:\/\/www.metalzone.fr\/ozzy-osbourne\/\" target=\"_blank\" rel=\"noopener\">Ozzy Osbourne<\/a> \u00e9crit juste apr\u00e8s les fun\u00e9railles du chanteur. Ce titre conclura le prochain album de <a href=\"https:\/\/www.metalzone.fr\/black-label-society\/\" target=\"_blank\" rel=\"noopener\">Black Label Society<\/a>, Engines Of Demolition, attendu le 27 mars.<\/strong><\/p>\n<p>Un adieu charg\u00e9 d\u2019\u00e9motion<\/p>\n<p>Dans une interview accord\u00e9e \u00e0 <a href=\"https:\/\/www.loudersound.com\/bands-artists\/the-first-song-i-ever-wrote-with-ozzy-was-on-that-guitar-and-then-also-the-last-tribute-to-him-ozzy-osbournes-longest-serving-guitarist-zakk-wylde-opens-up-on-the-emotional-new-song-hes-written-in-memory-of-the-prince-of-darkness\" target=\"_blank\" rel=\"noopener\">Metal Hammer<\/a>, Zakk Wylde explique avoir \u00e9crit les paroles de Ozzy\u2019s Song d\u00e8s son retour de tourn\u00e9e : \u201cJe n\u2019aurais jamais \u00e9crit ce morceau s\u2019il n\u2019\u00e9tait pas parti. J\u2019avais la musique, mais pas encore les mots.\u201d<\/p>\n<p>Le titre a \u00e9t\u00e9 enregistr\u00e9 avec The Grail, sa c\u00e9l\u00e8bre Les Paul : \u201cLa premi\u00e8re chanson \u00e9crite avec Ozzy l\u2019a \u00e9t\u00e9 sur cette guitare. Celle-ci aussi.\u201d Le nom du morceau vient de son \u00e9pouse, qui l\u2019appelait spontan\u00e9ment \u201cla chanson d\u2019Ozzy\u201d.<\/p>\n<p>Un album et une tourn\u00e9e \u00e0 venir<\/p>\n<p>Pr\u00e9vu pour le 27 mars chez Spinefarm Records, Engines Of Demolition comptera 15 titres, dont The Gallows, Lord Humungus et Broken And Blind. Zakk Wylde d\u00e9crit Ozzy\u2019s Song comme un hommage personnel, charg\u00e9 de souvenirs. Il a r\u00e9cemment confi\u00e9 \u00e0 Guitar World : \u201cLe dernier message d\u2019Ozz, c\u2019\u00e9tait : \u2018Merci pour tout. Je t\u2019aime, mon pote.\u2019\u201d<\/p>\n<p>Black Label Society repartira en tourn\u00e9e \u00e0 partir de juin, avec des concerts annonc\u00e9s \u00e0 Paris (16 juin) et Strasbourg (22 juin), accompagn\u00e9s de <a href=\"https:\/\/www.metalzone.fr\/venom-inc\/\" target=\"_blank\" rel=\"noopener\">Venom Inc<\/a>.<\/p>\n","protected":false},"excerpt":{"rendered":"Zakk Wylde revient sur Ozzy\u2019s Song, un morceau hommage \u00e0 Ozzy Osbourne \u00e9crit juste apr\u00e8s les fun\u00e9railles du&hellip;\n","protected":false},"author":2,"featured_media":451607,"comment_status":"","ping_status":"","sticky":false,"template":"","format":"standard","meta":{"footnotes":""},"categories":[1355],"tags":[58,59,1011,27,1361,873],"class_list":{"0":"post-695605","1":"post","2":"type-post","3":"status-publish","4":"format-standard","5":"has-post-thumbnail","7":"category-musique","8":"tag-divertissement","9":"tag-entertainment","10":"tag-fr","11":"tag-france","12":"tag-music","13":"tag-musique"},"share_on_mastodon":{"url":"https:\/\/pubeurope.com\/@fr\/115974207609263981","error":""},"_links":{"self":[{"href":"https:\/\/www.europesays.com\/fr\/wp-json\/wp\/v2\/posts\/695605","targetHints":{"allow":["GET"]}}],"collection":[{"href":"https:\/\/www.europesays.com\/fr\/wp-json\/wp\/v2\/posts"}],"about":[{"href":"https:\/\/www.europesays.com\/fr\/wp-json\/wp\/v2\/types\/post"}],"author":[{"embeddable":true,"href":"https:\/\/www.europesays.com\/fr\/wp-json\/wp\/v2\/users\/2"}],"replies":[{"embeddable":true,"href":"https:\/\/www.europesays.com\/fr\/wp-json\/wp\/v2\/comments?post=695605"}],"version-history":[{"count":0,"href":"https:\/\/www.europesays.com\/fr\/wp-json\/wp\/v2\/posts\/695605\/revisions"}],"wp:featuredmedia":[{"embeddable":true,"href":"https:\/\/www.europesays.com\/fr\/wp-json\/wp\/v2\/media\/451607"}],"wp:attachment":[{"href":"https:\/\/www.europesays.com\/fr\/wp-json\/wp\/v2\/media?parent=695605"}],"wp:term":[{"taxonomy":"category","embeddable":true,"href":"https:\/\/www.europesays.com\/fr\/wp-json\/wp\/v2\/categories?post=695605"},{"taxonomy":"post_tag","embeddable":true,"href":"https:\/\/www.europesays.com\/fr\/wp-json\/wp\/v2\/tags?post=695605"}],"curies":[{"name":"wp","href":"https:\/\/api.w.org\/{rel}","templated":true}]}}