{"id":695607,"date":"2026-01-28T18:46:10","date_gmt":"2026-01-28T18:46:10","guid":{"rendered":"https:\/\/www.europesays.com\/fr\/695607\/"},"modified":"2026-01-28T18:46:10","modified_gmt":"2026-01-28T18:46:10","slug":"ce-geste-simple-a-faire-des-le-reveil-diminue-le-risque-dotite-de-30-selon-une-etude","status":"publish","type":"post","link":"https:\/\/www.europesays.com\/fr\/695607\/","title":{"rendered":"Ce geste simple \u00e0 faire d\u00e8s le r\u00e9veil diminue le risque d\u2019otite de 30% selon une \u00e9tude"},"content":{"rendered":"<p><a href=\"https:\/\/sciencepost.fr\/utiliser-smartphone-comme-reveil-pas-une-bonne-idee\/\" target=\"_blank\" rel=\"noopener\">Le r\u00e9veil sonne<\/a>, la gorge picote et une d\u00e9sagr\u00e9able sensation de lourdeur envahit la sph\u00e8re ORL : l\u2019hiver pose ses valises et menace nos oreilles. En ce 28 janvier 2026, alors que les temp\u00e9ratures restent basses, nous avons tous nos rituels matinaux pour \u00e9merger. Pourtant, il manque souvent \u00e0 l\u2019appel ce r\u00e9flexe <strong>crucial<\/strong> capable de nous \u00e9pargner bien des douleurs. Une r\u00e9cente \u00e9tude men\u00e9e en ce d\u00e9but d\u2019ann\u00e9e met en lumi\u00e8re une habitude sanitaire souvent consid\u00e9r\u00e9e comme anodine ou enfantine, mais qui s\u2019av\u00e8re redoutablement efficace pour barrer la route aux otites.<\/p>\n<p>Une d\u00e9couverte europ\u00e9enne qui bouscule nos routines matinales<\/p>\n<p>Les maux de l\u2019hiver sont souvent consid\u00e9r\u00e9s comme une fatalit\u00e9, mais les donn\u00e9es scientifiques \u00e9voluent. Une analyse statistique d\u2019ampleur, r\u00e9alis\u00e9e en Europe en ce d\u00e9but d\u2019ann\u00e9e 2026, apporte un \u00e9clairage nouveau sur la pr\u00e9vention des affections de l\u2019oreille. Les r\u00e9sultats sont sans appel : l\u2019adoption d\u2019un geste d\u2019hygi\u00e8ne pr\u00e9cis d\u00e8s le saut du lit permettrait de <strong>diminuer le risque d\u2019otite de pr\u00e8s de 30 %<\/strong> chez l\u2019adulte comme chez l\u2019enfant.<\/p>\n<p>Cette corr\u00e9lation directe entre l\u2019hygi\u00e8ne nasale au r\u00e9veil et la sant\u00e9 auditive surprend par sa simplicit\u00e9. L\u00e0 o\u00f9 l\u2019on cherche souvent des solutions m\u00e9dicamenteuses complexes, la r\u00e9ponse r\u00e9side parfois dans la m\u00e9canique naturelle du corps. Comprendre ce lien est la premi\u00e8re \u00e9tape pour reprendre le contr\u00f4le sur son bien-\u00eatre hivernal et \u00e9viter les complications douloureuses li\u00e9es \u00e0 l\u2019inflammation de l\u2019oreille moyenne.<\/p>\n<p>Pourquoi nos oreilles souffrent en silence pendant la nuit<\/p>\n<p>Pour saisir <a href=\"https:\/\/sciencepost.fr\/muscles-vestigiaux-pour-pivoter-oreilles-continuent-de-bouger\/\" target=\"_blank\" rel=\"noopener\">l\u2019importance<\/a> de ce geste matinal, il faut visualiser ce qui se passe dans notre corps lorsque nous dormons. La position allong\u00e9e, maintenue pendant plusieurs heures, favorise la <strong>stagnation des fluides et du mucus<\/strong> dans les fosses nasales et l\u2019arri\u00e8re-gorge. Contrairement \u00e0 la position debout, o\u00f9 la gravit\u00e9 aide \u00e0 l\u2019\u00e9coulement naturel, la nuit pi\u00e8ge ces s\u00e9cr\u00e9tions dans la sph\u00e8re ORL.<\/p>\n<p>Cette accumulation n\u2019est pas sans cons\u00e9quence. Elle entra\u00eene une obstruction progressive de la trompe d\u2019Eustache, ce petit canal essentiel qui relie l\u2019arri\u00e8re du nez \u00e0 l\u2019oreille moyenne. Durant le sommeil, si ce canal se bouche sous l\u2019effet du mucus stagnant, l\u2019a\u00e9ration de l\u2019oreille ne se fait plus correctement. C\u2019est ce terrain confin\u00e9 et humide qui devient le lit id\u00e9al pour le d\u00e9veloppement bact\u00e9rien ou viral au petit matin.<\/p>\n<p>Le mouchage matinal : l\u2019arme secr\u00e8te contre l\u2019accumulation de mucus<\/p>\n<p>La solution pr\u00e9conis\u00e9e par les observations r\u00e9centes est d\u2019une simplicit\u00e9 d\u00e9sarmante : <strong>se moucher d\u00e8s le r\u00e9veil<\/strong>. Ce geste m\u00e9canique permet de lib\u00e9rer imm\u00e9diatement les voies respiratoires et de soulager la pression exerc\u00e9e sur l\u2019oreille moyenne. En \u00e9vacuant le surplus de s\u00e9cr\u00e9tions accumul\u00e9 durant la nuit, on r\u00e9tablit la ventilation normale de la sph\u00e8re ORL.<\/p>\n<p>L\u2019objectif est d\u2019\u00e9vacuer les bact\u00e9ries stagnantes avant qu\u2019elles n\u2019entament leur migration vers le tympan. En effet, c\u2019est souvent au moment o\u00f9 l\u2019on se l\u00e8ve et o\u00f9 l\u2019on commence \u00e0 s\u2019activer que les s\u00e9cr\u00e9tions, si elles ne sont pas expuls\u00e9es, risquent de refluer vers les trompes d\u2019Eustache. Faire de ce nettoyage une priorit\u00e9 absolue avant m\u00eame le petit-d\u00e9jeuner coupe l\u2019herbe sous le pied aux agents pathog\u00e8nes.<\/p>\n<p>La douceur avant tout : ne pas transformer son nez en trompette<\/p>\n<p>Cependant, attention \u00e0 l\u2019exc\u00e8s de z\u00e8le. Il ne s\u2019agit pas de souffler de toutes ses forces, ce qui pourrait s\u2019av\u00e9rer contre-productif. Un mouchage violent risque de cr\u00e9er un effet de pression inverse, <strong>propulsant le mucus infect\u00e9 directement vers les oreilles<\/strong> au lieu de l\u2019expulser vers l\u2019ext\u00e9rieur. C\u2019est l\u2019erreur classique qui transforme une mesure d\u2019hygi\u00e8ne en facteur aggravant.<\/p>\n<p>Pour une efficacit\u00e9 sans danger, la technique est pr\u00e9cise : il convient de pratiquer la m\u00e9thode de la narine altern\u00e9e. Bouchez une narine, soufflez doucement par l\u2019autre, et inversez. Cette m\u00e9thode permet de contr\u00f4ler la pression et de vider les fosses nasales efficacement sans traumatiser les muqueuses ni les tympans fragiles.<\/p>\n<p>Petits et grands : une protection indispensable pour toute la famille<\/p>\n<p>Si les otites sont souvent associ\u00e9es \u00e0 l\u2019enfance, ce geste concerne tout le monde. L\u2019apprentissage ludique du mouchage correct est <strong>primordial chez les plus jeunes<\/strong>, qui sont les principales victimes des otites en raison de l\u2019anatomie de leurs trompes d\u2019Eustache, plus courtes et horizontales. Leur apprendre \u00e0 se moucher correctement d\u00e8s le saut du lit est un investissement sant\u00e9 majeur.<\/p>\n<p>Mais l\u2019impact pr\u00e9ventif est trop souvent n\u00e9glig\u00e9 chez les adultes. Face aux virus hivernaux particuli\u00e8rement virulents cet hiver 2026, nous ne sommes pas invuln\u00e9rables. Int\u00e9grer cette routine permet de limiter les sensations d\u2019oreilles bouch\u00e9es et les infections qui peuvent g\u00e2cher des journ\u00e9es de travail ou de repos. C\u2019est une protection familiale universelle.<\/p>\n<p>Au-del\u00e0 des oreilles : un bouclier global contre les infections hivernales<\/p>\n<p>L\u2019int\u00e9r\u00eat de ce r\u00e9flexe d\u00e9passe la simple pr\u00e9vention de l\u2019otite. En se mouchant au r\u00e9veil, on <strong>r\u00e9duit la charge virale globale<\/strong> de toute la sph\u00e8re ORL d\u00e8s le d\u00e9but de la journ\u00e9e. Moins de mucus charg\u00e9 de microbes dans le nez, c\u2019est aussi moins de risques que celui-ci ne descende dans la gorge ou les bronches.<\/p>\n<p>Ce geste constitue un compl\u00e9ment n\u00e9cessaire, voire un pr\u00e9alable, aux lavages de nez au s\u00e9rum physiologique. Il permet d\u2019assainir les muqueuses et de les pr\u00e9parer \u00e0 affronter les agressions ext\u00e9rieures (froid, pollution, virus) de la journ\u00e9e. C\u2019est une v\u00e9ritable remise \u00e0 z\u00e9ro des compteurs microbiens chaque matin.<\/p>\n<p>Int\u00e9grer durablement ce rituel sant\u00e9 entre le caf\u00e9 et le brossage de dents<\/p>\n<p>Il s\u2019agit d\u2019un geste de trois secondes pour pr\u00e9server sa sant\u00e9 durant la saison hivernale. Il ne demande aucun \u00e9quipement co\u00fbteux ni temps pr\u00e9cieux. Il suffit de l\u2019ins\u00e9rer dans sa routine matinale, quelque part entre la sonnerie du r\u00e9veil et la premi\u00e8re gorg\u00e9e de caf\u00e9. La <strong>r\u00e9gularit\u00e9 est la cl\u00e9 du succ\u00e8s<\/strong> : le faire une fois ne suffit pas, c\u2019est la r\u00e9p\u00e9tition quotidienne qui prot\u00e8ge.<\/p>\n<p>Pour ne jamais oublier, un conseil simple s\u2019impose : installez une bo\u00eete de mouchoirs directement sur votre table de chevet. En l\u2019ayant sous les yeux d\u00e8s l\u2019ouverture des paupi\u00e8res, le r\u00e9flexe s\u2019installera naturellement. Votre corps, et particuli\u00e8rement vos oreilles, vous remercieront de cette attention d\u00e9licate mais d\u00e9terminante.<\/p>\n<p>Prendre soin de soi passe souvent par des actions minimes mais constantes. En adoptant ce mouchage matinal doux et ma\u00eetris\u00e9, nous ajoutons une protection simple mais efficace \u00e0 notre arsenal pr\u00e9ventif. Et vous, \u00eates-vous pr\u00eat \u00e0 modifier votre tout premier geste du matin pour traverser le reste de l\u2019hiver en toute s\u00e9r\u00e9nit\u00e9 ?<\/p>\n","protected":false},"excerpt":{"rendered":"Le r\u00e9veil sonne, la gorge picote et une d\u00e9sagr\u00e9able sensation de lourdeur envahit la sph\u00e8re ORL : l\u2019hiver&hellip;\n","protected":false},"author":2,"featured_media":695608,"comment_status":"","ping_status":"","sticky":false,"template":"","format":"standard","meta":{"footnotes":""},"categories":[10],"tags":[1011,27,72,56,71],"class_list":{"0":"post-695607","1":"post","2":"type-post","3":"status-publish","4":"format-standard","5":"has-post-thumbnail","7":"category-sante","8":"tag-fr","9":"tag-france","10":"tag-health","11":"tag-push","12":"tag-sante"},"share_on_mastodon":{"url":"https:\/\/pubeurope.com\/@fr\/115974214977392623","error":""},"_links":{"self":[{"href":"https:\/\/www.europesays.com\/fr\/wp-json\/wp\/v2\/posts\/695607","targetHints":{"allow":["GET"]}}],"collection":[{"href":"https:\/\/www.europesays.com\/fr\/wp-json\/wp\/v2\/posts"}],"about":[{"href":"https:\/\/www.europesays.com\/fr\/wp-json\/wp\/v2\/types\/post"}],"author":[{"embeddable":true,"href":"https:\/\/www.europesays.com\/fr\/wp-json\/wp\/v2\/users\/2"}],"replies":[{"embeddable":true,"href":"https:\/\/www.europesays.com\/fr\/wp-json\/wp\/v2\/comments?post=695607"}],"version-history":[{"count":0,"href":"https:\/\/www.europesays.com\/fr\/wp-json\/wp\/v2\/posts\/695607\/revisions"}],"wp:featuredmedia":[{"embeddable":true,"href":"https:\/\/www.europesays.com\/fr\/wp-json\/wp\/v2\/media\/695608"}],"wp:attachment":[{"href":"https:\/\/www.europesays.com\/fr\/wp-json\/wp\/v2\/media?parent=695607"}],"wp:term":[{"taxonomy":"category","embeddable":true,"href":"https:\/\/www.europesays.com\/fr\/wp-json\/wp\/v2\/categories?post=695607"},{"taxonomy":"post_tag","embeddable":true,"href":"https:\/\/www.europesays.com\/fr\/wp-json\/wp\/v2\/tags?post=695607"}],"curies":[{"name":"wp","href":"https:\/\/api.w.org\/{rel}","templated":true}]}}