{"id":695617,"date":"2026-01-28T18:51:11","date_gmt":"2026-01-28T18:51:11","guid":{"rendered":"https:\/\/www.europesays.com\/fr\/695617\/"},"modified":"2026-01-28T18:51:11","modified_gmt":"2026-01-28T18:51:11","slug":"ladministration-trump-joue-au-pompier-sur-lice-apres-avoir-souffle-sur-les-braises-lors-de-la-mort-dalex-pretti","status":"publish","type":"post","link":"https:\/\/www.europesays.com\/fr\/695617\/","title":{"rendered":"L\u2019administration Trump joue au pompier sur l\u2019ICE, apr\u00e8s avoir souffl\u00e9 sur les braises lors de la mort d\u2019Alex Pretti"},"content":{"rendered":"<p>        <img decoding=\"async\" loading=\"lazy\" src=\"https:\/\/www.europesays.com\/fr\/wp-content\/uploads\/2026\/01\/8ab9b10_upload-1-ydu7wn742d5t-afp-20250430-43yt2wz-v1-highres-uspoliticstrump.jpg\"  width=\"728\" height=\"485\" alt=\"L\u2019administration Trump joue au pompier sur l\u2019ICE, apr\u00e8s avoir souffl\u00e9 sur les braises lors de la mort d\u2019Alex Pretti. (photo d\u2019illustration du pr\u00e9sident am\u00e9ricain aux c\u00f4t\u00e9s de son conseiller sur l\u2019immigration Stephen Miller en avril 2025)\"\/>  <\/p>\n<p>JEFF KOWALSKY \/ AFP<\/p>\n<p>L\u2019administration Trump joue au pompier sur l\u2019ICE, apr\u00e8s avoir souffl\u00e9 sur les braises lors de la mort d\u2019Alex Pretti. (photo d\u2019illustration du pr\u00e9sident am\u00e9ricain aux c\u00f4t\u00e9s de son conseiller sur l\u2019immigration Stephen Miller en avril 2025)<\/p>\n<p>      <strong>EN BREF<\/strong> <strong>\u2022 <\/strong>L\u2019administration Trump tente de calmer la situation apr\u00e8s la mort d\u2019Alex Pretti, abattu par la Border Patrol \u00e0 Minneapolis, en reconnaissant une possible faute polici\u00e8re.<br \/><strong>\u2022 <\/strong>Des tensions internes \u00e9mergent, avec des responsables se rejetant la faute pour prot\u00e9ger leur image.<br \/><strong>\u2022 <\/strong>Trump a annonc\u00e9 une \u00ab\u00a0d\u00e9sescalade\u00a0\u00bb de la politique migratoire, alors que la tension pourrait avoir un effet d\u00e9sastreux pour les r\u00e9publicains aux \u00e9lections de mi-mandat en novembre.                         <\/p>\n<p class=\"asset asset-text\">Les trumpistes cherchent \u00e0 \u00e9teindre l\u2019incendie. Le meurtre d\u2019Alex Pretti, abattu par la <a href=\"https:\/\/www.huffingtonpost.fr\/international\/article\/meurtre-d-alex-pretti-la-border-patrol-cette-autre-police-de-l-immigration-americaine-a-l-origine-du-drame_259636.html\" target=\"_blank\" rel=\"noopener\">Border Patrol<\/a> (la police aux fronti\u00e8res) <a href=\"https:\/\/www.huffingtonpost.fr\/international\/article\/a-minneapolis-la-police-americaine-de-l-immigration-tente-d-entrer-dans-le-consulat-d-equateur-et-provoque-un-incident-diplomatique_259717.html\" target=\"_blank\" rel=\"noopener\">\u00e0 Minneapolis<\/a> le samedi 24\u00a0janvier, secoue l\u2019administration am\u00e9ricaine qui a fait de la lutte contre l\u2019immigration un pilier de sa politique. Mais apr\u00e8s avoir bl\u00e2m\u00e9 la victime, comme ils l\u2019avaient fait suite \u00e0 la mort de Renee Nicole Good, les conservateurs am\u00e9ricains ont d\u00fb mettre de l\u2019eau dans leur vin.<\/p>\n<p class=\"asset asset-text\">Le r\u00e9cit selon lequel le \u00ab\u00a0terroriste\u00a0\u00bb Alex Pretti aurait voulu attaquer la police a \u00e9t\u00e9 battu en br\u00e8che par les m\u00e9dias, \u00e0 renfort de <a href=\"https:\/\/www.huffingtonpost.fr\/international\/article\/alex-pretti-etait-il-arme-quand-il-a-ete-abattu-ces-videos-sement-le-doute-jusque-dans-les-rangs-trumpistes_259613.html\" target=\"_blank\" rel=\"noopener\">vid\u00e9os accablantes<\/a> pour la Border Patrol. Une prise de parole mardi r\u00e9sume \u00e0 elle seule l\u2019ampleur du revirement trumpiste\u00a0: Stephen Miller, le tr\u00e8s radical conseiller \u00e0 l\u2019immigration de Donald Trump, a reconnu qu\u2019une faute \u00e9tait possible du c\u00f4t\u00e9 des policiers.<\/p>\n<p class=\"asset asset-text\">Dans un communiqu\u00e9 repris par la cha\u00eene <a href=\"https:\/\/edition.cnn.com\/2026\/01\/27\/politics\/stephen-miller-alex-pretti-trump\" target=\"_blank\" rel=\"noopener\" title=\"Nouvelle fen\u00eatre\">CNN<\/a> et le site <a href=\"https:\/\/www.axios.com\/2026\/01\/27\/trump-stephen-miller-massacre-minnesota-shooting\" target=\"_blank\" rel=\"noopener\" title=\"Nouvelle fen\u00eatre\">Axios<\/a>, ce trumpiste connu pour ses positions maximalistes sur l\u2019immigration cherche \u00e0 d\u00e9douaner la Maison Blanche qui \u00ab\u00a0a fourni des directives claires\u00a0\u00bb au minist\u00e8re de la S\u00e9curit\u00e9 int\u00e9rieure (DHS), dont d\u00e9pend la Border Patrol envoy\u00e9e en renfort de <a href=\"https:\/\/www.huffingtonpost.fr\/international\/article\/au-festival-de-sundance-natalie-portman-denonce-la-brutalite-de-l-ice-apres-les-evenements-dramatiques-de-ce-week-end-a-minneapolis_259615.html\" target=\"_blank\" rel=\"noopener\" title=\"Nouvelle fen\u00eatre\">l\u2019ICE (la police de l\u2019immigration)<\/a> dans le Minnesota. Ces \u00ab\u00a0effectifs suppl\u00e9mentaires (ont \u00e9t\u00e9) envoy\u00e9s dans le Minnesota pour assurer la protection des agents\u00a0\u00bb, explique Stephen Miller.<\/p>\n<p class=\"asset asset-text\">Les policiers devaient se concentrer sur l\u2019arrestation de \u00ab\u00a0criminels \u00e9trangers\u00a0\u00bb cibl\u00e9s ou contr\u00f4ler les \u00ab\u00a0perturbateurs\u00a0\u00bb venus g\u00eaner l\u2019ICE, assure le communiqu\u00e9 avant de renvoyer la faute \u00e0 la CBP, le service des douanes qui chapeaute la Border Patrol. \u00ab\u00a0Nous examinons pourquoi l\u2019\u00e9quipe de la CBP n\u2019a possiblement pas respect\u00e9 le protocole\u00a0\u00bb, souligne le conseiller qui avait pourtant d\u00e9fendu les agents samedi.\u00a0C\u2019est \u00ab\u00a0l\u2019un des virages les plus significatifs \u00e0 ce jour\u00a0\u00bb dans les rangs trumpistes, s\u2019\u00e9tonne la journaliste de CNN.<\/p>\n<p>    Les trumpistes se tirent dans les pattes    <\/p>\n<p class=\"asset asset-text\">La Maison Blanche est en fait en op\u00e9ration de sauvetage pour limiter l\u2019impact du drame de Minneapolis sur son image, \u00e0 quelques mois d\u2019\u00e9lections de mi-mandat qui pourraient s\u2019av\u00e9rer compliqu\u00e9es.<\/p>\n<p class=\"asset asset-text\">Les t\u00eates de pont de l\u2019administration Trump qui craignent d\u2019\u00eatre \u00e9clabouss\u00e9es par le scandale se tirent ainsi all\u00e8grement dans les pattes. Tr\u00e8s critiqu\u00e9e pour ses propos mensongers sur Alex Pretti, la patronne du DHS Kristi Noem a ainsi \u00ab\u00a0jet\u00e9 Stephen Miller sous les roues du bus pour sauver son poste\u00a0\u00bb, ironisait mardi le<a href=\"https:\/\/www.thedailybeast.com\/ice-barbie-kristi-noem-throws-stephen-miller-under-bus-to-save-her-job\/\" target=\"_blank\" rel=\"noopener\" title=\"Nouvelle fen\u00eatre\"> Daily Beast<\/a>. La ministre trumpiste, surnomm\u00e9e \u00ab\u00a0ICE Barbie\u00a0\u00bb, aurait d\u00e9clar\u00e9 en priv\u00e9\u00a0: \u00ab\u00a0Tout ce que j\u2019ai fait, je l\u2019ai fait sous la direction du pr\u00e9sident et de Stephen [Miller].\u00a0\u00bb<\/p>\n<p class=\"asset asset-text\">De son c\u00f4t\u00e9, le conseiller pr\u00e9sidentiel a reproch\u00e9 au DHS de Kristi Noem son \u00ab\u00a0premier communiqu\u00e9\u00a0\u00bb, prouv\u00e9 comme faux et fond\u00e9 \u00ab\u00a0sur des remont\u00e9s de terrain\u00a0\u00bb des agents de la Border Patrol \u2013 qui d\u00e9pendent eux aussi de l\u2019autorit\u00e9 de la \u00ab\u00a0ICE Barbie\u00a0\u00bb. Une strat\u00e9gie de d\u00e9fense culott\u00e9e \u00e0 en croire CNN. Des sources proches du dossier ont indiqu\u00e9 \u00e0 la cha\u00eene que ce sont des responsables de la Maison Blanche, dont Stephen Miller, qui ont demand\u00e9 \u00e0 Kristi Noem d\u2019adopter une ligne dure, quitte \u00e0 sombrer dans le mensonge.<\/p>\n<p>    Une \u00ab\u00a0d\u00e9sescalade\u00a0\u00bb de la politique migratoire\u00a0?    <\/p>\n<p class=\"asset asset-text\">Le scandale autour de la mort d\u2019Axel Pretti a d\u00e9j\u00e0 co\u00fbt\u00e9 sa place \u00e0 Greg Bovino, commandant de la Border Patrol. Il a \u00e9t\u00e9 \u00e9vinc\u00e9 par Donald Trump qui a confi\u00e9 la supervision des op\u00e9rations \u00e0 Minneapolis \u00e0 Tom Homan, <a href=\"https:\/\/www.huffingtonpost.fr\/international\/video\/le-tsar-des-frontieres-de-trump-enrage-apres-ces-conseils-d-aoc-aux-sans-papiers_246217.html\" target=\"_blank\" rel=\"noopener\">son \u00ab\u00a0tsar des fronti\u00e8res\u00a0\u00bb<\/a> charg\u00e9 de sa politique d\u2019expulsion. La Maison Blanche ni en bloc la r\u00e9trogradation de Greg Bovino, mais le pr\u00e9sident a lui-m\u00eame tenu des propos ambigus sur l\u2019homme de 55\u00a0ans.<\/p>\n<p class=\"asset asset-text\">Il \u00ab\u00a0est tr\u00e8s bon, mais c\u2019est un type plut\u00f4t excentrique\u00a0\u00bb, a jug\u00e9 <a href=\"https:\/\/www.huffingtonpost.fr\/international\/article\/a-minneapolis-donald-trump-cede-a-la-pression-avec-l-annonce-du-retrait-progressif-d-agents-federaux_259666.html\" target=\"_blank\" rel=\"noopener\">Donald Trump<\/a> dans une interview sur Fox Now mardi, <strong>que vous pouvez \u00e9couter ci-dessous<\/strong>. \u00ab\u00a0Dans certains cas, c\u2019est une bonne chose. Peut-\u00eatre que \u00e7a ne l\u2019\u00e9tait pas ici\u00a0\u00bb, a ajout\u00e9 le pr\u00e9sident am\u00e9ricain au sujet de celui qui \u00e9tait un des visages de sa politique migratoire. Le milliardaire r\u00e9publicain a aussi jou\u00e9 les pompiers en annon\u00e7ant \u00ab\u00a0un peu\u00a0\u00bb de \u00ab\u00a0d\u00e9sescalade\u00a0\u00bb dans le contr\u00f4le de l\u2019immigration dans le Minnesota.<\/p>\n<p> La lecture de ce contenu est susceptible d\u2019entra\u00eener un d\u00e9p\u00f4t de cookies de la part de l\u2019op\u00e9rateur tiers qui l\u2019h\u00e9berge. Compte-tenu des choix que vous avez exprim\u00e9s en mati\u00e8re de d\u00e9p\u00f4t de cookies, nous avons bloqu\u00e9 l\u2019affichage de ce contenu. Si vous souhaitez y acc\u00e9der, vous devez accepter la cat\u00e9gorie de cookies \u201cContenus tiers\u201d en cliquant sur le bouton ci-dessous. <\/p>\n<p> Lire la Vid\u00e9o        <\/p>\n<p class=\"asset asset-text\">Deux jours plus t\u00f4t, il s\u2019\u00e9tait voulu rassurant et mesur\u00e9 dans une interview au <a href=\"https:\/\/www.wsj.com\/politics\/policy\/trump-says-administration-is-reviewing-everything-about-minneapolis-shooting-a501f48e\" target=\"_blank\" rel=\"noopener\" title=\"Nouvelle fen\u00eatre\">Wall Street Journal<\/a>. Il avait annonc\u00e9 que son administration \u00e9tait en train de \u00ab\u00a0tout examiner\u00a0\u00bb au sujet du meurtre d\u2019Alex Pretti, qu\u2019il s\u2019\u00e9tait pourtant empress\u00e9 de d\u00e9crire samedi comme un \u00ab\u00a0tireur\u00a0\u00bb, \u00e0 rebours des vid\u00e9os prouvant que l\u2019infirmier abattu n\u2019a pas sorti son pistolet.<\/p>\n<p>    \u00ab\u00a0Trump va perdre les \u00e9lections de mi-mandat\u00a0\u00bb    <\/p>\n<p class=\"asset asset-text\">Dans son entretien au Wall Street Journal, Donald Trump avait aussi cherch\u00e9 \u00e0 pr\u00e9senter un visage plus humain et empathique \u2013 en rupture avec les attaques de son administration envers Alex Pretti. \u00ab\u00a0Je n\u2019aime pas les fusillades, je n\u2019aime pas \u00e7a\u00a0\u00bb, confiait-il alors. La porte-parole de la Maison Blanche, Karoline Leavitt, en a remis une couche lundi, essayant de \u00ab\u00a0maintenir des distances\u00a0\u00bb entre la pr\u00e9sidence et la \u00ab\u00a0vague d\u2019indignation\u00a0\u00bb, comme l\u2019a analys\u00e9 le <a href=\"https:\/\/www.nytimes.com\/2026\/01\/26\/us\/politics\/trump-minneapolis-nurse-shooting-video.html\" target=\"_blank\" rel=\"noopener\" title=\"Nouvelle fen\u00eatre\">New York Times<\/a>.<\/p>\n<p class=\"asset asset-text\">\u00ab\u00a0Personne \u00e0 la Maison Blanche, y compris le pr\u00e9sident, ne veut voir les Am\u00e9ricains bless\u00e9s ou tu\u00e9s\u00a0\u00bb, a-t-elle d\u00e9clar\u00e9. La communicante en cheffe de Donald Trump s\u2019est en outre gard\u00e9e de reprendre les \u00e9l\u00e9ments de langage agressifs utilis\u00e9s par Kristi Noem et Stephen Miller dans les heures suivant le drame. Interrog\u00e9e sur l\u2019emploi du terme \u00ab\u00a0terroriste\u00a0\u00bb, Karoline Leavitt a r\u00e9torqu\u00e9\u00a0: \u00ab\u00a0Je n\u2019ai pas entendu le pr\u00e9sident d\u00e9crire M. Pretti de cette mani\u00e8re.\u00a0\u00bb<\/p>\n<p class=\"asset asset-text\">Le revirement des trumpistes, s\u2019il est ind\u00e9niable, ne signifie pas pour autant qu\u2019ils renoncent \u00e0 leur violente politique migratoire. Si Donald Trump insiste sur son souhait de collaborer avec les d\u00e9mocrates du Minnesota pour faire face \u00e0 la crise, Karoline Leavitt les a encore accus\u00e9s lundi d\u2019\u00eatre responsables de la mort d\u2019Alex Pretti. L\u2019objectif pour la Maison Blanche est surtout de rassurer <a href=\"https:\/\/www.huffingtonpost.fr\/international\/article\/apres-les-violences-de-minneapolis-les-republicains-se-prennent-les-pieds-dans-le-tapis-sur-le-2e-amendement_259648.html\" target=\"_blank\" rel=\"noopener\">les \u00e9lus r\u00e9publicains<\/a> (et de se rassurer au passage) <a href=\"https:\/\/www.huffingtonpost.fr\/international\/article\/ce-candidat-republicain-au-poste-de-gouverneur-du-minnesota-se-retire-par-opposition-a-la-politique-de-trump_259659.html\" target=\"_blank\" rel=\"noopener\">en vue des \u00ab\u00a0midterms\u00a0\u00bb<\/a>.<\/p>\n<p class=\"asset asset-text\">Les \u00e9lections de mi-mandat pr\u00e9vues d\u00e9but novembre s\u2019annoncent compliqu\u00e9es pour le camp pr\u00e9sidentiel, dont des membres inquiets pour leur si\u00e8ge ont hauss\u00e9 le ton apr\u00e8s la mort d\u2019Alex Pretti, comme l\u2019a relev\u00e9 le <a href=\"https:\/\/www.washingtonpost.com\/politics\/2026\/01\/27\/pretti-shooting-trump-minneapolis-republicans\/\" target=\"_blank\" rel=\"noopener\" title=\"Nouvelle fen\u00eatre\">Washington Post<\/a>. Symbole de ce malaise\u00a0: la cofondatrice du mouvement des \u00ab\u00a0Latinas pour Trump\u00a0\u00bb, Ilena Garcia, est all\u00e9e jouer les oiseaux de mauvais augure mardi dans le New York Times. \u00ab\u00a0Je pense vraiment qu\u2019il [Trump] va perdre les \u00e9lections de mi-mandat \u00e0 cause de Stephen Miller\u00a0\u00bb, a-t-elle pr\u00e9dit en taclant l\u2019architecte de la politique migratoire de la Maison Blanche.<\/p>\n","protected":false},"excerpt":{"rendered":"JEFF KOWALSKY \/ AFP L\u2019administration Trump joue au pompier sur l\u2019ICE, apr\u00e8s avoir souffl\u00e9 sur les braises lors&hellip;\n","protected":false},"author":2,"featured_media":695618,"comment_status":"","ping_status":"","sticky":false,"template":"","format":"standard","meta":{"footnotes":""},"categories":[5],"tags":[11,75,73,1011,27,1061,14,12,28],"class_list":{"0":"post-695617","1":"post","2":"type-post","3":"status-publish","4":"format-standard","5":"has-post-thumbnail","7":"category-international","8":"tag-actualites","9":"tag-donald-trump","10":"tag-etats-unis","11":"tag-fr","12":"tag-france","13":"tag-immigration","14":"tag-international","15":"tag-news","16":"tag-world"},"share_on_mastodon":{"url":"https:\/\/pubeurope.com\/@fr\/115974234644044571","error":""},"_links":{"self":[{"href":"https:\/\/www.europesays.com\/fr\/wp-json\/wp\/v2\/posts\/695617","targetHints":{"allow":["GET"]}}],"collection":[{"href":"https:\/\/www.europesays.com\/fr\/wp-json\/wp\/v2\/posts"}],"about":[{"href":"https:\/\/www.europesays.com\/fr\/wp-json\/wp\/v2\/types\/post"}],"author":[{"embeddable":true,"href":"https:\/\/www.europesays.com\/fr\/wp-json\/wp\/v2\/users\/2"}],"replies":[{"embeddable":true,"href":"https:\/\/www.europesays.com\/fr\/wp-json\/wp\/v2\/comments?post=695617"}],"version-history":[{"count":0,"href":"https:\/\/www.europesays.com\/fr\/wp-json\/wp\/v2\/posts\/695617\/revisions"}],"wp:featuredmedia":[{"embeddable":true,"href":"https:\/\/www.europesays.com\/fr\/wp-json\/wp\/v2\/media\/695618"}],"wp:attachment":[{"href":"https:\/\/www.europesays.com\/fr\/wp-json\/wp\/v2\/media?parent=695617"}],"wp:term":[{"taxonomy":"category","embeddable":true,"href":"https:\/\/www.europesays.com\/fr\/wp-json\/wp\/v2\/categories?post=695617"},{"taxonomy":"post_tag","embeddable":true,"href":"https:\/\/www.europesays.com\/fr\/wp-json\/wp\/v2\/tags?post=695617"}],"curies":[{"name":"wp","href":"https:\/\/api.w.org\/{rel}","templated":true}]}}