{"id":695619,"date":"2026-01-28T18:52:10","date_gmt":"2026-01-28T18:52:10","guid":{"rendered":"https:\/\/www.europesays.com\/fr\/695619\/"},"modified":"2026-01-28T18:52:10","modified_gmt":"2026-01-28T18:52:10","slug":"inquietudes-autour-de-la-verification-de-lage-sur-les-reseaux-sociaux","status":"publish","type":"post","link":"https:\/\/www.europesays.com\/fr\/695619\/","title":{"rendered":"inqui\u00e9tudes autour de la v\u00e9rification de l\u2019\u00e2ge sur les r\u00e9seaux sociaux"},"content":{"rendered":"<p>\n    <strong>D\u00c9CRYPTAGE<\/strong> &#8211; Interdire l\u2019acc\u00e8s aux moins de 15 ans suppose de contr\u00f4ler tous les utilisateurs. Plusieurs acteurs s\u2019inqui\u00e8tent de devoir communiquer leurs donn\u00e9es personnelles \u00e0 l\u2019\u00c9tat. Le gouvernement promet que toute solution respectera le droit europ\u00e9en, et qu\u2019aucune ne sera impos\u00e9e aux plateformes.<\/p>\n<p class=\"fig-paragraph\">Le probl\u00e8me s\u2019\u00e9tait d\u00e9j\u00e0 pos\u00e9 au printemps 2024 au moment de r\u00e9guler l\u2019acc\u00e8s aux\u00a0<a href=\"http:\/\/www.lefigaro.fr\/medias\/sites-pornographiques-l-arcom-met-cinq-plateformes-en-demeure-de-verifier-l-age-des-utilisateurs-20250804\" data-fig-type=\"NewsFlash\" data-gtm-custom-categorie=\"navigation\" data-gtm-custom-action=\"crossclick\" data-gtm-custom-label=\"Contextuel\" data-gtm-event=\"customEventSPE\" data-fig-domain=\"LEFIGARO\" target=\"_blank\" rel=\"noopener\">sites pornographiques<\/a>. Le voil\u00e0 plus que jamais de retour, cette fois \u00e0 propos des r\u00e9seaux sociaux. De vives inqui\u00e9tudes \u00e9mergent en effet des milieux politiques et \u00e9conomiques depuis lundi soir, apr\u00e8s l\u2019adoption par l\u2019Assembl\u00e9e nationale d\u2019une proposition de loi port\u00e9e par la d\u00e9put\u00e9e macroniste Laure Miller, visant \u00e0 interdire l\u2019acc\u00e8s aux r\u00e9seaux sociaux aux moins de 15 ans. Et pour cause, interdire les r\u00e9seaux sociaux aux enfants suppose de contr\u00f4ler l\u2019\u00e2ge de tout le monde, et donc des adultes. Or, comment assurer ce contr\u00f4le sans porter atteinte aux libert\u00e9s et droits fondamentaux des internautes\u00a0?<\/p>\n<p class=\"fig-paragraph\">\u00abC\u2019est le doigt dans un engrenage de surveillance des r\u00e9seaux sociaux par l\u2019\u00c9tat. [&#8230;] Tout le monde sera fich\u00e9 au nom de la protection de l\u2019enfance\u00bb, a notamment alert\u00e9 sur son compte X la d\u00e9put\u00e9e europ\u00e9enne\u00a0<a href=\"http:\/\/www.lefigaro.fr\/politique\/selfie-dans-l-avion-plus-rien-ne-m-etonne-de-la-part-des-socialistes-s-indigne-sarah-knafo-20260126\" data-fig-type=\"NewsFlash\" data-gtm-custom-categorie=\"navigation\" data-gtm-custom-action=\"crossclick\" data-gtm-custom-label=\"Contextuel\" data-gtm-event=\"customEventSPE\" data-fig-domain=\"LEFIGARO\" target=\"_blank\" rel=\"noopener\">Sarah Knafo<\/a>, candidate Reconqu\u00eate aux municipales \u00e0 Paris. Une position partag\u00e9e par&#8230; les Insoumis\u2026<\/p>\n<p class=\"fig-premium-paywall__infos\">\n        Cet article est r\u00e9serv\u00e9 aux abonn\u00e9s.        Il vous reste 84% \u00e0 d\u00e9couvrir.\n    <\/p>\n<p>                <img  data- alt=\"Le Figaro\" class=\"fig-img--complete fig-img\"\/><\/p>\n<p class=\"fig-premium-paywall__title\">Vente Flash<\/p>\n<p class=\"fig-premium-paywall__subtitle\">6,49\u20ac par mois pendant 12 mois<\/p>\n<p class=\"fig-premium-paywall__connect\">\n                D\u00e9j\u00e0 abonn\u00e9\u00a0?                <a class=\"fig-premium-paywall__connect-link\" href=\"https:\/\/connect.lefigaro.fr\/login?client=horizon_web&amp;type=main&amp;redirect_uri=https%3A%2F%2Fwww.lefigaro.fr%2Fsecteur%2Fhigh-tech%2Fun-flicage-de-tous-les-francais-inquietudes-autour-de-la-verification-de-l-age-sur-les-reseaux-sociaux-20260128\" data-js-gtm=\"{&quot;customCategorie&quot;: &quot;conversion&quot;, &quot;customAction&quot;: &quot;before_Landing_Connexion_paywall_auto&quot;, &quot;customLabel&quot;: &quot;bGVmaWdhcm8uZnJfXzFmMGZjNDQ0LTBlODQtNjczNC1hZTg0LTkzNjg3MzVhMDQzN19fQXJ0aWNsZQ==_\u00abUn flicage de tous les Fran\u00e7ais\u00bb: inqui\u00e9tudes autour de la v\u00e9rification de l\u2019\u00e2ge sur les r\u00e9seaux sociaux_306&quot;, &quot;customIDSPE&quot;: &quot;bGVmaWdhcm8uZnJfXzFmMGZjNDQ0LTBlODQtNjczNC1hZTg0LTkzNjg3MzVhMDQzN19fQXJ0aWNsZQ==&quot;, &quot;event&quot;: &quot;customEventSPE&quot;}\" target=\"_blank\" rel=\"noopener\"><br \/>\n                    Connectez-vous<br \/>\n                <\/a>\n            <\/p>\n","protected":false},"excerpt":{"rendered":"D\u00c9CRYPTAGE &#8211; Interdire l\u2019acc\u00e8s aux moins de 15 ans suppose de contr\u00f4ler tous les utilisateurs. Plusieurs acteurs s\u2019inqui\u00e8tent&hellip;\n","protected":false},"author":2,"featured_media":695620,"comment_status":"","ping_status":"","sticky":false,"template":"","format":"standard","meta":{"footnotes":""},"categories":[4],"tags":[11,1011,27,6636,12,25,938],"class_list":{"0":"post-695619","1":"post","2":"type-post","3":"status-publish","4":"format-standard","5":"has-post-thumbnail","7":"category-france","8":"tag-actualites","9":"tag-fr","10":"tag-france","11":"tag-mineurs","12":"tag-news","13":"tag-republique-francaise","14":"tag-reseaux-sociaux"},"share_on_mastodon":{"url":"","error":""},"_links":{"self":[{"href":"https:\/\/www.europesays.com\/fr\/wp-json\/wp\/v2\/posts\/695619","targetHints":{"allow":["GET"]}}],"collection":[{"href":"https:\/\/www.europesays.com\/fr\/wp-json\/wp\/v2\/posts"}],"about":[{"href":"https:\/\/www.europesays.com\/fr\/wp-json\/wp\/v2\/types\/post"}],"author":[{"embeddable":true,"href":"https:\/\/www.europesays.com\/fr\/wp-json\/wp\/v2\/users\/2"}],"replies":[{"embeddable":true,"href":"https:\/\/www.europesays.com\/fr\/wp-json\/wp\/v2\/comments?post=695619"}],"version-history":[{"count":0,"href":"https:\/\/www.europesays.com\/fr\/wp-json\/wp\/v2\/posts\/695619\/revisions"}],"wp:featuredmedia":[{"embeddable":true,"href":"https:\/\/www.europesays.com\/fr\/wp-json\/wp\/v2\/media\/695620"}],"wp:attachment":[{"href":"https:\/\/www.europesays.com\/fr\/wp-json\/wp\/v2\/media?parent=695619"}],"wp:term":[{"taxonomy":"category","embeddable":true,"href":"https:\/\/www.europesays.com\/fr\/wp-json\/wp\/v2\/categories?post=695619"},{"taxonomy":"post_tag","embeddable":true,"href":"https:\/\/www.europesays.com\/fr\/wp-json\/wp\/v2\/tags?post=695619"}],"curies":[{"name":"wp","href":"https:\/\/api.w.org\/{rel}","templated":true}]}}