{"id":695625,"date":"2026-01-28T18:55:15","date_gmt":"2026-01-28T18:55:15","guid":{"rendered":"https:\/\/www.europesays.com\/fr\/695625\/"},"modified":"2026-01-28T18:55:15","modified_gmt":"2026-01-28T18:55:15","slug":"ligue-2-eirik-horneland-va-quitter-lasse","status":"publish","type":"post","link":"https:\/\/www.europesays.com\/fr\/695625\/","title":{"rendered":"Ligue 2 : Eirik Horneland va quitter l&rsquo;ASSE"},"content":{"rendered":"<p>Un peu plus d&rsquo;un an apr\u00e8s, Eirik Horneland et l&rsquo;ASSE, c&rsquo;est fini. Le coach norv\u00e9gien a annonc\u00e9 \u00e0 ses joueurs que le match contre Boulogne-sur-Mer ce week-end sera son dernier \u00e0 la t\u00eate de l&rsquo;\u00e9quipe.<\/p>\n<p>L&rsquo;aventure entre l&rsquo;<b>ASSE<\/b> et <b>Eirik Horneland<\/b> est presque termin\u00e9e. L&rsquo;entra\u00eeneur norv\u00e9gien va quitter ses fonctions dans quelques jours. Il a annonc\u00e9 la nouvelle aux joueurs ce mercredi 28 janvier.<\/p>\n<p>Il dirigera son dernier match avec la r\u00e9ception de <b>Boulogne-sur-Mer<\/b>, samedi soir (20h), pour la 21e journ\u00e9e de Ligue 2.<\/p>\n<p><a class=\"url\" href=\"https:\/\/www.radioscoop.com\/sport\/reims-asse-1-0-les-verts-se-privent-du-podium-et-peuvent-s-en-mordre-les-doigts_347343\" target=\"_blank\" rel=\"noopener\">La d\u00e9faite contre Reims<\/a> (0-1) le week-end dernier et la 5e place actuellement occup\u00e9e par les Verts auront sans doute \u00e9t\u00e9 fatales au technicien arriv\u00e9 en d\u00e9cembre 2024.<\/p>\n<p>Deux entra\u00eeneurs pist\u00e9s par l&rsquo;ASSE<\/p>\n<p>Selon plusieurs m\u00e9dias, l&rsquo;ASSE planche sur sa succession. Deux noms sont cibl\u00e9s par la direction : <b>Franck Haise<\/b>, ancien entra\u00eeneur de Lens et de Nice, et <b>Philippe Montanier<\/b>.\u00a0<\/p>\n<p>L&rsquo;objectif du prochain coach est clair : faire remonter Saint-\u00c9tienne en Ligue 1 \u00e0 la fin de la saison.<\/p>\n<p><img loading=\"lazy\" decoding=\"async\" src=\"https:\/\/www.europesays.com\/fr\/wp-content\/uploads\/2026\/01\/1769626515_404_img.png\" width=\"350\" height=\"200\" border=\"0\" title=\"Le d\u00c3\u00a9fenseur congolais Dylan Batubinsika\"\/><\/p>\n<p>\u25baFootball<\/p>\n<p style=\"font-size: 22px;\"><b>ASSE : Dylan Batubinsika quitte Saint-\u00c9tienne pour la Gr\u00e8ce<\/b><\/p>\n<p>Apr\u00e8s deux saisons et demi pass\u00e9es \u00e0 Saint-\u00c9tienne,&#8230;<\/p>\n<p><\/p>\n","protected":false},"excerpt":{"rendered":"Un peu plus d&rsquo;un an apr\u00e8s, Eirik Horneland et l&rsquo;ASSE, c&rsquo;est fini. Le coach norv\u00e9gien a annonc\u00e9 \u00e0&hellip;\n","protected":false},"author":2,"featured_media":537805,"comment_status":"","ping_status":"","sticky":false,"template":"","format":"standard","meta":{"footnotes":""},"categories":[9653],"tags":[1111,11,461,2430,1777,674,1011,27,79101,446,12,25,9920,4001],"class_list":{"0":"post-695625","1":"post","2":"type-post","3":"status-publish","4":"format-standard","5":"has-post-thumbnail","7":"category-saint-etienne","8":"tag-actu","9":"tag-actualites","10":"tag-asse","11":"tag-auvergne-rhone-alpes","12":"tag-eu","13":"tag-europe","14":"tag-fr","15":"tag-france","16":"tag-horneland","17":"tag-ligue-2","18":"tag-news","19":"tag-republique-francaise","20":"tag-saint-tienne","21":"tag-saint-etienne"},"share_on_mastodon":{"url":"https:\/\/pubeurope.com\/@fr\/115974250513089670","error":""},"_links":{"self":[{"href":"https:\/\/www.europesays.com\/fr\/wp-json\/wp\/v2\/posts\/695625","targetHints":{"allow":["GET"]}}],"collection":[{"href":"https:\/\/www.europesays.com\/fr\/wp-json\/wp\/v2\/posts"}],"about":[{"href":"https:\/\/www.europesays.com\/fr\/wp-json\/wp\/v2\/types\/post"}],"author":[{"embeddable":true,"href":"https:\/\/www.europesays.com\/fr\/wp-json\/wp\/v2\/users\/2"}],"replies":[{"embeddable":true,"href":"https:\/\/www.europesays.com\/fr\/wp-json\/wp\/v2\/comments?post=695625"}],"version-history":[{"count":0,"href":"https:\/\/www.europesays.com\/fr\/wp-json\/wp\/v2\/posts\/695625\/revisions"}],"wp:featuredmedia":[{"embeddable":true,"href":"https:\/\/www.europesays.com\/fr\/wp-json\/wp\/v2\/media\/537805"}],"wp:attachment":[{"href":"https:\/\/www.europesays.com\/fr\/wp-json\/wp\/v2\/media?parent=695625"}],"wp:term":[{"taxonomy":"category","embeddable":true,"href":"https:\/\/www.europesays.com\/fr\/wp-json\/wp\/v2\/categories?post=695625"},{"taxonomy":"post_tag","embeddable":true,"href":"https:\/\/www.europesays.com\/fr\/wp-json\/wp\/v2\/tags?post=695625"}],"curies":[{"name":"wp","href":"https:\/\/api.w.org\/{rel}","templated":true}]}}