{"id":695637,"date":"2026-01-28T19:03:09","date_gmt":"2026-01-28T19:03:09","guid":{"rendered":"https:\/\/www.europesays.com\/fr\/695637\/"},"modified":"2026-01-28T19:03:09","modified_gmt":"2026-01-28T19:03:09","slug":"le-rassemblement-national-est-il-soutenu-par-des-membres-des-republicains","status":"publish","type":"post","link":"https:\/\/www.europesays.com\/fr\/695637\/","title":{"rendered":"le Rassemblement National est-il soutenu par des membres des R\u00e9publicains\u00a0?"},"content":{"rendered":"<p>                    Par<br \/>\n        <strong><br \/>\n            <a href=\"https:\/\/actu.fr\/auteur\/yann-rivallan\" title=\"Consulter tous les articles de Yann Rivallan\" target=\"_blank\" rel=\"noopener\">Yann Rivallan<\/a><br \/>\n                    <\/strong><\/p>\n<p>        Publi\u00e9 le<\/p>\n<p>            28 janv. 2026 \u00e0 19h12        <\/p>\n<p>Ce n\u2019est un secret pour personne. La campagne du <a href=\"https:\/\/actu.fr\/normandie\/rouen_76540\/municipales-2026-a-rouen-gregoire-houdan-candidat-du-rn-veut-mettre-fin-au-regne-des-socialistes_63506912.html\" target=\"_blank\" rel=\"noopener\">Rassemblement National<\/a> et de l\u2019Union des Droites pour la R\u00e9publique pour les <strong>\u00e9lections municipales de 2026<\/strong> \u00e0 <strong>Rouen<\/strong> se fera avec d\u2019anciens membres Les R\u00e9publicains. En premi\u00e8re ligne aux c\u00f4t\u00e9s de Gr\u00e9goire Houdan\u2009: <strong>Marie Berrub\u00e9<\/strong>, devenue responsable UDR de la Seine-Maritime et <strong>Pierre-Antoine Sprimont<\/strong>. Mais une r\u00e9cente <a href=\"https:\/\/www.facebook.com\/gregiiii\/photos\/la-liste-que-je-conduirai-sera-constitu%C3%A9e-d%C3%A9lus-exp%C3%A9riment%C3%A9s-du-rassemblement-na\/2415347465587860\/\" target=\"_blank\" rel=\"noopener\">publication du candidat<\/a> sur les r\u00e9seaux sociaux laisse entendre qu\u2019il serait soutenu par d\u2019autres membres des R\u00e9publicains. Ce que les repr\u00e9sentants du parti localement se sont <strong>empress\u00e9s de nier<\/strong> dans un communiqu\u00e9.<\/p>\n<p>Les R\u00e9publicains d\u00e9mentent tout soutien au Rassemblement National<\/p>\n<p class=\" wall-content\">Dans ce document publi\u00e9 sur les r\u00e9seaux sociaux, Les R\u00e9publicains de Seine-Maritime entendent exercer \u00ab\u2009leur droit de r\u00e9ponse et <strong>d\u00e9mentent formellement<\/strong> les propos tenus par Gr\u00e9goire Houdan\u2009\u00bb. D\u2019apr\u00e8s eux, le candidat du Rassemblement National affirme b\u00e9n\u00e9ficier du soutien de plusieurs \u00e9lus R\u00e9publicains, or ce ne serait pas le cas.<\/p>\n<blockquote class=\"ac-article-quote wall-content\">\n<p>Son acolyte, Pierre-Antoine Sprimont, se pr\u00e9sente comme membre des R\u00e9publicains,<br \/>\nce qui est totalement faux.<\/p>\n<p>    <strong>Les R\u00e9publicains de la Seine-Maritime<\/strong><br \/>\n        Dans un communiqu\u00e9 de presse    <\/p><\/blockquote>\n<p class=\" wall-content\">\u00c0 leurs yeux, le conseiller municipal d\u2019opposition ne peut pas \u00ab\u2009se r\u00e9clamer des R\u00e9publicains, n\u2019\u00e9tant plus adh\u00e9rent au parti depuis 2023\u2009\u00bb. Concernant Marie Berrub\u00e9, ils assurent qu\u2019elle a \u00e9t\u00e9 <strong>exclue du mouvement<\/strong> \u00ab\u2009il y a plusieurs mois \u00e0 la suite de son adh\u00e9sion \u00e0 l\u2019UDR\u2009\u00bb.<\/p>\n<p class=\" wall-content\">Avec ce communiqu\u00e9, les R\u00e9publicains entendent r\u00e9affirmer \u00ab\u2009leur soutien plein et entier \u00e0 Marine Caron\u2009\u00bb, <a href=\"https:\/\/actu.fr\/normandie\/rouen_76540\/stationnement-eclairage-public-sante-a-rouen-marine-caron-devoile-son-programme-pour-les-municipales_63744341.html\" target=\"_blank\" rel=\"noopener\">la candidate de la droite et du centre<\/a> soutenue \u00e9galement par les partis Horizons et Renaissance.<\/p>\n<p>\u00ab\u2009Nous avons le soutien de nombreux militants\u2009\u00bb<\/p>\n<p class=\" wall-content\">Mais les deux int\u00e9ress\u00e9s cit\u00e9s par ce communiqu\u00e9 ne l\u2019entendent pas de cette oreille. Contact\u00e9s par 76actu, Marie Berrub\u00e9 et Pierre-Antoine Sprimont l\u2019assurent\u2009: \u00ab\u2009Nous avons le soutien de <strong>nombreux militants LR<\/strong> et surtout le vote des sympathisants LR.\u2009\u00bb Marie Berrub\u00e9 explique d\u2019ailleurs que le communiqu\u00e9 de presse des LR locaux est \u00ab\u2009mensonger\u2009\u00bb en ce qui la concerne.<\/p>\n<blockquote class=\"ac-article-quote wall-content\">\n<p>Je n\u2019ai pas \u00e9t\u00e9 exclue pour mon ralliement \u00e0 \u00c9ric Ciotti. Je n\u2019\u00e9tais plus \u00e0 jour de cotisation depuis bien longtemps parce que j\u2019ai \u00e9t\u00e9 \u00e9c\u0153ur\u00e9e des compromissions de ceux-ci avec les partis de la majorit\u00e9 pr\u00e9sidentielle.<\/p>\n<p>    <strong>Marie Berrub\u00e9<\/strong><br \/>\n        Conseill\u00e8re municipale d&rsquo;opposition et repr\u00e9sentante UDR en Seine-Maritime    <\/p><\/blockquote>\n<p class=\" wall-content\">Pierre-Antoine Sprimont ajoute que \u00ab\u2009beaucoup d\u2019anciens adh\u00e9rents des R\u00e9publicains participent \u00e0 [leur] projet. Les alliances \u00e0 Rouen avec le parti de Macron, ainsi que les renoncements lors des votes locaux, ont fait partir la grande majorit\u00e9 des militants\u2009\u00bb.<\/p>\n<p>Votre r\u00e9gion, votre actu !<\/p>\n<p>Recevez chaque jour les infos qui comptent pour vous.<\/p>\n<p>\t<a href=\"https:\/\/actu.fr\/newsletter\" class=\"ac-btn ac-btn--corner ac-btn--medium ac-btn--blue800\" target=\"_blank\" rel=\"noopener\">S&rsquo;incrire<\/a><\/p>\n<p class=\" wall-content\">Marie Berrub\u00e9 estime que cette frange des R\u00e9publicains rouennais a eu \u00ab\u2009la clairvoyance de quitter ce mouvement moribond devenu <strong>la b\u00e9quille de Macron\u2009\u00bb<\/strong>.<\/p>\n<p class=\" wall-content\">Une position qui d\u00e9tonne avec celle que les deux \u00e9lus avaient adopt\u00e9e en 2020. \u00c0 l\u2019\u00e9poque, lors du second tour des \u00e9lections municipales, la t\u00eate de liste de la droite Jean-Fran\u00e7ois Bures avait <a href=\"https:\/\/actu.fr\/normandie\/rouen_76540\/jean-francois-bures-devoile-sa-liste-pour-le-second-tour-des-elections-municipales-a-rouen_34047139.html\" target=\"_blank\" rel=\"noopener\">fusionn\u00e9 sa liste<\/a> avec celle de Marine Caron. Pierre-Antoine Sprimont et Marie Berrub\u00e9 y figuraient.<\/p>\n<p>\u00ab\u2009Je reste fid\u00e8le \u00e0 mes convictions\u2009\u00bb<\/p>\n<p class=\" wall-content\">Mais la diff\u00e9rence aujourd\u2019hui se trouve vraisemblablement du c\u00f4t\u00e9 des soutiens de Marine Caron. Selon Marie Berrub\u00e9, la t\u00eate de liste propose \u00ab\u2009un rassemblement du centre gauche \u00e0 la droite sans conviction en passant par le ventre mou centriste\u2009\u00bb. Impossible pour elle de se retrouver dans cette liste d\u2019union.<\/p>\n<blockquote class=\"ac-article-quote wall-content\">\n<p>Certains changent d\u2019id\u00e9es pour rester fid\u00e8les \u00e0 leur parti. D\u2019autres changent de parti pour rester fid\u00e8les \u00e0 leurs id\u00e9es. Moi, je reste fid\u00e8le \u00e0 mes convictions.<\/p>\n<p>    <strong>Pierre-Antoine Sprimont<\/strong><br \/>\n        Conseiller d&rsquo;opposition et colistier de Gr\u00e9goire Houdan    <\/p><\/blockquote>\n<p class=\" wall-content\">Parmi les anciens ou actuels adh\u00e9rents des R\u00e9publicains qui soutiendraient la liste de Gr\u00e9goire Houdan, Pierre-Antoine Sprimont cite en exemple l\u2019ancien d\u00e9l\u00e9gu\u00e9 \u00ab\u2009Les R\u00e9publicains\u2009\u00bb de la 3\u1d49 circonscription (Rouen Rive Gauche). Concernant les autres, <strong>pas de noms pour le moment<\/strong>. \u00ab\u2009Vous les retrouverez sur la liste Rouen Conqu\u00e9rante\u2009\u00bb, promet le conseiller municipal d\u2019opposition.<\/p>\n<p>Une \u00ab\u2009suite logique\u2009\u00bb pour les deux conseillers municipaux<\/p>\n<p class=\" wall-content\">Pour les deux colistiers de Gr\u00e9goire Houdan, ce ralliement est en tout cas <strong>une \u00ab\u2009suite logique\u2009\u00bb<\/strong>. Marie Berrub\u00e9 se dit convaincue \u00ab\u2009que l\u2019union des droites est le seul chemin possible pour nos familles politiques\u2009\u00bb.<\/p>\n<p class=\" wall-content\">Pierre-Antoine Sprimont, conseiller municipal exp\u00e9riment\u00e9, veut \u00ab\u2009faire de Rouen la ville la plus s\u00fbre de France\u2009\u00bb. Et depuis six ans, avec Gr\u00e9goire Houdan \u2014 lui-m\u00eame ancien cadre des R\u00e9publicains \u2014, \u00ab\u2009nous \u0153uvrons \u00e0 rassembler les sympathisants de droite, quelles que soient leurs \u00e9tiquettes politiques, afin de r\u00e9pondre aux attentes des Rouennais\u2009\u00bb, affirme-t-il.<\/p>\n<p>Suivez l\u2019actualit\u00e9 de Rouen sur <a href=\"https:\/\/www.whatsapp.com\/channel\/0029VaKfnf99hXF2ddApFB1D\" target=\"_blank\" rel=\"noopener\">notre cha\u00eene WhatsApp<\/a> et sur <a href=\"https:\/\/www.tiktok.com\/@76actu.fr?lang=fr\" target=\"_blank\" rel=\"noopener\">notre compte TikTok<\/a><\/p>\n<p class=\" wall-content\">Personnalisez votre actualit\u00e9 en ajoutant vos villes et m\u00e9dias en favori avec <a href=\"https:\/\/moncompte.actu.fr\" title=\"D\u00e9couvez Mon Actu\" rel=\"nofollow noopener\" data-trk=\"{&quot;cta&quot;:{&quot;action&quot;:&quot;https:\\\/\\\/moncompte.actu.fr&quot;,&quot;category&quot;:&quot;mon compte&quot;,&quot;from&quot;:&quot;article footer&quot;,&quot;name&quot;:&quot;Mon actu&quot;,&quot;type&quot;:&quot;cta&quot;}}\" target=\"_blank\">Mon Actu<\/a>.<\/p>\n<p>                    <script async src=\"\/\/www.tiktok.com\/embed.js\"><\/script><\/p>\n","protected":false},"excerpt":{"rendered":"Par Yann Rivallan Publi\u00e9 le 28 janv. 2026 \u00e0 19h12 Ce n\u2019est un secret pour personne. La campagne&hellip;\n","protected":false},"author":2,"featured_media":695638,"comment_status":"","ping_status":"","sticky":false,"template":"","format":"standard","meta":{"footnotes":""},"categories":[9587],"tags":[1111,11,4188,1777,674,1011,27,8335,3434,12,5161,316,2556,25,9590],"class_list":{"0":"post-695637","1":"post","2":"type-post","3":"status-publish","4":"format-standard","5":"has-post-thumbnail","7":"category-rouen","8":"tag-actu","9":"tag-actualites","10":"tag-elections-municipales","11":"tag-eu","12":"tag-europe","13":"tag-fr","14":"tag-france","15":"tag-les-republicains-lr","16":"tag-municipales-2026","17":"tag-news","18":"tag-normandie","19":"tag-politique","20":"tag-rassemblement-national-rn","21":"tag-republique-francaise","22":"tag-rouen"},"share_on_mastodon":{"url":"https:\/\/pubeurope.com\/@fr\/115974281880839720","error":""},"_links":{"self":[{"href":"https:\/\/www.europesays.com\/fr\/wp-json\/wp\/v2\/posts\/695637","targetHints":{"allow":["GET"]}}],"collection":[{"href":"https:\/\/www.europesays.com\/fr\/wp-json\/wp\/v2\/posts"}],"about":[{"href":"https:\/\/www.europesays.com\/fr\/wp-json\/wp\/v2\/types\/post"}],"author":[{"embeddable":true,"href":"https:\/\/www.europesays.com\/fr\/wp-json\/wp\/v2\/users\/2"}],"replies":[{"embeddable":true,"href":"https:\/\/www.europesays.com\/fr\/wp-json\/wp\/v2\/comments?post=695637"}],"version-history":[{"count":0,"href":"https:\/\/www.europesays.com\/fr\/wp-json\/wp\/v2\/posts\/695637\/revisions"}],"wp:featuredmedia":[{"embeddable":true,"href":"https:\/\/www.europesays.com\/fr\/wp-json\/wp\/v2\/media\/695638"}],"wp:attachment":[{"href":"https:\/\/www.europesays.com\/fr\/wp-json\/wp\/v2\/media?parent=695637"}],"wp:term":[{"taxonomy":"category","embeddable":true,"href":"https:\/\/www.europesays.com\/fr\/wp-json\/wp\/v2\/categories?post=695637"},{"taxonomy":"post_tag","embeddable":true,"href":"https:\/\/www.europesays.com\/fr\/wp-json\/wp\/v2\/tags?post=695637"}],"curies":[{"name":"wp","href":"https:\/\/api.w.org\/{rel}","templated":true}]}}