{"id":695645,"date":"2026-01-28T19:08:10","date_gmt":"2026-01-28T19:08:10","guid":{"rendered":"https:\/\/www.europesays.com\/fr\/695645\/"},"modified":"2026-01-28T19:08:10","modified_gmt":"2026-01-28T19:08:10","slug":"un-camion-perd-son-chargement-de-ble-sur-cet-axe-routier-les-bouchons-se-forment","status":"publish","type":"post","link":"https:\/\/www.europesays.com\/fr\/695645\/","title":{"rendered":"un camion perd son chargement de bl\u00e9 sur cet axe routier, les bouchons se forment"},"content":{"rendered":"<p>                    Par<br \/>\n        <strong><br \/>\n            <a href=\"https:\/\/actu.fr\/auteur\/laurene-fertin\" title=\"Consulter tous les articles de Laur\u00e8ne Fertin\" target=\"_blank\" rel=\"noopener\">Laur\u00e8ne Fertin<\/a><br \/>\n                    <\/strong><\/p>\n<p>        Publi\u00e9 le<\/p>\n<p>            28 janv. 2026 \u00e0 17h27        <\/p>\n<p>Ce mercredi 28\u00a0janvier 2026, sur la <strong>N12<\/strong> dans le sens Paris \u2013 Brest (sens est \u2013 ouest), la <strong>circulation<\/strong> est <strong>perturb\u00e9e.<\/strong><\/p>\n<p class=\" wall-content\">Selon Bison Fut\u00e9,<strong> 3\u00a0km de bouchons<\/strong> sont constat\u00e9s \u00e0 hauteur de la commune de <strong>Pac\u00e9,<\/strong> pr\u00e8s de Rennes (Ille-et-Vilaine).<\/p>\n<p class=\" wall-content\">Du <strong>bl\u00e9,<\/strong> en chargement sur un camion, s\u2019est en effet <strong>d\u00e9vers\u00e9<\/strong> sur la chauss\u00e9e. <strong>Une r\u00e9duction du nombre de voies<\/strong> est appliqu\u00e9e \u00e0 tous les v\u00e9hicules.<\/p>\n<p class=\" wall-content\">Personnalisez votre actualit\u00e9 en ajoutant vos villes et m\u00e9dias en favori avec <a href=\"https:\/\/moncompte.actu.fr\" title=\"D\u00e9couvez Mon Actu\" rel=\"nofollow noopener\" data-trk=\"{&quot;cta&quot;:{&quot;action&quot;:&quot;https:\\\/\\\/moncompte.actu.fr&quot;,&quot;category&quot;:&quot;mon compte&quot;,&quot;from&quot;:&quot;article footer&quot;,&quot;name&quot;:&quot;Mon actu&quot;,&quot;type&quot;:&quot;cta&quot;}}\" target=\"_blank\">Mon Actu<\/a>.<\/p>\n","protected":false},"excerpt":{"rendered":"Par Laur\u00e8ne Fertin Publi\u00e9 le 28 janv. 2026 \u00e0 17h27 Ce mercredi 28\u00a0janvier 2026, sur la N12 dans&hellip;\n","protected":false},"author":2,"featured_media":695646,"comment_status":"","ping_status":"","sticky":false,"template":"","format":"standard","meta":{"footnotes":""},"categories":[2821],"tags":[1111,11,829,3542,1777,674,1011,27,803,12,584,25,104],"class_list":{"0":"post-695645","1":"post","2":"type-post","3":"status-publish","4":"format-standard","5":"has-post-thumbnail","7":"category-rennes","8":"tag-actu","9":"tag-actualites","10":"tag-bretagne","11":"tag-circulation","12":"tag-eu","13":"tag-europe","14":"tag-fr","15":"tag-france","16":"tag-info-trafic","17":"tag-news","18":"tag-rennes","19":"tag-republique-francaise","20":"tag-societe"},"share_on_mastodon":{"url":"https:\/\/pubeurope.com\/@fr\/115974301656363491","error":""},"_links":{"self":[{"href":"https:\/\/www.europesays.com\/fr\/wp-json\/wp\/v2\/posts\/695645","targetHints":{"allow":["GET"]}}],"collection":[{"href":"https:\/\/www.europesays.com\/fr\/wp-json\/wp\/v2\/posts"}],"about":[{"href":"https:\/\/www.europesays.com\/fr\/wp-json\/wp\/v2\/types\/post"}],"author":[{"embeddable":true,"href":"https:\/\/www.europesays.com\/fr\/wp-json\/wp\/v2\/users\/2"}],"replies":[{"embeddable":true,"href":"https:\/\/www.europesays.com\/fr\/wp-json\/wp\/v2\/comments?post=695645"}],"version-history":[{"count":0,"href":"https:\/\/www.europesays.com\/fr\/wp-json\/wp\/v2\/posts\/695645\/revisions"}],"wp:featuredmedia":[{"embeddable":true,"href":"https:\/\/www.europesays.com\/fr\/wp-json\/wp\/v2\/media\/695646"}],"wp:attachment":[{"href":"https:\/\/www.europesays.com\/fr\/wp-json\/wp\/v2\/media?parent=695645"}],"wp:term":[{"taxonomy":"category","embeddable":true,"href":"https:\/\/www.europesays.com\/fr\/wp-json\/wp\/v2\/categories?post=695645"},{"taxonomy":"post_tag","embeddable":true,"href":"https:\/\/www.europesays.com\/fr\/wp-json\/wp\/v2\/tags?post=695645"}],"curies":[{"name":"wp","href":"https:\/\/api.w.org\/{rel}","templated":true}]}}