{"id":695649,"date":"2026-01-28T19:10:25","date_gmt":"2026-01-28T19:10:25","guid":{"rendered":"https:\/\/www.europesays.com\/fr\/695649\/"},"modified":"2026-01-28T19:10:25","modified_gmt":"2026-01-28T19:10:25","slug":"lemblematique-lacocina-rechauffe-strasbourg-avec-son-offre-traiteur","status":"publish","type":"post","link":"https:\/\/www.europesays.com\/fr\/695649\/","title":{"rendered":"l\u2019embl\u00e9matique Lacocina r\u00e9chauffe Strasbourg avec son offre traiteur !"},"content":{"rendered":"<p><strong>Depuis 2011, le restaurant mexicain Lacocina marque le pav\u00e9 de la Grand\u2019Rue et apporte un peu de soleil dans nos assiettes. D\u00e9sormais, \u00e0 l\u2019approche des beaux jours (on y croit), l\u2019adresse tenue par une patronne embl\u00e9matique d\u00e9voile son offre de traiteur pour les pros et les particuliers, histoire de changer un peu des malicettes fourr\u00e9es et des bretzels gratin\u00e9s.<\/strong><\/p>\n<p><strong>Il y a 15 ans d\u00e9j\u00e0<\/strong>, une \u00e9poque o\u00f9 la restauration strasbourgeoise manquait un peu d\u2019exotisme, <strong>Laetitia Adloff ouvrait son petit restaurant d\u00e9di\u00e9 aux sp\u00e9cialit\u00e9s d\u2019inspiration mexicaine.<\/strong><\/p>\n<p>Situ\u00e9 au num\u00e9ro 2 de la Grand\u2019Rue, le restaurant a tout de suite <strong>surf\u00e9 sur une cuisine mexicaine un poil revisit\u00e9e, faite maison, confectionn\u00e9e \u00e0 base de produits frais<\/strong>, bien \u00e9pic\u00e9e, et non piment\u00e9e (on le pr\u00e9cise quand m\u00eame).<\/p>\n<p>                <img width=\"400\" height=\"500\" src=\"https:\/\/www.europesays.com\/fr\/wp-content\/uploads\/2026\/01\/lacocina-restaurant-mexicainimg-4502-400x500.jpeg\" class=\"attachment-gallery size-gallery\" alt=\"Lacocina restaurant mexicainIMG_4502\" data-full-url=\"https:\/\/pokaa.fr\/wp-content\/uploads\/2026\/01\/28\/lacocina-restaurant-mexicainimg-4502.jpeg\" decoding=\"async\" loading=\"lazy\"  \/>            <\/p>\n<p>                <img width=\"422\" height=\"500\" src=\"https:\/\/www.europesays.com\/fr\/wp-content\/uploads\/2026\/01\/lacocina-restaurant-mexicainimg-4501-422x500.jpeg\" class=\"attachment-gallery size-gallery\" alt=\"Lacocina restaurant mexicainIMG_4501\" data-full-url=\"https:\/\/pokaa.fr\/wp-content\/uploads\/2026\/01\/28\/lacocina-restaurant-mexicainimg-4501.jpeg\" decoding=\"async\" loading=\"lazy\"  \/>            <\/p>\n<p>                <img width=\"455\" height=\"500\" src=\"https:\/\/www.europesays.com\/fr\/wp-content\/uploads\/2026\/01\/lacocina-restaurant-mexicainimg-4500-455x500.jpeg\" class=\"attachment-gallery size-gallery\" alt=\"Lacocina restaurant mexicainIMG_4500\" data-full-url=\"https:\/\/pokaa.fr\/wp-content\/uploads\/2026\/01\/28\/lacocina-restaurant-mexicainimg-4500.jpeg\" decoding=\"async\" loading=\"lazy\"  \/>            <\/p>\n<p>                <img width=\"405\" height=\"500\" src=\"https:\/\/www.europesays.com\/fr\/wp-content\/uploads\/2026\/01\/lacocina-restaurant-mexicainimg-4498-405x500.jpeg\" class=\"attachment-gallery size-gallery\" alt=\"Lacocina restaurant mexicainIMG_4498\" data-full-url=\"https:\/\/pokaa.fr\/wp-content\/uploads\/2026\/01\/28\/lacocina-restaurant-mexicainimg-4498.jpeg\" decoding=\"async\" loading=\"lazy\"  \/>            <\/p>\n<p>                <img width=\"403\" height=\"500\" src=\"https:\/\/www.europesays.com\/fr\/wp-content\/uploads\/2026\/01\/lacocina-restaurant-mexicainimg-4497-403x500.jpeg\" class=\"attachment-gallery size-gallery\" alt=\"Lacocina restaurant mexicainIMG_4497\" data-full-url=\"https:\/\/pokaa.fr\/wp-content\/uploads\/2026\/01\/28\/lacocina-restaurant-mexicainimg-4497.jpeg\" decoding=\"async\" loading=\"lazy\"  \/>            <\/p>\n<p>                    \u00a9 Lacocina \/ Documents remis <\/p>\n<p><strong>Des plats simples mais travaill\u00e9s<\/strong>, pr\u00e9par\u00e9s dans les r\u00e8gles de l\u2019art ou \u00ab europ\u00e9anis\u00e9s \u00bb, <strong>des saveurs qui tranchent<\/strong> et qui incitent au voyage,<strong> le tout \u00e0 des prix abordables\u2026<\/strong> Bref, tout le monde y trouve son compte,<strong> y compris les personnes v\u00e9ganes et les v\u00e9g\u00e9tarien(ne)s.<\/strong><\/p>\n<p>Aujourd\u2019hui, le restaurant a pris de la patine mais il continue de r\u00e9galer les <strong>passant(e)s, les habitu\u00e9(e)s et les gens du quartier qui aiment manger sur le pouce, sainement<\/strong>, et qui souhaitent mettre un peu de soleil dans leur journ\u00e9e.<\/p>\n<p>Mais si on vous parle aujourd\u2019hui de Lacocina,<strong> c\u2019est pour son offre de traiteur bien ficel\u00e9e et originale qui m\u00e9rite le coup d\u2019oeil.\u00a0<\/strong><\/p>\n<p>                <img width=\"408\" height=\"500\" src=\"https:\/\/www.europesays.com\/fr\/wp-content\/uploads\/2026\/01\/lacocina-restaurant-mexicainimg-4505-408x500.jpeg\" class=\"attachment-gallery size-gallery\" alt=\"Lacocina restaurant mexicainIMG_4505\" data-full-url=\"https:\/\/pokaa.fr\/wp-content\/uploads\/2026\/01\/28\/lacocina-restaurant-mexicainimg-4505.jpeg\" decoding=\"async\" loading=\"lazy\"  \/>            <\/p>\n<p>                <img width=\"409\" height=\"500\" src=\"https:\/\/www.europesays.com\/fr\/wp-content\/uploads\/2026\/01\/lacocina-restaurant-mexicainimg-4504-409x500.jpeg\" class=\"attachment-gallery size-gallery\" alt=\"Lacocina restaurant mexicainIMG_4504\" data-full-url=\"https:\/\/pokaa.fr\/wp-content\/uploads\/2026\/01\/28\/lacocina-restaurant-mexicainimg-4504.jpeg\" decoding=\"async\" loading=\"lazy\"  \/>            <\/p>\n<p>                <img width=\"375\" height=\"500\" src=\"https:\/\/www.europesays.com\/fr\/wp-content\/uploads\/2026\/01\/lacocina-restaurant-mexicainimg-3639-375x500.jpeg\" class=\"attachment-gallery size-gallery\" alt=\"Lacocina restaurant mexicainIMG_3639\" data-full-url=\"https:\/\/pokaa.fr\/wp-content\/uploads\/2026\/01\/28\/lacocina-restaurant-mexicainimg-3639.jpeg\" decoding=\"async\" loading=\"lazy\"  \/>            <\/p>\n<p>                <img width=\"375\" height=\"500\" src=\"https:\/\/www.europesays.com\/fr\/wp-content\/uploads\/2026\/01\/lacocina-restaurant-mexicainimg-3614-375x500.jpeg\" class=\"attachment-gallery size-gallery\" alt=\"Lacocina restaurant mexicainIMG_3614\" data-full-url=\"https:\/\/pokaa.fr\/wp-content\/uploads\/2026\/01\/28\/lacocina-restaurant-mexicainimg-3614.jpeg\" decoding=\"async\" loading=\"lazy\"  \/>            <\/p>\n<p>                <img width=\"375\" height=\"500\" src=\"https:\/\/www.europesays.com\/fr\/wp-content\/uploads\/2026\/01\/lacocina-restaurant-mexicainimg-3616-375x500.jpeg\" class=\"attachment-gallery size-gallery\" alt=\"Lacocina restaurant mexicainIMG_3616\" data-full-url=\"https:\/\/pokaa.fr\/wp-content\/uploads\/2026\/01\/28\/lacocina-restaurant-mexicainimg-3616.jpeg\" decoding=\"async\" loading=\"lazy\"  \/>            <\/p>\n<p>                    1. 2. \u00a9 Lacocina \/ Documents remis ; 3. \u00e0 5. \u00a9 Bastien Pietronave \/ Pokaa<\/p>\n<p>Lacocina et ses sp\u00e9cialit\u00e9s \u00e0 d\u00e9guster partout !<\/p>\n<p>Depuis 2021, l\u2019\u00e9quipe du restaurant<strong> affine son offre de traiteur et propose ses services dits \u00ab\u00a0cl\u00e9s en main\u00a0\u00bb.<\/strong><\/p>\n<p>Demain, si vous souhaitez organiser un \u00e9v\u00e9nement,<strong> que ce soit dans le cadre d\u2019une entreprise, pour un anniversaire, un EVJF ou une fiesta pour c\u00e9l\u00e9brer le printemps<\/strong>, la cuisine mexicaine peut s\u2019inviter \u00e0 la f\u00eate <strong>sans que vous ayez \u00e0 bouger le petit doigt.<\/strong><\/p>\n<p>    <img width=\"800\" height=\"533\" src=\"https:\/\/www.europesays.com\/fr\/wp-content\/uploads\/2026\/01\/lacocina-traiteur-restaurant-mexicaindsc03203-800x533.jpg\" class=\"attachment-image-size-L size-image-size-L\" alt=\"Lacocina traiteur restaurant mexicainDSC03203\" decoding=\"async\" loading=\"lazy\"  \/>         \u00a9 Lacocina \/ Document remis  <\/p>\n<p>L\u2019id\u00e9e est plut\u00f4t simple et tient en une phrase :<strong> vous ne faites rien, l\u2019\u00e9quipe s\u2019occupe de tout<\/strong>. <strong>La cuisine, la d\u00e9co, les boissons et m\u00eame la pi\u00f1ata.<\/strong> Tout est livr\u00e9 sur place en fonction de la teneur de l\u2019\u00e9v\u00e9nement et de vos envies du moment, <strong>que ce soit en int\u00e9rieur ou en ext\u00e9rieur.<\/strong><\/p>\n<p>                <img width=\"750\" height=\"500\" src=\"https:\/\/www.europesays.com\/fr\/wp-content\/uploads\/2026\/01\/lacocina-traiteur-restaurant-mexicaindsc05029-750x500.jpg\" class=\"attachment-gallery size-gallery\" alt=\"Lacocina traiteur restaurant mexicainDSC05029\" data-full-url=\"https:\/\/pokaa.fr\/wp-content\/uploads\/2026\/01\/28\/lacocina-traiteur-restaurant-mexicaindsc05029.jpg\" decoding=\"async\" loading=\"lazy\"  \/>            <\/p>\n<p>                <img width=\"333\" height=\"500\" src=\"https:\/\/www.europesays.com\/fr\/wp-content\/uploads\/2026\/01\/lacocina-traiteur-restaurant-mexicaindsc03110-333x500.jpg\" class=\"attachment-gallery size-gallery\" alt=\"Lacocina traiteur restaurant mexicainDSC03110\" data-full-url=\"https:\/\/pokaa.fr\/wp-content\/uploads\/2026\/01\/28\/lacocina-traiteur-restaurant-mexicaindsc03110.jpg\" decoding=\"async\" loading=\"lazy\"  \/>            <\/p>\n<p>                <img width=\"333\" height=\"500\" src=\"https:\/\/www.europesays.com\/fr\/wp-content\/uploads\/2026\/01\/lacocina-traiteur-restaurant-mexicaindsc03177-333x500.jpg\" class=\"attachment-gallery size-gallery\" alt=\"Lacocina traiteur restaurant mexicainDSC03177\" data-full-url=\"https:\/\/pokaa.fr\/wp-content\/uploads\/2026\/01\/28\/lacocina-traiteur-restaurant-mexicaindsc03177.jpg\" decoding=\"async\" loading=\"lazy\"  \/>            <\/p>\n<p>                <img width=\"750\" height=\"500\" src=\"https:\/\/www.europesays.com\/fr\/wp-content\/uploads\/2026\/01\/lacocina-traiteur-restaurant-mexicaindsc05025-750x500.jpg\" class=\"attachment-gallery size-gallery\" alt=\"Lacocina traiteur restaurant mexicainDSC05025\" data-full-url=\"https:\/\/pokaa.fr\/wp-content\/uploads\/2026\/01\/28\/lacocina-traiteur-restaurant-mexicaindsc05025.jpg\" decoding=\"async\" loading=\"lazy\"  \/>            <\/p>\n<p>                <img width=\"333\" height=\"500\" src=\"https:\/\/www.europesays.com\/fr\/wp-content\/uploads\/2026\/01\/lacocina-traiteur-restaurant-mexicaindsc05001-333x500.jpg\" class=\"attachment-gallery size-gallery\" alt=\"Lacocina traiteur restaurant mexicainDSC05001\" data-full-url=\"https:\/\/pokaa.fr\/wp-content\/uploads\/2026\/01\/28\/lacocina-traiteur-restaurant-mexicaindsc05001.jpg\" decoding=\"async\" loading=\"lazy\"  \/>            <\/p>\n<p>                <img width=\"333\" height=\"500\" src=\"https:\/\/www.europesays.com\/fr\/wp-content\/uploads\/2026\/01\/lacocina-traiteur-restaurant-mexicaindsc03197-333x500.jpg\" class=\"attachment-gallery size-gallery\" alt=\"Lacocina traiteur restaurant mexicainDSC03197\" data-full-url=\"https:\/\/pokaa.fr\/wp-content\/uploads\/2026\/01\/28\/lacocina-traiteur-restaurant-mexicaindsc03197.jpg\" decoding=\"async\" loading=\"lazy\"  \/>            <\/p>\n<p>                    \u00a9 Lacocina \/ Documents remis <\/p>\n<p>Que vous soyez 2, 5, 10, 15, 50 ou 120 personnes,<strong> plusieurs offres adapt\u00e9es sont propos\u00e9es<\/strong>. On a, par exemple,<strong> le \u00ab Pack ap\u00e9ritivo \u00bb pour un petit ap\u00e9ro entre potes<\/strong>, le \u00ab Pack reuni\u00f3n \u00bb pour un repas \u00e0 partager le midi\u2026 Sans oublier le \u00ab Pack c\u00f3ctel d\u00eenatoire \u00bb et<strong> deux packs diff\u00e9rents d\u00e9di\u00e9s au buffet<\/strong>\u00a0qui proposent<strong> de composer soi-m\u00eame<\/strong> ses tacos et ses petites assiettes selon ses envies.<\/p>\n<p><strong>Tortillas, chili con carne<\/strong>, gaspacho, quesadilla, guacamole,<strong> nachos, verrines, pico de gallo<\/strong>, poulet marin\u00e9, <strong>b\u0153uf aux herbes ou porc caram\u00e9lis\u00e9<\/strong>, haricots cuisin\u00e9s, poivrons et oignons mijot\u00e9s, galettes de bl\u00e9 et\/ou de ma\u00efs \u00e0 garnir, burritos, chorizo,<strong> boissons et desserts au choix\u2026<\/strong> Il y a de quoi pr\u00e9parer tous les types de banquets ou de rendez-vous priv\u00e9s.<\/p>\n<p>    <img width=\"800\" height=\"533\" src=\"https:\/\/www.europesays.com\/fr\/wp-content\/uploads\/2026\/01\/lacocina-traiteur-restaurant-mexicaindsc03113-800x533.jpg\" class=\"attachment-image-size-L size-image-size-L\" alt=\"Lacocina traiteur restaurant mexicainDSC03113\" decoding=\"async\" loading=\"lazy\"  \/>         \u00a9 Lacocina \/ Document remis  <\/p>\n<p>L\u00e0 aussi,<strong> comme au restaurant, <\/strong>o\u00f9 toutes les pr\u00e9parations sont r\u00e9alis\u00e9es,<strong>\u00a0tout est fait maison<\/strong> (sauf les galettes), et les plats sont <strong>livr\u00e9s sur place (\u00e0 partir de 200\u20ac de commande). <\/strong>\u00a0Il n\u2019y a ensuite plus qu\u2019\u00e0 d\u00e9guster et \u00e0 s\u2019\u00e9quiper pour d\u00e9gommer la pi\u00f1ata qui, il faut l\u2019avouer,<strong> ajoute toujours un petit quelque chose en plus \u00e0 la f\u00eate<\/strong> !<\/p>\n<p>Si vous voulez en savoir plus <strong>les tarifs et sur l\u2019offre traiteur de Lacocina, c\u2019est <a href=\"https:\/\/www.lacocina.fr\/traiteur\" target=\"_blank\" rel=\"noopener\">par ici que \u00e7a se passe.<\/a><\/strong><\/p>\n<p>                <img width=\"333\" height=\"500\" src=\"https:\/\/www.europesays.com\/fr\/wp-content\/uploads\/2026\/01\/lacocina-traiteur-restaurant-mexicaindsc03164-333x500.jpg\" class=\"attachment-gallery size-gallery\" alt=\"Lacocina traiteur restaurant mexicainDSC03164\" data-full-url=\"https:\/\/pokaa.fr\/wp-content\/uploads\/2026\/01\/28\/lacocina-traiteur-restaurant-mexicaindsc03164.jpg\" decoding=\"async\" loading=\"lazy\"  \/>            <\/p>\n<p>                <img width=\"333\" height=\"500\" src=\"https:\/\/www.europesays.com\/fr\/wp-content\/uploads\/2026\/01\/lacocina-traiteur-restaurant-mexicaindsc03205-333x500.jpg\" class=\"attachment-gallery size-gallery\" alt=\"Lacocina traiteur restaurant mexicainDSC03205\" data-full-url=\"https:\/\/pokaa.fr\/wp-content\/uploads\/2026\/01\/28\/lacocina-traiteur-restaurant-mexicaindsc03205.jpg\" decoding=\"async\" loading=\"lazy\"  \/>            <\/p>\n<p>                    \u00a9 Lacocina \/ Documents remis <\/p>\n<p>            Lacocina <\/p>\n<p>            Quoi ?<br \/>\n            Restaurant \/ traiteur         <\/p>\n<p>            o\u00f9 ?<br \/>\n            2 Grand&rsquo;Rue, \u00e0 Strasbourg        <\/p>\n<p>                Plus d&rsquo;infos ?<\/p>\n<p><strong><a href=\"https:\/\/www.google.com\/url?sa=t&amp;source=web&amp;rct=j&amp;opi=89978449&amp;url=https:\/\/www.lacocina.fr\/&amp;ved=2ahUKEwiAwpTT_a2SAxXVfKQEHWyzCJYQFnoECDYQAQ&amp;usg=AOvVaw29DuCO18OGfedaba6zj-mU\" target=\"_blank\" rel=\"noopener\">Le site web<\/a><\/strong><\/p>\n<p><strong><a href=\"https:\/\/www.lacocina.fr\/traiteur\" target=\"_blank\" rel=\"noopener\">Le lien vers le traiteur<\/a><\/strong><\/p>\n<p><strong><a href=\"https:\/\/www.google.com\/url?sa=t&amp;source=web&amp;rct=j&amp;opi=89978449&amp;url=https:\/\/www.instagram.com\/lacocinastrasbourg\/%3Fhl%3Dfr&amp;ved=2ahUKEwiAwpTT_a2SAxXVfKQEHWyzCJYQFnoECD0QAQ&amp;usg=AOvVaw0Bf6tdQ7K2uWEQ9ZMKP2WT\" target=\"_blank\" rel=\"noopener\">La page Instagram<\/a>\u00a0<\/strong><\/p>\n<p><a href=\"https:\/\/www.google.com\/url?sa=t&amp;source=web&amp;rct=j&amp;opi=89978449&amp;url=https:\/\/www.facebook.com\/lacocinamexicana.strasbourg\/%3Flocale%3Dfr_FR&amp;ved=2ahUKEwiAwpTT_a2SAxXVfKQEHWyzCJYQFnoECEMQAQ&amp;usg=AOvVaw1sL4LO0ptEXY0etJaoR6Z-\" target=\"_blank\" rel=\"noopener\"><strong>La page Facebook<\/strong><\/a><\/p>\n<p><strong>T\u00e9l : 09 81 48 72 34<\/strong><\/p>\n<p><script async src=\"\/\/www.instagram.com\/embed.js\"><\/script><\/p>\n","protected":false},"excerpt":{"rendered":"Depuis 2011, le restaurant mexicain Lacocina marque le pav\u00e9 de la Grand\u2019Rue et apporte un peu de soleil&hellip;\n","protected":false},"author":2,"featured_media":695650,"comment_status":"","ping_status":"","sticky":false,"template":"","format":"standard","meta":{"footnotes":""},"categories":[2820],"tags":[1111,11,79105,1777,674,1011,27,775,79106,5697,12,65895,25,1340,640,79107],"class_list":{"0":"post-695649","1":"post","2":"type-post","3":"status-publish","4":"format-standard","5":"has-post-thumbnail","7":"category-strasbourg","8":"tag-actu","9":"tag-actualites","10":"tag-cuisine-mexicaine","11":"tag-eu","12":"tag-europe","13":"tag-fr","14":"tag-france","15":"tag-grand-est","16":"tag-lacocina","17":"tag-mexique","18":"tag-news","19":"tag-ou-manger","20":"tag-republique-francaise","21":"tag-restaurant","22":"tag-strasbourg","23":"tag-traiteur"},"share_on_mastodon":{"url":"https:\/\/pubeurope.com\/@fr\/115974310613971850","error":""},"_links":{"self":[{"href":"https:\/\/www.europesays.com\/fr\/wp-json\/wp\/v2\/posts\/695649","targetHints":{"allow":["GET"]}}],"collection":[{"href":"https:\/\/www.europesays.com\/fr\/wp-json\/wp\/v2\/posts"}],"about":[{"href":"https:\/\/www.europesays.com\/fr\/wp-json\/wp\/v2\/types\/post"}],"author":[{"embeddable":true,"href":"https:\/\/www.europesays.com\/fr\/wp-json\/wp\/v2\/users\/2"}],"replies":[{"embeddable":true,"href":"https:\/\/www.europesays.com\/fr\/wp-json\/wp\/v2\/comments?post=695649"}],"version-history":[{"count":0,"href":"https:\/\/www.europesays.com\/fr\/wp-json\/wp\/v2\/posts\/695649\/revisions"}],"wp:featuredmedia":[{"embeddable":true,"href":"https:\/\/www.europesays.com\/fr\/wp-json\/wp\/v2\/media\/695650"}],"wp:attachment":[{"href":"https:\/\/www.europesays.com\/fr\/wp-json\/wp\/v2\/media?parent=695649"}],"wp:term":[{"taxonomy":"category","embeddable":true,"href":"https:\/\/www.europesays.com\/fr\/wp-json\/wp\/v2\/categories?post=695649"},{"taxonomy":"post_tag","embeddable":true,"href":"https:\/\/www.europesays.com\/fr\/wp-json\/wp\/v2\/tags?post=695649"}],"curies":[{"name":"wp","href":"https:\/\/api.w.org\/{rel}","templated":true}]}}