{"id":69565,"date":"2025-05-02T14:55:07","date_gmt":"2025-05-02T14:55:07","guid":{"rendered":"https:\/\/www.europesays.com\/fr\/69565\/"},"modified":"2025-05-02T14:55:07","modified_gmt":"2025-05-02T14:55:07","slug":"une-femme-decouvre-son-bebe-de-16-jours-sans-vie-une-enquete-ouverte","status":"publish","type":"post","link":"https:\/\/www.europesays.com\/fr\/69565\/","title":{"rendered":"une femme d\u00e9couvre son b\u00e9b\u00e9 de 16 jours sans vie, une enqu\u00eate ouverte"},"content":{"rendered":"<p>            Par<br \/>\n        <strong><br \/>\n            <a href=\"https:\/\/actu.fr\/auteur\/sarah-coulet\" title=\"Consulter tous les articles de Sarah Coulet\" rel=\"nofollow noopener\" target=\"_blank\">Sarah Coulet<\/a><br \/>\n        <\/strong><\/p>\n<p>        Publi\u00e9 le<\/p>\n<p>            2 mai 2025 \u00e0 16h51        <\/p>\n<p>Une sc\u00e8ne redout\u00e9e par tous les parents.\u00a0Dans la nuit de lundi\u00a028 \u00e0 mardi 29\u00a0avril 2025, \u00e0 <a href=\"https:\/\/actu.fr\/ile-de-france\/nanterre_92050\" rel=\"nofollow noopener\" target=\"_blank\">Nanterre<\/a>, une femme a retrouv\u00e9 le corps sans vie de son <strong>nourrisson,<\/strong> n\u00e9 16\u00a0jours plus t\u00f4t, a appris <a href=\"https:\/\/actu.fr\/paris\/dernieres-actus\" rel=\"nofollow noopener\" target=\"_blank\">actu Paris<\/a>\u00a0aupr\u00e8s du parquet des <a href=\"https:\/\/actu.fr\/ile-de-france\/hauts-de-seine_92\" rel=\"nofollow noopener\" target=\"_blank\">Hauts-de-Seine<\/a>, confirmant une information du <a href=\"https:\/\/www.leparisien.fr\/hauts-de-seine-92\/nanterre-un-nouveau-ne-de-16-jours-retrouve-mort-par-sa-mere-le-parquet-ouvre-une-enquete-01-05-2025-5FV4GYXX3BBHHK2KB2IFW2JXTA.php\" rel=\"nofollow noopener\" target=\"_blank\">Parisien<\/a>.<\/p>\n<p>Autopsie et audition en cours<\/p>\n<p class=\" wall-content\">Une <strong>enqu\u00eate en recherche des causes de la mort<\/strong> a \u00e9t\u00e9 ouverte et confi\u00e9e \u00e0 la brigade de s\u00fbret\u00e9 territoriale des Hauts-de-Seine. D\u2019apr\u00e8s le quotidien, la m\u00e8re de l\u2019enfant aurait appel\u00e9 les secours aux alentours de 2h30. Elle aurait install\u00e9 le b\u00e9b\u00e9 \u00e0 c\u00f4t\u00e9 d\u2019elle dans son lit apr\u00e8s l\u2019avoir allait\u00e9. M\u00e8re et enfant se seraient alors endormi.<\/p>\n<p class=\" wall-content\">Des \u00e9l\u00e9ments qui n\u2019ont pas \u00e9t\u00e9 confirm\u00e9s par le magist\u00e8re public, lequel pr\u00e9cise qu\u2019une <strong>autopsie<\/strong> et des <strong>auditions<\/strong> sont en cours pour d\u00e9terminer le d\u00e9roulement des faits.<\/p>\n<p class=\" wall-content\">Suivez toute l\u2019actualit\u00e9 de vos villes et m\u00e9dias favoris en vous inscrivant \u00e0 <a href=\"https:\/\/moncompte.actu.fr\" title=\"D\u00e9couvez Mon Actu\" rel=\"nofollow noopener\" data-trk=\"{&quot;cta&quot;:{&quot;action&quot;:&quot;https:\\\/\\\/moncompte.actu.fr&quot;,&quot;category&quot;:&quot;mon compte&quot;,&quot;from&quot;:&quot;article footer&quot;,&quot;name&quot;:&quot;Mon actu&quot;,&quot;type&quot;:&quot;cta&quot;}}\" target=\"_blank\">Mon Actu<\/a>.<\/p>\n<ul class=\"ac-article-tag wall-content\">\n<li><a href=\"https:\/\/actu.fr\/tag\/enfants\" data-trk=\"{&quot;cta&quot;:{&quot;action&quot;:&quot;Enfants&quot;,&quot;category&quot;:&quot;tag&quot;,&quot;from&quot;:&quot;article footer&quot;,&quot;name&quot;:&quot;Enfants&quot;,&quot;type&quot;:&quot;cta&quot;}}\" rel=\"nofollow noopener\" target=\"_blank\">#Enfants<\/a><\/li>\n<li><a href=\"https:\/\/actu.fr\/tag\/tribunal-de-nanterre\" data-trk=\"{&quot;cta&quot;:{&quot;action&quot;:&quot;Tribunal de Nanterre&quot;,&quot;category&quot;:&quot;tag&quot;,&quot;from&quot;:&quot;article footer&quot;,&quot;name&quot;:&quot;Tribunal de Nanterre&quot;,&quot;type&quot;:&quot;cta&quot;}}\" rel=\"nofollow noopener\" target=\"_blank\">#Tribunal de Nanterre<\/a><\/li>\n<\/ul>\n","protected":false},"excerpt":{"rendered":"Par Sarah Coulet Publi\u00e9 le 2 mai 2025 \u00e0 16h51 Une sc\u00e8ne redout\u00e9e par tous les parents.\u00a0Dans la&hellip;\n","protected":false},"author":2,"featured_media":62039,"comment_status":"","ping_status":"","sticky":false,"template":"","format":"standard","meta":{"footnotes":""},"categories":[1888],"tags":[1111,1928,11,1927,1719,1777,674,118,1011,27,12,1926,626,1925,25,6296],"class_list":{"0":"post-69565","1":"post","2":"type-post","3":"status-publish","4":"format-standard","5":"has-post-thumbnail","7":"category-paris","8":"tag-actu","9":"tag-actu-paris","10":"tag-actualites","11":"tag-actualites-paris","12":"tag-enfants","13":"tag-eu","14":"tag-europe","15":"tag-faits-divers","16":"tag-fr","17":"tag-france","18":"tag-news","19":"tag-news-paris","20":"tag-paris","21":"tag-paris-news","22":"tag-republique-francaise","23":"tag-tribunal-de-nanterre"},"share_on_mastodon":{"url":"https:\/\/pubeurope.com\/@fr\/114438820478211611","error":""},"_links":{"self":[{"href":"https:\/\/www.europesays.com\/fr\/wp-json\/wp\/v2\/posts\/69565","targetHints":{"allow":["GET"]}}],"collection":[{"href":"https:\/\/www.europesays.com\/fr\/wp-json\/wp\/v2\/posts"}],"about":[{"href":"https:\/\/www.europesays.com\/fr\/wp-json\/wp\/v2\/types\/post"}],"author":[{"embeddable":true,"href":"https:\/\/www.europesays.com\/fr\/wp-json\/wp\/v2\/users\/2"}],"replies":[{"embeddable":true,"href":"https:\/\/www.europesays.com\/fr\/wp-json\/wp\/v2\/comments?post=69565"}],"version-history":[{"count":0,"href":"https:\/\/www.europesays.com\/fr\/wp-json\/wp\/v2\/posts\/69565\/revisions"}],"wp:featuredmedia":[{"embeddable":true,"href":"https:\/\/www.europesays.com\/fr\/wp-json\/wp\/v2\/media\/62039"}],"wp:attachment":[{"href":"https:\/\/www.europesays.com\/fr\/wp-json\/wp\/v2\/media?parent=69565"}],"wp:term":[{"taxonomy":"category","embeddable":true,"href":"https:\/\/www.europesays.com\/fr\/wp-json\/wp\/v2\/categories?post=69565"},{"taxonomy":"post_tag","embeddable":true,"href":"https:\/\/www.europesays.com\/fr\/wp-json\/wp\/v2\/tags?post=69565"}],"curies":[{"name":"wp","href":"https:\/\/api.w.org\/{rel}","templated":true}]}}