{"id":695651,"date":"2026-01-28T19:11:17","date_gmt":"2026-01-28T19:11:17","guid":{"rendered":"https:\/\/www.europesays.com\/fr\/695651\/"},"modified":"2026-01-28T19:11:17","modified_gmt":"2026-01-28T19:11:17","slug":"a-strasbourg-florian-kobryn-lfi-part-au-combat-avec-16-noms","status":"publish","type":"post","link":"https:\/\/www.europesays.com\/fr\/695651\/","title":{"rendered":"\u00e0 Strasbourg, Florian Kobryn (LFI) part au combat avec 16 noms"},"content":{"rendered":"<p><b>Le 27 janvier, Florian Kobryn a d\u00e9voil\u00e9 les 16 premiers noms qui composent la liste de la France insoumise pour les municipales \u00e0 Strasbourg. Un \u00ab\u00a0collectif de combat\u00a0\u00bb r\u00e9solument jeune, qui met en position \u00e9ligible des personnalit\u00e9s issues des classes populaires. Petite particularit\u00e9 : la liste compte un ancien adjoint de Roland Ries et une ex-conseill\u00e8re municipale d\u00e9l\u00e9gu\u00e9e \u00e0 Schiltigheim, \u00e9lue en 2014 sous la banni\u00e8re de la droite et du centre.<\/b><\/p>\n<p class=\"p1\">22, 63, 16\u2026 Ce ne sont pas les num\u00e9ros \u00e0 mettre sur votre grille de bingo ce soir, mais bien le nombre de personnes pr\u00e9sent\u00e9es sur les listes des diff\u00e9rent(e)s candidat(e)s aux municipales. <a href=\"https:\/\/pokaa.fr\/2026\/01\/25\/municipales-2026-jeanne-barseghian-presente-les-22-premiers-noms-de-sa-liste\/\" target=\"_blank\" rel=\"noopener\">Apr\u00e8s Jeanne Barseghian<\/a> et <a href=\"https:\/\/pokaa.fr\/2026\/01\/26\/municipales-2026-catherine-trautmann-devoile-sa-liste-avec-un-cap-clair\/\" target=\"_blank\" rel=\"noopener\">Catherine Trautmann<\/a>, <b>c\u2019est au tour de Florian Kobryn de d\u00e9voiler ce 27 janvier les 16 premiers noms de la liste \u00ab\u00a0Strasbourg Fi\u00e8re et Solidaire\u00a0\u00bb<\/b>.<\/p>\n<p class=\"p1\">Interrog\u00e9 sur ce choix de seulement 16 personnes, le candidat LFI le justifie par une logique collective : \u00ab\u00a0<b>Une liste, c\u2019est diff\u00e9rents profils et lorsqu\u2019on pr\u00e9sente 67 personnes, on ne leur donne pas l\u2019occasion de les pr\u00e9senter correctement en les noyant dans un nombre important<\/b>. \u00c9chelonner les annonces, c\u2019est se donner l\u2019opportunit\u00e9 d\u2019incarner ces diff\u00e9rents visages.\u00a0\u00bb <\/p>\n<p>    <img width=\"800\" height=\"600\" src=\"https:\/\/www.europesays.com\/fr\/wp-content\/uploads\/2026\/01\/img-4078-grande-800x600.jpeg\" class=\"attachment-image-size-L size-image-size-L\" alt=\"kobryn liste\" decoding=\"async\" loading=\"lazy\"  \/>         \u00a9 Nicolas Kaspar \/ Pokaa <\/p>\n<p>Un \u00ab\u00a0collectif de combat\u00a0\u00bb repr\u00e9sentatif<\/p>\n<p class=\"p1\">Que racontent ces diff\u00e9rents visages ? D\u00e9j\u00e0, la volont\u00e9 de LFI de mettre en place un \u00ab\u00a0collectif de combat\u00a0\u00bb, souhaitant \u00ab\u00a0mettre fin \u00e0 l\u2019\u00e9litisme croissant des conseils municipaux\u00a0\u00bb qu\u2019elle veut rendre plus repr\u00e9sentatifs. <b>C\u2019est pourquoi les 16 premiers noms repr\u00e9sentent 13 quartiers strasbourgeois, dont 9 QPV<\/b>, mais aussi tous les niveaux d\u2019\u00e9tudes et toutes les cat\u00e9gories sociales.<\/p>\n<blockquote><p>\n        Ce collectif nous ressemble et ressemble \u00e0 Strasbourg.    <\/p><\/blockquote>\n<p>            Florian Kobryn<\/p>\n<p>    <img width=\"800\" height=\"600\" src=\"https:\/\/www.europesays.com\/fr\/wp-content\/uploads\/2026\/01\/img-4068-grande-800x600.jpeg\" class=\"attachment-image-size-L size-image-size-L\" alt=\"kobryn liste\" decoding=\"async\" loading=\"lazy\"  \/>         \u00a9 Nicolas Kaspar \/ Pokaa <\/p>\n<p class=\"p1\">Dans les profils, on retrouve un p\u00e2tissier-chocolatier, un directeur d\u2019une association sportive, un expert en conseil et gestion immobili\u00e8re, une enseignante, deux enseignants-chercheurs, un doctorant, une cheffe cuisini\u00e8re int\u00e9rimaire, une juriste, un libraire ou encore des travailleurs\/ses sociaux\/les. Comme le r\u00e9sume Florian Kobryn : <b>\u00ab\u00a0Ce collectif nous ressemble et ressemble \u00e0 Strasbourg.\u00a0\u00bb<\/b><\/p>\n<p class=\"p1\">Par ailleurs, la liste contient 7 ouvriers\/\u00e8res et employ\u00e9(e)s, et 8 personnes per\u00e7oivent un revenu inf\u00e9rieur \u00e0 1 500\u20ac. <b>Une liste qui est aussi r\u00e9solument jeune, avec une moyenne d\u2019\u00e2ge de 40 ans, avec 4 personnes de 30 ans ou moins<\/b>. L\u00e0 o\u00f9 converge n\u00e9anmoins tout le monde, c\u2019est sur la partie en lutte, puisque toutes les personnes inscrites sur cette liste sont engag\u00e9es dans une association ou dans un syndicat.<\/p>\n<p>    <img width=\"510\" height=\"600\" src=\"https:\/\/www.europesays.com\/fr\/wp-content\/uploads\/2026\/01\/img-4102-grande-510x600.jpeg\" class=\"attachment-image-size-M size-image-size-M\" alt=\"kobryn liste\" decoding=\"async\" loading=\"lazy\"  \/>         \u00a9 Document remis <\/p>\n<p>Le d\u00e9fi de l\u2019inexp\u00e9rience\u2026 et de l\u2019apprentissage<\/p>\n<p class=\"p1\">Si la liste comporte des profils divers, elle ne compte que peu d\u2019\u00e9lu(e)s ou de\u00a0personnalit\u00e9s politiques.<b> Benjamin Kuntz et Lisa Farault, <\/b><a href=\"https:\/\/pokaa.fr\/2025\/09\/03\/municipales-2026-lfi-se-lance-a-strasbourg-pour-mener-un-tournant-social-et-populaire\/\" target=\"_blank\" rel=\"noopener\"><b>les co-chef(fe)s de file de LFI<\/b><\/a><b>, occupent les 3e et 4e positions<\/b>, tandis que S\u00e9bastien Mas, ancien candidat NUPES en 2022, occupe lui la 7e. Par ailleurs, 5 personnes viennent de la \u00ab soci\u00e9t\u00e9 civile \u00bb, c\u2019est-\u00e0-dire qu\u2019elles ne font pas partie de LFI.<\/p>\n<blockquote><p>\n        On porte un mandat de rupture donc on fera face a des vents contraires, et il faut s\u2019y pr\u00e9parer.    <\/p><\/blockquote>\n<p>            Florian Kobryn<\/p>\n<p>    <img width=\"800\" height=\"600\" src=\"https:\/\/www.europesays.com\/fr\/wp-content\/uploads\/2026\/01\/img-4066-grande-800x600.jpeg\" class=\"attachment-image-size-L size-image-size-L\" alt=\"local kobryn\" decoding=\"async\" loading=\"lazy\"  \/>         \u00a9 Nicolas Kaspar \/ Pokaa <\/p>\n<p class=\"p1\">C\u00f4t\u00e9 ancien(ne)s \u00e9lu(e)s, \u00c9ric Schultz, <a href=\"https:\/\/pokaa.fr\/2023\/09\/13\/face-aux-dettes-la-librairie-la-tache-noire-a-besoin-de-soutien\/\" target=\"_blank\" rel=\"noopener\">propri\u00e9taire de la T\u00e2che Noire<\/a>, est \u00e0 la 11e place, <b>lui qui a \u00e9t\u00e9 membre d\u2019EELV, adjoint sous Roland Ries 1 et conseiller municipal sous Roland Ries 2<\/b>. Pour l\u2019anecdote, il a aussi \u00e9t\u00e9 \u00e0 la 8e place sur la liste de Catherine Trautmann en 2020, \u00e0 une place d\u2019\u00eatre au conseil municipal. Enfin, Somhack Limphakdy (12) a fait partie de la liste victorieuse d\u2019union de la droite et du centre de Jean-Marie Kutner en 2014 \u00e0 Schiltigheim.<\/p>\n<p class=\"p1\">Pour combler cette inexp\u00e9rience, surtout au vu de l\u2019apprentissage (parfois) compliqu\u00e9 chez les \u00c9cologistes en 2020, Florian Kobryn et Halima Meneceur se veulent rassurant(e)s. Le duo explique que les personnes issues de la soci\u00e9t\u00e9 civile seront form\u00e9es : \u00ab C\u2019est le cadre politique qui sera la r\u00e9ponse adapt\u00e9e ; <b>on a une charte qui d\u00e9finit la mani\u00e8re de travailler ensemble, la transparence pour s\u00e9curiser l\u2019exercice du mandat. Il faut faire culture commune<\/b>.\u00a0\u00bb<\/p>\n<p>    <img width=\"800\" height=\"600\" src=\"https:\/\/www.europesays.com\/fr\/wp-content\/uploads\/2026\/01\/img-4074-grande-800x600.jpeg\" class=\"attachment-image-size-L size-image-size-L\" alt=\"kobryn liste\" decoding=\"async\" loading=\"lazy\"  \/>         \u00a9 Nicolas Kaspar \/ Pokaa <\/p>\n<p>Viser Catherine, Florian Kobryn \u00e7a ne lui fait pas peur<\/p>\n<p class=\"p1\">Dans cette heureuse et combative photo de famille, ce qui a pu marquer est le changement de strat\u00e9gie politique de Florian Kobryn. Apr\u00e8s ne pas avoir \u00e9pargn\u00e9 les \u00c9cologistes, <a href=\"https:\/\/pokaa.fr\/2025\/12\/18\/lfi-vs-ecolos-a-strasbourg-une-plainte-pour-diffamation-ravive-les-tensions-a-gauche\/\" target=\"_blank\" rel=\"noopener\">parfois au prix de pol\u00e9miques<\/a>, <b>le candidat tire d\u00e9sormais vers Catherine Trautmann et Thierry Sother. Des repr\u00e9sentant(e)s d\u2019un \u00ab extr\u00eame-centre \u00bb<\/b> qui, face \u00e0 l\u2019extr\u00eame droite, \u00ab\u00a0pr\u00e9tend apporter les r\u00e9ponses aux maux qu\u2019ils ont en partie cr\u00e9\u00e9s.\u00a0\u00bb<\/p>\n<p class=\"p1\">Des attaques \u00e0 remettre dans le contexte national o\u00f9 le PS est jug\u00e9 par LFI comme b\u00e9quille de la macronie, <b>mais \u00e9galement dans une atmosph\u00e8re locale o\u00f9 Florian Kobryn sait qu\u2019il ne pourra pas, \u00e0 part immense surprise, gagner tout seul<\/b>. L\u2019hypoth\u00e9tique fusion s\u2019organisera selon le rapport de force \u00e9lectoral, et LFI vise naturellement \u00e0 passer en t\u00eate \u00e0 gauche pour \u00ab b\u00e9n\u00e9ficier des meilleures conditions de n\u00e9gociations \u00bb. <b>Il maintient toutefois qu\u2019il ne transigera pas sur la place accord\u00e9e \u00e0 la soci\u00e9t\u00e9 civile sur une hypoth\u00e9tique liste de fusion<\/b>, concluant : \u00ab\u00a0Ce sera aux \u00c9cologistes de se positionner.\u00a0\u00bb Rendez-vous le 15 mars.<\/p>\n","protected":false},"excerpt":{"rendered":"Le 27 janvier, Florian Kobryn a d\u00e9voil\u00e9 les 16 premiers noms qui composent la liste de la France&hellip;\n","protected":false},"author":2,"featured_media":695652,"comment_status":"","ping_status":"","sticky":false,"template":"","format":"standard","meta":{"footnotes":""},"categories":[2820],"tags":[1111,11,4188,1777,674,3678,1011,27,775,2338,3434,64946,12,25,640,58524],"class_list":{"0":"post-695651","1":"post","2":"type-post","3":"status-publish","4":"format-standard","5":"has-post-thumbnail","7":"category-strasbourg","8":"tag-actu","9":"tag-actualites","10":"tag-elections-municipales","11":"tag-eu","12":"tag-europe","13":"tag-florian-kobryn","14":"tag-fr","15":"tag-france","16":"tag-grand-est","17":"tag-la-france-insoumise","18":"tag-municipales-2026","19":"tag-municipales-2026-strasbourg","20":"tag-news","21":"tag-republique-francaise","22":"tag-strasbourg","23":"tag-strasbourg-actualite"},"share_on_mastodon":{"url":"https:\/\/pubeurope.com\/@fr\/115974313578501069","error":""},"_links":{"self":[{"href":"https:\/\/www.europesays.com\/fr\/wp-json\/wp\/v2\/posts\/695651","targetHints":{"allow":["GET"]}}],"collection":[{"href":"https:\/\/www.europesays.com\/fr\/wp-json\/wp\/v2\/posts"}],"about":[{"href":"https:\/\/www.europesays.com\/fr\/wp-json\/wp\/v2\/types\/post"}],"author":[{"embeddable":true,"href":"https:\/\/www.europesays.com\/fr\/wp-json\/wp\/v2\/users\/2"}],"replies":[{"embeddable":true,"href":"https:\/\/www.europesays.com\/fr\/wp-json\/wp\/v2\/comments?post=695651"}],"version-history":[{"count":0,"href":"https:\/\/www.europesays.com\/fr\/wp-json\/wp\/v2\/posts\/695651\/revisions"}],"wp:featuredmedia":[{"embeddable":true,"href":"https:\/\/www.europesays.com\/fr\/wp-json\/wp\/v2\/media\/695652"}],"wp:attachment":[{"href":"https:\/\/www.europesays.com\/fr\/wp-json\/wp\/v2\/media?parent=695651"}],"wp:term":[{"taxonomy":"category","embeddable":true,"href":"https:\/\/www.europesays.com\/fr\/wp-json\/wp\/v2\/categories?post=695651"},{"taxonomy":"post_tag","embeddable":true,"href":"https:\/\/www.europesays.com\/fr\/wp-json\/wp\/v2\/tags?post=695651"}],"curies":[{"name":"wp","href":"https:\/\/api.w.org\/{rel}","templated":true}]}}