{"id":695657,"date":"2026-01-28T19:14:21","date_gmt":"2026-01-28T19:14:21","guid":{"rendered":"https:\/\/www.europesays.com\/fr\/695657\/"},"modified":"2026-01-28T19:14:21","modified_gmt":"2026-01-28T19:14:21","slug":"amputee-depuis-30-ans-elle-beneficie-dune-operation-innovante-a-la-clinique","status":"publish","type":"post","link":"https:\/\/www.europesays.com\/fr\/695657\/","title":{"rendered":"amput\u00e9e depuis 30 ans, elle b\u00e9n\u00e9ficie d&rsquo;une op\u00e9ration innovante \u00e0 la clinique"},"content":{"rendered":"<p>                    Par<br \/>\n        <strong><br \/>\n            <a href=\"https:\/\/actu.fr\/auteur\/thomas-bernard\" title=\"Consulter tous les articles de Thomas Bernard\" target=\"_blank\" rel=\"noopener\">Thomas Bernard<\/a><br \/>\n                    <\/strong><\/p>\n<p>        Publi\u00e9 le<\/p>\n<p>            28 janv. 2026 \u00e0 11h54        <\/p>\n<p>\u00ab\u2009Une nouvelle \u00e9tape majeure dans l\u2019innovation m\u00e9dicale.\u2009\u00bb C\u2019est avec ces mots que <b>la clinique Jules Verne de Nantes<\/b> annonce la r\u00e9alisation d\u2019une op\u00e9ration de pointe en son sein.<\/p>\n<p class=\" wall-content\">Ce mercredi 28\u00a0janvier 2026, <b>la quatri\u00e8me pose de proth\u00e8se bionique en France, <\/b>chez une patiente amput\u00e9e du membre sup\u00e9rieur, va \u00eatre effectu\u00e9e au sein de l\u2019\u00e9tablissement nantais. Explications.<\/p>\n<p>Une premi\u00e8re en France<\/p>\n<p class=\" wall-content\">L\u2019intervention chirurgicale sera men\u00e9e par le docteur <b>Edward Keating-Hart<\/b>, chirurgien pionnier en France de la r\u00e9innervation musculaire cibl\u00e9e (TMR \u2013 Targeted Muscle Reinnervation).<\/p>\n<p class=\" wall-content\">\u00ab\u2009La TMR est une technique de chirurgie nerveuse avanc\u00e9e qui consiste \u00e0 rediriger des nerfs r\u00e9siduels vers des muscles cibl\u00e9s afin de les r\u00e9activer. Ces muscles, lorsqu\u2019ils se contractent, produisent des signaux capt\u00e9s par des \u00e9lectrodes\u2009: <b>la proth\u00e8se peut alors \u00eatre contr\u00f4l\u00e9e de mani\u00e8re plus naturelle<\/b>, par l\u2019intention du mouvement, permettant une gestuelle plus fluide et plus pr\u00e9cise, la proth\u00e8se devient donc contr\u00f4l\u00e9e par la pens\u00e9e\u2009\u00bb, d\u00e9crit la clinique Jules Verne dans un communiqu\u00e9 de presse transmis \u00e0 la r\u00e9daction d\u2019<a href=\"https:\/\/actu.fr\/nantes\/\" target=\"_blank\" rel=\"noopener\">actu Nantes<\/a>.<\/p>\n<p class=\" wall-content\">Trois patients ont b\u00e9n\u00e9fici\u00e9 de cette innovation depuis 2018. \u00c0 Nantes, c\u2019est une patiente de 49\u00a0ans, <b>amput\u00e9e au niveau de l\u2019\u00e9paule droite depuis 30\u00a0ans<\/b>, qui va b\u00e9n\u00e9ficier de l\u2019intervention chirurgicale.<\/p>\n<p class=\" wall-content\">\u00ab\u2009Elle sera la premi\u00e8re patiente fran\u00e7aise \u00e0 b\u00e9n\u00e9ficier d\u2019une chirurgie TMR associ\u00e9e <b>\u00e0 un appareillage enti\u00e8rement rembours\u00e9 par l\u2019Assurance Maladie<\/b>, offrant l\u2019espoir que cette technologie de pointe devienne plus accessible\u2009\u00bb, ajoute la clinique nantaise.<\/p>\n<p class=\" wall-content\">Apr\u00e8s l\u2019op\u00e9ration, la patiente suivra un parcours de r\u00e9\u00e9ducation sp\u00e9cialis\u00e9 dont le but est d\u2019int\u00e9grer un retour sensitif au niveau de la proth\u00e8se. Un dispositif con\u00e7u par la soci\u00e9t\u00e9 Advanced Care Technologies afin de rapprocher la proth\u00e8se du fonctionnement d\u2019un membre naturel (perception du contact, des textures, de la pression\u2026).\u00a0<\/p>\n<p>Votre r\u00e9gion, votre actu !<\/p>\n<p>Recevez chaque jour les infos qui comptent pour vous.<\/p>\n<p>\t<a href=\"https:\/\/actu.fr\/newsletter\" class=\"ac-btn ac-btn--corner ac-btn--medium ac-btn--blue800\" target=\"_blank\" rel=\"noopener\">S&rsquo;incrire<\/a><\/p>\n<p class=\" wall-content\">Une \u00e9quipe m\u00e9dicale du <b>CHU de Grenoble<\/b> assistera \u00e0 l\u2019op\u00e9ration pour se former \u00e0 l\u2019innovation TMR.<\/p>\n<p class=\" wall-content\">Personnalisez votre actualit\u00e9 en ajoutant vos villes et m\u00e9dias en favori avec <a href=\"https:\/\/moncompte.actu.fr\" title=\"D\u00e9couvez Mon Actu\" rel=\"nofollow noopener\" data-trk=\"{&quot;cta&quot;:{&quot;action&quot;:&quot;https:\\\/\\\/moncompte.actu.fr&quot;,&quot;category&quot;:&quot;mon compte&quot;,&quot;from&quot;:&quot;article footer&quot;,&quot;name&quot;:&quot;Mon actu&quot;,&quot;type&quot;:&quot;cta&quot;}}\" target=\"_blank\">Mon Actu<\/a>.<\/p>\n","protected":false},"excerpt":{"rendered":"Par Thomas Bernard Publi\u00e9 le 28 janv. 2026 \u00e0 11h54 \u00ab\u2009Une nouvelle \u00e9tape majeure dans l\u2019innovation m\u00e9dicale.\u2009\u00bb C\u2019est&hellip;\n","protected":false},"author":2,"featured_media":695658,"comment_status":"","ping_status":"","sticky":false,"template":"","format":"standard","meta":{"footnotes":""},"categories":[2818],"tags":[1111,11,1777,674,1011,27,5701,766,12,2636,25,71,2631],"class_list":{"0":"post-695657","1":"post","2":"type-post","3":"status-publish","4":"format-standard","5":"has-post-thumbnail","7":"category-nantes","8":"tag-actu","9":"tag-actualites","10":"tag-eu","11":"tag-europe","12":"tag-fr","13":"tag-france","14":"tag-innovation","15":"tag-nantes","16":"tag-news","17":"tag-pays-de-la-loire","18":"tag-republique-francaise","19":"tag-sante","20":"tag-sciences-technologie"},"share_on_mastodon":{"url":"https:\/\/pubeurope.com\/@fr\/115974325152024288","error":""},"_links":{"self":[{"href":"https:\/\/www.europesays.com\/fr\/wp-json\/wp\/v2\/posts\/695657","targetHints":{"allow":["GET"]}}],"collection":[{"href":"https:\/\/www.europesays.com\/fr\/wp-json\/wp\/v2\/posts"}],"about":[{"href":"https:\/\/www.europesays.com\/fr\/wp-json\/wp\/v2\/types\/post"}],"author":[{"embeddable":true,"href":"https:\/\/www.europesays.com\/fr\/wp-json\/wp\/v2\/users\/2"}],"replies":[{"embeddable":true,"href":"https:\/\/www.europesays.com\/fr\/wp-json\/wp\/v2\/comments?post=695657"}],"version-history":[{"count":0,"href":"https:\/\/www.europesays.com\/fr\/wp-json\/wp\/v2\/posts\/695657\/revisions"}],"wp:featuredmedia":[{"embeddable":true,"href":"https:\/\/www.europesays.com\/fr\/wp-json\/wp\/v2\/media\/695658"}],"wp:attachment":[{"href":"https:\/\/www.europesays.com\/fr\/wp-json\/wp\/v2\/media?parent=695657"}],"wp:term":[{"taxonomy":"category","embeddable":true,"href":"https:\/\/www.europesays.com\/fr\/wp-json\/wp\/v2\/categories?post=695657"},{"taxonomy":"post_tag","embeddable":true,"href":"https:\/\/www.europesays.com\/fr\/wp-json\/wp\/v2\/tags?post=695657"}],"curies":[{"name":"wp","href":"https:\/\/api.w.org\/{rel}","templated":true}]}}