{"id":695659,"date":"2026-01-28T19:15:09","date_gmt":"2026-01-28T19:15:09","guid":{"rendered":"https:\/\/www.europesays.com\/fr\/695659\/"},"modified":"2026-01-28T19:15:09","modified_gmt":"2026-01-28T19:15:09","slug":"pourquoi-le-manchois-frederic-guilbert-sengage-avec-le-fc-nantes","status":"publish","type":"post","link":"https:\/\/www.europesays.com\/fr\/695659\/","title":{"rendered":"pourquoi le Manchois Fr\u00e9d\u00e9ric Guilbert s\u2019engage avec le FC Nantes"},"content":{"rendered":"<p>                    Par<br \/>\n        <strong><br \/>\n            <a href=\"https:\/\/actu.fr\/auteur\/a-gotthold\" title=\"Consulter tous les articles de Alexis Gotthold\" target=\"_blank\" rel=\"noopener\">Alexis Gotthold<\/a><br \/>\n                    <\/strong><\/p>\n<p>        Publi\u00e9 le<\/p>\n<p>            28 janv. 2026 \u00e0 20h04        <\/p>\n<p>Ce mercredi 28\u00a0janvier 2026, le <b>Valognais Fr\u00e9d\u00e9ric Guilbert<\/b>, qui a rompu son contrat avec Lecce (D1 italienne), a sign\u00e9 au <b>FC Nantes<\/b> jusqu\u2019\u00e0 la fin de la saison.<\/p>\n<p>Il va enfin pouvoir rejouer<\/p>\n<p class=\" wall-content\">Cette signature sonne comme<b> la fin du calvaire pour le lat\u00e9ral droit de 31<\/b>\u00a0<b>ans<\/b>, qui n\u2019a plus jou\u00e9 la moindre minute depuis la derni\u00e8re journ\u00e9e du pr\u00e9c\u00e9dent exercice, le 25\u00a0mai 2025 pr\u00e9cis\u00e9ment, et un succ\u00e8s du club des Pouilles sur le terrain de la Lazio Rome (1-0).<\/p>\n<p class=\" wall-content\">Malgr\u00e9 une <b>premi\u00e8re saison pleine<\/b> en Serie A (31\u00a0matches de championnat et un en Coupe d\u2019Italie), le natif de Valognes n\u2019entrait plus dans les plans de l\u2019entra\u00eeneur<b> Marco Giampaolo,<\/b> au point de ne figurer sur aucune feuille de match.<\/p>\n<p class=\" wall-content\">\u00c0 Nantes, il est vou\u00e9 \u00e0 retrouver du temps de jeu. \u00ab\u2009Fr\u00e9d\u00e9ric Guilbert s\u2019appuie sur une solide exp\u00e9rience du haut niveau, explique son nouveau club dans un communiqu\u00e9 de presse. Le n\u00e9o-Canari apportera <b>leadership, caract\u00e8re et v\u00e9cu de la Ligue<\/b>\u00a0<b>1<\/b> au groupe d\u2019Ahmed Kantari.\u2009\u00bb<\/p>\n<p>Il rejoint un autre Manchois<\/p>\n<p class=\" wall-content\">Clin d\u2019\u0153il du destin, l\u2019ancien joueur de l\u2019AS <a href=\"https:\/\/actu.fr\/normandie\/cherbourg-en-cotentin_50129\" target=\"_blank\" rel=\"noopener\">Cherbourg<\/a> rejoint un autre Manchois,<b> Johann Lepenant, <\/b>au FCN. Le milieu granvillais de 23\u00a0ans est, lui, pr\u00e9sent depuis ao\u00fbt\u00a02024. Les deux joueurs n\u2019on<b>t jamais \u00e9volu\u00e9 ensemble<\/b>, puisqu\u2019ils se sont seulement crois\u00e9s \u00e0 Caen, Guilbert quittant Malherbe en 2019, quand Lepenant est arriv\u00e9 dans le Calvados un an plus tard.<\/p>\n<p class=\" wall-content\">Le club nantais entretient<b> une riche histoire <\/b>avec les joueurs originaires de la <a href=\"https:\/\/actu.fr\/normandie\/manche_50\" target=\"_blank\" rel=\"noopener\">Manche<\/a>. <b>Avant eux, <\/b>Jacky Simon y a jou\u00e9 de 1963 \u00e0 1968, obtenant deux titres de champion de France en\u00a01965 et\u00a01966. Fabrice Picot a port\u00e9 le maillot jaune et vert entre\u00a01977 et\u00a01984, remportant \u00e9galement deux fois le championnat, en\u00a01980 et\u00a01983. Enfin, Philippe Levavasseur, Nantais de\u00a01969 et\u00a01971, a \u00e9t\u00e9 finaliste de la Coupe de France en 1970.<\/p>\n<p>Il va d\u00e9couvrir un nouveau bastion<\/p>\n<p class=\" wall-content\">C\u2019est donc un nouveau club historique du football fran\u00e7ais que rejoint Fr\u00e9d\u00e9ric Guilbert. Parti de l\u2019AS Cherbourg en 2014, il avait rejoint <b>les Girondins de Bordeaux<\/b>, d\u00e9couvrant la Ligue\u00a01 le 5\u00a0avril 2015 lors d\u2019une victoire contre Lens (2-1). Il effectue 36\u00a0matches de L1 avec le sextuple champion de France, avant d\u2019\u00eatre pr\u00eat\u00e9, puis transf\u00e9r\u00e9, \u00e0 <b>Caen<\/b> (2016-2019), o\u00f9 il est l\u2019un des grands artisans de trois maintiens en premi\u00e8re division.<\/p>\n<p class=\" wall-content\">On le retrouve ensuite en Angleterre, \u00e0 <b>Aston Villa<\/b>, o\u00f9 il r\u00e9alise une premi\u00e8re saison prometteuse mais l\u2019histoire se termine par deux pr\u00eats puis un transfert \u00e0 <b>Strasbourg, <\/b>o\u00f9 il \u00e9volue pendant trois saisons et demie (2021-2024).<\/p>\n<p class=\" wall-content\">Personnalisez votre actualit\u00e9 en ajoutant vos villes et m\u00e9dias en favori avec <a href=\"https:\/\/moncompte.actu.fr\" title=\"D\u00e9couvez Mon Actu\" rel=\"nofollow noopener\" data-trk=\"{&quot;cta&quot;:{&quot;action&quot;:&quot;https:\\\/\\\/moncompte.actu.fr&quot;,&quot;category&quot;:&quot;mon compte&quot;,&quot;from&quot;:&quot;article footer&quot;,&quot;name&quot;:&quot;Mon actu&quot;,&quot;type&quot;:&quot;cta&quot;}}\" target=\"_blank\">Mon Actu<\/a>.<\/p>\n","protected":false},"excerpt":{"rendered":"Par Alexis Gotthold Publi\u00e9 le 28 janv. 2026 \u00e0 20h04 Ce mercredi 28\u00a0janvier 2026, le Valognais Fr\u00e9d\u00e9ric Guilbert,&hellip;\n","protected":false},"author":2,"featured_media":695660,"comment_status":"","ping_status":"","sticky":false,"template":"","format":"standard","meta":{"footnotes":""},"categories":[2818],"tags":[1111,11,3168,1777,674,462,63,1011,27,766,12,2636,9026,25,60],"class_list":{"0":"post-695659","1":"post","2":"type-post","3":"status-publish","4":"format-standard","5":"has-post-thumbnail","7":"category-nantes","8":"tag-actu","9":"tag-actualites","10":"tag-cotentin","11":"tag-eu","12":"tag-europe","13":"tag-fc-nantes","14":"tag-football","15":"tag-fr","16":"tag-france","17":"tag-nantes","18":"tag-news","19":"tag-pays-de-la-loire","20":"tag-portrait","21":"tag-republique-francaise","22":"tag-sports"},"share_on_mastodon":{"url":"https:\/\/pubeurope.com\/@fr\/115974329038793079","error":""},"_links":{"self":[{"href":"https:\/\/www.europesays.com\/fr\/wp-json\/wp\/v2\/posts\/695659","targetHints":{"allow":["GET"]}}],"collection":[{"href":"https:\/\/www.europesays.com\/fr\/wp-json\/wp\/v2\/posts"}],"about":[{"href":"https:\/\/www.europesays.com\/fr\/wp-json\/wp\/v2\/types\/post"}],"author":[{"embeddable":true,"href":"https:\/\/www.europesays.com\/fr\/wp-json\/wp\/v2\/users\/2"}],"replies":[{"embeddable":true,"href":"https:\/\/www.europesays.com\/fr\/wp-json\/wp\/v2\/comments?post=695659"}],"version-history":[{"count":0,"href":"https:\/\/www.europesays.com\/fr\/wp-json\/wp\/v2\/posts\/695659\/revisions"}],"wp:featuredmedia":[{"embeddable":true,"href":"https:\/\/www.europesays.com\/fr\/wp-json\/wp\/v2\/media\/695660"}],"wp:attachment":[{"href":"https:\/\/www.europesays.com\/fr\/wp-json\/wp\/v2\/media?parent=695659"}],"wp:term":[{"taxonomy":"category","embeddable":true,"href":"https:\/\/www.europesays.com\/fr\/wp-json\/wp\/v2\/categories?post=695659"},{"taxonomy":"post_tag","embeddable":true,"href":"https:\/\/www.europesays.com\/fr\/wp-json\/wp\/v2\/tags?post=695659"}],"curies":[{"name":"wp","href":"https:\/\/api.w.org\/{rel}","templated":true}]}}