{"id":69566,"date":"2025-05-02T14:56:22","date_gmt":"2025-05-02T14:56:22","guid":{"rendered":"https:\/\/www.europesays.com\/fr\/69566\/"},"modified":"2025-05-02T14:56:22","modified_gmt":"2025-05-02T14:56:22","slug":"exclu-gerard-depardieu-soutenu-par-fanny-ardant-son-geste-lourd-de-sens-pour-lacteur-apres-son-proces","status":"publish","type":"post","link":"https:\/\/www.europesays.com\/fr\/69566\/","title":{"rendered":"EXCLU G\u00e9rard Depardieu soutenu par Fanny Ardant, son geste lourd de sens pour l&rsquo;acteur apr\u00e8s son proc\u00e8s"},"content":{"rendered":"<p>Malgr\u00e9 les accusations et la temp\u00eate m\u00e9diatique, G\u00e9rard Depardieu peut compter sur un soutien ind\u00e9fectible : Fanny Ardant. Comme vous le r\u00e9v\u00e8le en exclusivit\u00e9 votre magazine Voici, l\u2019actrice vient de lui offrir bien plus que des simples mots\u2026<\/p>\n<p>Une chute brutale. Depuis <a href=\"https:\/\/www.voici.fr\/news-people\/gerard-depardieu-juge-pour-agression-sexuelles-le-verdict-sera-rendu-le-13-mai-2025-la-compagne-de-l-acteur-en-larmes-801453\" target=\"_blank\" rel=\"noopener\">les accusations d\u2019agressions sexuelles \u00e0 l\u2019encontre de G\u00e9rard Depardieu<\/a> et la diffusion d\u2019un Compl\u00e9ment d\u2019enqu\u00eate<strong> <\/strong>en d\u00e9cembre 2023, la carri\u00e8re du monstre sacr\u00e9 du cin\u00e9ma fran\u00e7ais a connu un coup d\u2019arr\u00eat. Plusieurs tournages ont \u00e9t\u00e9 suspendus, <a href=\"https:\/\/www.voici.fr\/news-people\/gerard-depardieu-accuse-de-violences-sexuelles-des-manifestants-perturbent-un-de-ses-spectacles-754858\" target=\"_blank\" rel=\"noopener\">sa tourn\u00e9e musicale \u00ab\u00a0Depardieu chante Barbara\u00a0\u00bb a \u00e9t\u00e9 annul\u00e9e<\/a>, et <a href=\"https:\/\/www.voici.fr\/news-people\/affaire-depardieu-plus-de-150-personnalites-signent-une-nouvelle-tribune-de-soutien-aux-victimes-presumees-774840\" target=\"_blank\" rel=\"noopener\">une tribune sign\u00e9e par une cinquantaine de personnalit\u00e9s du cin\u00e9ma<\/a> (dont Judith Godr\u00e8che, Ma\u00efwenn ou Camille) l\u2019a publiquement d\u00e9savou\u00e9. Si certains proches prennent la parole pour appeler \u00e0 la nuance, la majorit\u00e9 du milieu artistique a choisi de garder ses distances. R\u00e9sultat : <strong>l\u2019acteur de 76 ans est devenu persona non grata<\/strong> dans une industrie qui l\u2019avait autrefois port\u00e9 aux nues.<\/p>\n<p>Mais au milieu de cette temp\u00eate judiciaire et m\u00e9diatique, <strong>quelques proches continuent de lui tendre la main<\/strong>. Lors de son proc\u00e8s \u00e0 Paris en mars dernier, G\u00e9rard Depardieu a ainsi pu compter sur la pr\u00e9sence et les t\u00e9moignages de plusieurs fid\u00e8les : <a href=\"https:\/\/www.voici.fr\/news-people\/je-n-avais-plus-envie-de-venir-fanny-ardant-explique-pourquoi-elle-a-temoigne-en-faveur-de-gerard-depardieu-a-son-proces-801354\" target=\"_blank\" rel=\"noopener\">son ex-compagne Karine Silla, l\u2019acteur Vincent Perez\u2026 mais aussi et surtout Fanny Ardant<\/a>, avec qui il a partag\u00e9 l\u2019\u00e9cran dans La Femme d\u2019\u00e0 c\u00f4t\u00e9. L\u2019actrice de 74 ans a pris la parole devant le tribunal, saluant un homme \u00ab\u00a0hors du commun\u00a0\u00bb, et affirmant sans d\u00e9tour : \u00ab\u00a0Vous pouvez lui dire non.\u00a0\u00bb Une d\u00e9claration qui a d\u00e9clench\u00e9 la stupeur chez les plaignantes\u2026 mais aussi marqu\u00e9 les esprits. Car depuis le d\u00e9but de l\u2019affaire, <strong>Fanny Ardant n\u2019a jamais l\u00e2ch\u00e9 G\u00e9rard, et ne compte visiblement pas le faire de sit\u00f4t.<\/strong><\/p>\n<p>                                                                        <strong>Le geste fort de Fanny Ardant envers G\u00e9rard Depardieu<\/strong><\/p>\n<p>Car son soutien ne s\u2019arr\u00eate pas l\u00e0. <strong>Comme vous le r\u00e9v\u00e8le en exclusivit\u00e9 votre magazine Voici<\/strong>, Fanny Ardant va encore plus loin : elle a offert<strong> \u00e0 G\u00e9rard Depardieu un r\u00f4le dans son prochain long-m\u00e9trage<\/strong>, intitul\u00e9 Elle regardait sans plus rien voir, actuellement en tournage aux A\u00e7ores. Si certains s\u2019interrogent sur l\u2019opportunit\u00e9 d\u2019un retour \u00e0 l\u2019\u00e9cran si t\u00f4t, <strong>Fanny Ardant, elle, semble pr\u00eate \u00e0 assumer cette d\u00e9cision<\/strong>. Elle l\u2019avait d\u00e9fendu publiquement, <a href=\"https:\/\/www.voici.fr\/news-people\/gerard-depardieu-l-acteur-vise-par-une-nouvelle-enquete-pour-agression-sexuelle-778733\" target=\"_blank\" rel=\"noopener\">elle le prot\u00e8ge aujourd\u2019hui professionnellement<\/a>. Un geste fort, peut-\u00eatre risqu\u00e9, mais qui en dit long sur la fid\u00e9lit\u00e9 de l\u2019actrice. Une chose est s\u00fbre : leur complicit\u00e9, elle, ne semble pas avoir boug\u00e9 d\u2019un pouce. Et pour ceux qui veulent en juger par eux-m\u00eames, <strong>les photos exclusives de leur duo fusionnel sur le tournage sont \u00e0 d\u00e9couvrir dans <\/strong><strong>Voici,<\/strong><strong> en kiosque ce vendredi 2 mai.<\/strong><\/p>\n","protected":false},"excerpt":{"rendered":"Malgr\u00e9 les accusations et la temp\u00eate m\u00e9diatique, G\u00e9rard Depardieu peut compter sur un soutien ind\u00e9fectible : Fanny Ardant.&hellip;\n","protected":false},"author":2,"featured_media":69567,"comment_status":"","ping_status":"","sticky":false,"template":"","format":"standard","meta":{"footnotes":""},"categories":[1888],"tags":[11109,1111,1928,11,1927,1267,17185,1777,674,17184,1011,27,17183,12,1926,626,1925,5927,25,7618],"class_list":{"0":"post-69566","1":"post","2":"type-post","3":"status-publish","4":"format-standard","5":"has-post-thumbnail","7":"category-paris","8":"tag-accusations","9":"tag-actu","10":"tag-actu-paris","11":"tag-actualites","12":"tag-actualites-paris","13":"tag-agression-sexuelle","14":"tag-amitiu00e9","15":"tag-eu","16":"tag-europe","17":"tag-fanny-ardant","18":"tag-fr","19":"tag-france","20":"tag-gu00e9rard-depardieu","21":"tag-news","22":"tag-news-paris","23":"tag-paris","24":"tag-paris-news","25":"tag-procu00e8s","26":"tag-republique-francaise","27":"tag-soutien"},"share_on_mastodon":{"url":"https:\/\/pubeurope.com\/@fr\/114438824648499392","error":""},"_links":{"self":[{"href":"https:\/\/www.europesays.com\/fr\/wp-json\/wp\/v2\/posts\/69566","targetHints":{"allow":["GET"]}}],"collection":[{"href":"https:\/\/www.europesays.com\/fr\/wp-json\/wp\/v2\/posts"}],"about":[{"href":"https:\/\/www.europesays.com\/fr\/wp-json\/wp\/v2\/types\/post"}],"author":[{"embeddable":true,"href":"https:\/\/www.europesays.com\/fr\/wp-json\/wp\/v2\/users\/2"}],"replies":[{"embeddable":true,"href":"https:\/\/www.europesays.com\/fr\/wp-json\/wp\/v2\/comments?post=69566"}],"version-history":[{"count":0,"href":"https:\/\/www.europesays.com\/fr\/wp-json\/wp\/v2\/posts\/69566\/revisions"}],"wp:featuredmedia":[{"embeddable":true,"href":"https:\/\/www.europesays.com\/fr\/wp-json\/wp\/v2\/media\/69567"}],"wp:attachment":[{"href":"https:\/\/www.europesays.com\/fr\/wp-json\/wp\/v2\/media?parent=69566"}],"wp:term":[{"taxonomy":"category","embeddable":true,"href":"https:\/\/www.europesays.com\/fr\/wp-json\/wp\/v2\/categories?post=69566"},{"taxonomy":"post_tag","embeddable":true,"href":"https:\/\/www.europesays.com\/fr\/wp-json\/wp\/v2\/tags?post=69566"}],"curies":[{"name":"wp","href":"https:\/\/api.w.org\/{rel}","templated":true}]}}