{"id":695667,"date":"2026-01-28T19:19:09","date_gmt":"2026-01-28T19:19:09","guid":{"rendered":"https:\/\/www.europesays.com\/fr\/695667\/"},"modified":"2026-01-28T19:19:09","modified_gmt":"2026-01-28T19:19:09","slug":"indignation-apres-la-manifestation-a-toulouse","status":"publish","type":"post","link":"https:\/\/www.europesays.com\/fr\/695667\/","title":{"rendered":"indignation apr\u00e8s la manifestation \u00e0 Toulouse"},"content":{"rendered":"<p>                    Par<br \/>\n        <strong><br \/>\n            <a href=\"https:\/\/actu.fr\/auteur\/gilles-rolland\" title=\"Consulter tous les articles de Gilles Rolland\" target=\"_blank\" rel=\"noopener\">Gilles Rolland<\/a><br \/>\n                    <\/strong><\/p>\n<p>        Publi\u00e9 le<\/p>\n<p>            28 janv. 2026 \u00e0 20h02        <\/p>\n<p>Entre <strong>120 et 130 agriculteurs<\/strong> se sont rendus dans le centre-ville de Toulouse ce mardi 27\u00a0janvier 2026 afin d\u2019exprimer leurs revendications dans un contexte toujours <strong>extr\u00eamement tendu<\/strong>. Une manifestation qui a \u00e9t\u00e9 marqu\u00e9e dans des <strong>affrontements entre les agriculteurs et les forces de l\u2019ordre<\/strong> et qui s\u2019est sold\u00e9e par <strong>sept interpellations<\/strong> et 16 verbalisations. De quoi encourager <strong>Lionel Candelon<\/strong> \u00e0 s\u2019exprimer via un communiqu\u00e9 publi\u00e9 ce mercredi 28\u00a0janvier 2026.<\/p>\n<p>\u00ab\u2009Pris \u00e0 partie violemment\u2009\u00bb<\/p>\n<p class=\" wall-content\">\u00ab\u2009Hier soir, les agriculteurs d\u2019Occitanie et particuli\u00e8rement ceux du Gers ne sont pas tous rentr\u00e9s<strong> sains et saufs<\/strong> de la manifestation toulousaine.\u2009\u00bb Ainsi d\u00e9bute le communiqu\u00e9 du pr\u00e9sident de la Chambre d\u2019agriculture du Gers. Un texte dans lequel Lionel Candelon ne manque pas de mentionner que les \u00ab\u2009agriculteurs gersois, respectant scrupuleusement les consignes de manifestation en se rendant \u00e0 pied aux all\u00e9es Jean-Jaur\u00e8s toulousaines aux alentours de 9\u2009h pour un d\u00e9but de manifestation pr\u00e9vu \u00e0 10\u2009h, se sont vus pris \u00e0 partie violemment vers 9\u2009h\u200945 par les forces de l\u2019ordre.\u2009\u00bb<\/p>\n<p>La r\u00e9ponse de la pr\u00e9fecture<\/p>\n<p class=\" wall-content\">Si la pr\u00e9fecture avait bel et bien autoris\u00e9 la manifestation, elle souligne aujourd\u2019hui que les <strong>agriculteurs ont d\u00e9vi\u00e9 de l\u2019itin\u00e9raire annonc\u00e9<\/strong>, que les horaires n\u2019ont pas \u00e9t\u00e9 respect\u00e9s, et que <strong>plusieurs tracteurs ont tent\u00e9 d\u2019entrer en ville, malgr\u00e9 l\u2019interdiction<\/strong>. La pr\u00e9fecture a aussi rapport\u00e9 quatre bless\u00e9s parmi les forces de l\u2019ordre.<\/p>\n<p>\u00ab\u2009Deux agriculteurs particuli\u00e8rement touch\u00e9s au visage\u2009\u00bb<\/p>\n<p class=\" wall-content\">Des violences, Lionel Candelon ne manque pas d\u2019en mentionner dans son communiqu\u00e9\u2009: \u00ab\u2009Nous avons tous vu ce CRS (sans son num\u00e9ro RIO) s\u2019illustrer particuli\u00e8rement par la violence de ses coups de matraque et qui, \u00e0 lui seul, a bless\u00e9<strong> cinq de nos agriculteurs du Gers.<\/strong>\u2009\u00bb Le pr\u00e9sident poursuit en d\u00e9nombrant \u00ab\u2009deux agriculteurs particuli\u00e8rement touch\u00e9s au visage\u2009\u00bb et trois autres qui souffrent quant \u00e0 eux de \u00ab\u2009br\u00fblures au premier et deuxi\u00e8me degr\u00e9, suite aux projectiles des grenades.\u2009\u00bb<\/p>\n<p>\u00ab\u2009Le monde agricole ne peut tol\u00e9rer ces violences\u2009\u00bb<\/p>\n<p class=\" wall-content\">D\u00e9signant comme \u00ab\u00a0<strong>intol\u00e9rable<\/strong>\u00a0\u00bb ce qu\u2019il qualifie de \u00ab\u00a0violence des forces de l\u2019ordre\u00a0\u00bb, Lionel Candelon appelle le ministre de l\u2019Int\u00e9rieur \u00e0 \u00ab\u00a0faire la lumi\u00e8re sur les \u00e9v\u00e9nements d\u2019hier \u00e0 Toulouse\u00a0\u00bb, clamant que \u00ab\u00a0le monde agricole ne peut tol\u00e9rer ces violences, notamment lors d\u2019une manifestation qui d\u00e9butait \u00e0 peine.\u00a0\u00bb Le tout avant de <strong>r\u00e9clamer des excuses<\/strong> de la part de l\u2019\u00c9tat et de conclure en soulignant que les \u00ab\u00a0agriculteurs ne sont en rien des black blocs.\u00a0\u00bb\u00a0<\/p>\n<p>Votre r\u00e9gion, votre actu !<\/p>\n<p>Recevez chaque jour les infos qui comptent pour vous.<\/p>\n<p>\t<a href=\"https:\/\/actu.fr\/newsletter\" class=\"ac-btn ac-btn--corner ac-btn--medium ac-btn--blue800\" target=\"_blank\" rel=\"noopener\">S&rsquo;incrire<\/a><\/p>\n<p class=\" wall-content\">Un communiqu\u00e9 dans lequel Lionel Candelon \u00e9voque le \u00ab<strong>\u2009sang froid<\/strong>\u2009\u00bb des agriculteurs pr\u00e9sents sur place, et les salue pour ne pas \u00eatre entr\u00e9 \u00ab\u2009dans l\u2019escalade de violence.\u2009\u00bb<\/p>\n<p class=\" wall-content\">Personnalisez votre actualit\u00e9 en ajoutant vos villes et m\u00e9dias en favori avec <a href=\"https:\/\/moncompte.actu.fr\" title=\"D\u00e9couvez Mon Actu\" rel=\"nofollow noopener\" data-trk=\"{&quot;cta&quot;:{&quot;action&quot;:&quot;https:\\\/\\\/moncompte.actu.fr&quot;,&quot;category&quot;:&quot;mon compte&quot;,&quot;from&quot;:&quot;article footer&quot;,&quot;name&quot;:&quot;Mon actu&quot;,&quot;type&quot;:&quot;cta&quot;}}\" target=\"_blank\">Mon Actu<\/a>.<\/p>\n","protected":false},"excerpt":{"rendered":"Par Gilles Rolland Publi\u00e9 le 28 janv. 2026 \u00e0 20h02 Entre 120 et 130 agriculteurs se sont rendus&hellip;\n","protected":false},"author":2,"featured_media":695668,"comment_status":"","ping_status":"","sticky":false,"template":"","format":"standard","meta":{"footnotes":""},"categories":[2816],"tags":[1111,11,327,1777,674,1011,27,1272,12,2680,25,104,2312],"class_list":{"0":"post-695667","1":"post","2":"type-post","3":"status-publish","4":"format-standard","5":"has-post-thumbnail","7":"category-toulouse","8":"tag-actu","9":"tag-actualites","10":"tag-agriculture","11":"tag-eu","12":"tag-europe","13":"tag-fr","14":"tag-france","15":"tag-manifestations","16":"tag-news","17":"tag-occitanie","18":"tag-republique-francaise","19":"tag-societe","20":"tag-toulouse"},"share_on_mastodon":{"url":"https:\/\/pubeurope.com\/@fr\/115974344783370761","error":""},"_links":{"self":[{"href":"https:\/\/www.europesays.com\/fr\/wp-json\/wp\/v2\/posts\/695667","targetHints":{"allow":["GET"]}}],"collection":[{"href":"https:\/\/www.europesays.com\/fr\/wp-json\/wp\/v2\/posts"}],"about":[{"href":"https:\/\/www.europesays.com\/fr\/wp-json\/wp\/v2\/types\/post"}],"author":[{"embeddable":true,"href":"https:\/\/www.europesays.com\/fr\/wp-json\/wp\/v2\/users\/2"}],"replies":[{"embeddable":true,"href":"https:\/\/www.europesays.com\/fr\/wp-json\/wp\/v2\/comments?post=695667"}],"version-history":[{"count":0,"href":"https:\/\/www.europesays.com\/fr\/wp-json\/wp\/v2\/posts\/695667\/revisions"}],"wp:featuredmedia":[{"embeddable":true,"href":"https:\/\/www.europesays.com\/fr\/wp-json\/wp\/v2\/media\/695668"}],"wp:attachment":[{"href":"https:\/\/www.europesays.com\/fr\/wp-json\/wp\/v2\/media?parent=695667"}],"wp:term":[{"taxonomy":"category","embeddable":true,"href":"https:\/\/www.europesays.com\/fr\/wp-json\/wp\/v2\/categories?post=695667"},{"taxonomy":"post_tag","embeddable":true,"href":"https:\/\/www.europesays.com\/fr\/wp-json\/wp\/v2\/tags?post=695667"}],"curies":[{"name":"wp","href":"https:\/\/api.w.org\/{rel}","templated":true}]}}