{"id":695673,"date":"2026-01-28T19:22:10","date_gmt":"2026-01-28T19:22:10","guid":{"rendered":"https:\/\/www.europesays.com\/fr\/695673\/"},"modified":"2026-01-28T19:22:10","modified_gmt":"2026-01-28T19:22:10","slug":"poursuite-de-limmobilisation-du-petrolier-grinch","status":"publish","type":"post","link":"https:\/\/www.europesays.com\/fr\/695673\/","title":{"rendered":"poursuite de l&rsquo;immobilisation du p\u00e9trolier Grinch"},"content":{"rendered":"<p class=\"rev-margin-0 rev-text-xs-normal\">Le p\u00e9trolier Grinch (d), soup\u00e7onn\u00e9 d&rsquo;appartenir \u00e0 la flotte fant\u00f4me russe, au large de Martigues, pr\u00e8s du port de Marseille-Fos, le 25 janvier 2026, sous la surveillance de la Marine nationale fran\u00e7aise<\/p>\n<p class=\"rev-margin-0 rev-text-xs-bold\">PHOTO AFP \/ Thibaud MORITZ<\/p>\n<p>Le capitaine du navire, de nationalit\u00e9 indienne et \u00e2g\u00e9 de 58 ans, avait \u00e9t\u00e9 plac\u00e9 en garde \u00e0 vue tard samedi soir alors que le parquet avait ouvert une enqu\u00eate pr\u00e9liminaire pour \u00ab\u00a0d\u00e9faut de pavillon\u00a0\u00bb.<\/p>\n<p>L&rsquo;\u00e9quipage, \u00e9galement de nationalit\u00e9 indienne, avait \u00e9t\u00e9 maintenu \u00e0 bord du navire, au mouillage pr\u00e8s du port de Marseille-Fos, au nord de la deuxi\u00e8me ville de France.<\/p>\n<p>Lundi \u00ab\u00a0peu apr\u00e8s 18 heures, cette garde \u00e0 vue \u00e9tait lev\u00e9e et le capitaine regagnait son bateau, lequel faisait l&rsquo;objet d&rsquo;une immobilisation administrative\u00a0\u00bb, a annonc\u00e9 mercredi le parquet dans un communiqu\u00e9.<\/p>\n<p>\u00ab\u00a0Les investigations, men\u00e9es par la gendarmerie maritime sous la direction du parquet de Marseille, se poursuivent.\u00a0\u00bb<\/p>\n<p>La justice marseillaise avait ouvert son enqu\u00eate apr\u00e8s une op\u00e9ration des commandos marine fran\u00e7ais, qui ont arraisonn\u00e9 jeudi le p\u00e9trolier dans les eaux internationales entre l&rsquo;Espagne et l&rsquo;Afrique du Nord.<\/p>\n<p>Arborant le pavillon des Comores, le Grinch est soup\u00e7onn\u00e9 d&rsquo;appartenir \u00e0 une flotte de navires fant\u00f4mes qui permettent \u00e0 Moscou d&rsquo;exporter son p\u00e9trole en contournant les sanctions occidentales.<\/p>\n<p>Le parquet de Marseille avait indiqu\u00e9 dimanche que des enqu\u00eateurs devaient proc\u00e9der \u00e0 des v\u00e9rifications, notamment \u00e0 bord du bateau, pour contr\u00f4ler les documents de navigation ainsi que \u00ab\u00a0la validit\u00e9 du pavillon.\u00a0\u00bb<\/p>\n<p>\u00ab\u00a0Nous verrons quelles qualifications seront finalement retenues et quelles cons\u00e9quences au niveau p\u00e9nal\u00a0\u00bb, a indiqu\u00e9 \u00e0 l&rsquo;AFP une source proche du dossier s&rsquo;exprimant sous couvert d&rsquo;anonymat en raison de la sensibilit\u00e9 du dossier.<\/p>\n<p>Le sujet pourrait prendre jusqu&rsquo;\u00e0 \u00ab\u00a0quelques jours\u00a0\u00bb pour \u00eatre tranch\u00e9. Le sort du bateau \u00ab\u00a0fait partie de la r\u00e9ponse p\u00e9nale en discussion\u00a0\u00bb, a par ailleurs pr\u00e9cis\u00e9 cette source.<\/p>\n<p>Toujours selon cette source proche du dossier, parmi les options \u00e9tudi\u00e9es \u00e0 ce stade par la justice figure la proc\u00e9dure de plaider-coupable \u00e0 la fran\u00e7aise, une comparution sur reconnaissance pr\u00e9alable de culpabilit\u00e9 (CRPC). Mais \u00ab\u00a0ce n&rsquo;est pas la seule et ce n&rsquo;est pas forcement celle qui sera retenue\u00a0\u00bb, a-t-elle soulign\u00e9.<\/p>\n","protected":false},"excerpt":{"rendered":"Le p\u00e9trolier Grinch (d), soup\u00e7onn\u00e9 d&rsquo;appartenir \u00e0 la flotte fant\u00f4me russe, au large de Martigues, pr\u00e8s du port&hellip;\n","protected":false},"author":2,"featured_media":695674,"comment_status":"","ping_status":"","sticky":false,"template":"","format":"standard","meta":{"footnotes":""},"categories":[2814],"tags":[5734,1111,11,1777,674,27972,32876,1011,27,329,79109,79108,884,12,36215,33645,882,25,8013],"class_list":{"0":"post-695673","1":"post","2":"type-post","3":"status-publish","4":"format-standard","5":"has-post-thumbnail","7":"category-marseille","8":"tag-5734","9":"tag-actu","10":"tag-actualites","11":"tag-eu","12":"tag-europe","13":"tag-fantome","14":"tag-flotte","15":"tag-fr","16":"tag-france","17":"tag-france-monde","18":"tag-grinch","19":"tag-limmobilisation","20":"tag-marseille","21":"tag-news","22":"tag-petrolier","23":"tag-poursuite","24":"tag-provence-alpes-cote-dazur","25":"tag-republique-francaise","26":"tag-russe"},"share_on_mastodon":{"url":"https:\/\/pubeurope.com\/@fr\/115974356631917052","error":""},"_links":{"self":[{"href":"https:\/\/www.europesays.com\/fr\/wp-json\/wp\/v2\/posts\/695673","targetHints":{"allow":["GET"]}}],"collection":[{"href":"https:\/\/www.europesays.com\/fr\/wp-json\/wp\/v2\/posts"}],"about":[{"href":"https:\/\/www.europesays.com\/fr\/wp-json\/wp\/v2\/types\/post"}],"author":[{"embeddable":true,"href":"https:\/\/www.europesays.com\/fr\/wp-json\/wp\/v2\/users\/2"}],"replies":[{"embeddable":true,"href":"https:\/\/www.europesays.com\/fr\/wp-json\/wp\/v2\/comments?post=695673"}],"version-history":[{"count":0,"href":"https:\/\/www.europesays.com\/fr\/wp-json\/wp\/v2\/posts\/695673\/revisions"}],"wp:featuredmedia":[{"embeddable":true,"href":"https:\/\/www.europesays.com\/fr\/wp-json\/wp\/v2\/media\/695674"}],"wp:attachment":[{"href":"https:\/\/www.europesays.com\/fr\/wp-json\/wp\/v2\/media?parent=695673"}],"wp:term":[{"taxonomy":"category","embeddable":true,"href":"https:\/\/www.europesays.com\/fr\/wp-json\/wp\/v2\/categories?post=695673"},{"taxonomy":"post_tag","embeddable":true,"href":"https:\/\/www.europesays.com\/fr\/wp-json\/wp\/v2\/tags?post=695673"}],"curies":[{"name":"wp","href":"https:\/\/api.w.org\/{rel}","templated":true}]}}