{"id":69568,"date":"2025-05-02T14:57:08","date_gmt":"2025-05-02T14:57:08","guid":{"rendered":"https:\/\/www.europesays.com\/fr\/69568\/"},"modified":"2025-05-02T14:57:08","modified_gmt":"2025-05-02T14:57:08","slug":"marche-saint-honore-a-paris-la-renovation-du-temple-de-verre-bat-son-plein","status":"publish","type":"post","link":"https:\/\/www.europesays.com\/fr\/69568\/","title":{"rendered":"March\u00e9 Saint-Honor\u00e9\u00a0: \u00e0 Paris, la r\u00e9novation du \u00ab\u00a0Temple de verre\u00a0\u00bb bat son plein"},"content":{"rendered":"<p class=\"paragraph text_align_left\">\u00c0 quatre minutes \u00e0 pied des stations de m\u00e9tro Tuileries et Pyramides, \u00e0 cinq minutes de la place Vend\u00f4me et \u00e0 dix minutes du <a href=\"https:\/\/www.leparisien.fr\/culture-loisirs\/800-millions-deuros-de-travaux-au-musee-du-louvre-qui-va-payer-la-facture-28-01-2025-AKTSRXLINRB2LAG5ONNYKKV5TQ.php\" target=\"_blank\" rel=\"nofollow noopener\">mus\u00e9e du Louvre<\/a> et de l\u2019op\u00e9ra Garnier, la rue et la place du March\u00e9-Saint-Honor\u00e9, dans le Ier\u00a0arrondissement de Paris, sont au c\u0153ur d\u2019un quartier qui se veut \u00eatre l\u2019un des plus attractifs de la capitale. Et le th\u00e9\u00e2tre d\u2019une op\u00e9ration de <a href=\"https:\/\/www.leparisien.fr\/paris-75\/avant-le-reflexe-aurait-ete-de-demolir-a-paris-les-architectes-ne-jurent-plus-que-par-la-renovation-24-04-2025-NL6JZTTOSVCWHBPWXSEYOBCFFY.php\" target=\"_blank\" rel=\"nofollow noopener\">r\u00e9habilitation<\/a> d\u2019envergure.<\/p>\n<p class=\"paragraph text_align_left\">Plusieurs \u00e9tages au-dessus des passants, les ouvriers m\u00e8nent l\u2019impressionnante r\u00e9novation de celui qu\u2019on surnomme le \u00ab\u00a0Temple de verre\u00a0\u00bb, depuis sa construction \u00e0 la fin des ann\u00e9es 1990. Vendue par BNP Paribas en 2018 avant que les \u00e9quipes de la Banque ne quittent les lieux quelques ann\u00e9es plus tard, l\u2018\u0153uvre du c\u00e9l\u00e8bre architecte espagnol <a href=\"https:\/\/www.leparisien.fr\/culture-loisirs\/mort-de-larchitecte-ricardo-bofill-celebre-pour-ses-grands-ensembles-ayant-servi-de-decor-au-cinema-14-01-2022-52QKAPX5RNDOHKKLQGYSOGSQRU.php\" target=\"_blank\" rel=\"nofollow noopener\">Ricardo Bofill<\/a>, caract\u00e9ris\u00e9e par ses deux ailes de bureaux dispos\u00e9es autour de l\u2019historique passage des Jacobins, fait peau neuve.<\/p>\n","protected":false},"excerpt":{"rendered":"\u00c0 quatre minutes \u00e0 pied des stations de m\u00e9tro Tuileries et Pyramides, \u00e0 cinq minutes de la place&hellip;\n","protected":false},"author":2,"featured_media":69569,"comment_status":"","ping_status":"","sticky":false,"template":"","format":"standard","meta":{"footnotes":""},"categories":[1888],"tags":[11,1777,674,1011,27,1944,12,626,25],"class_list":{"0":"post-69568","1":"post","2":"type-post","3":"status-publish","4":"format-standard","5":"has-post-thumbnail","7":"category-paris","8":"tag-actualites","9":"tag-eu","10":"tag-europe","11":"tag-fr","12":"tag-france","13":"tag-ma-ville","14":"tag-news","15":"tag-paris","16":"tag-republique-francaise"},"share_on_mastodon":{"url":"https:\/\/pubeurope.com\/@fr\/114438828383950721","error":""},"_links":{"self":[{"href":"https:\/\/www.europesays.com\/fr\/wp-json\/wp\/v2\/posts\/69568","targetHints":{"allow":["GET"]}}],"collection":[{"href":"https:\/\/www.europesays.com\/fr\/wp-json\/wp\/v2\/posts"}],"about":[{"href":"https:\/\/www.europesays.com\/fr\/wp-json\/wp\/v2\/types\/post"}],"author":[{"embeddable":true,"href":"https:\/\/www.europesays.com\/fr\/wp-json\/wp\/v2\/users\/2"}],"replies":[{"embeddable":true,"href":"https:\/\/www.europesays.com\/fr\/wp-json\/wp\/v2\/comments?post=69568"}],"version-history":[{"count":0,"href":"https:\/\/www.europesays.com\/fr\/wp-json\/wp\/v2\/posts\/69568\/revisions"}],"wp:featuredmedia":[{"embeddable":true,"href":"https:\/\/www.europesays.com\/fr\/wp-json\/wp\/v2\/media\/69569"}],"wp:attachment":[{"href":"https:\/\/www.europesays.com\/fr\/wp-json\/wp\/v2\/media?parent=69568"}],"wp:term":[{"taxonomy":"category","embeddable":true,"href":"https:\/\/www.europesays.com\/fr\/wp-json\/wp\/v2\/categories?post=69568"},{"taxonomy":"post_tag","embeddable":true,"href":"https:\/\/www.europesays.com\/fr\/wp-json\/wp\/v2\/tags?post=69568"}],"curies":[{"name":"wp","href":"https:\/\/api.w.org\/{rel}","templated":true}]}}