{"id":695685,"date":"2026-01-28T19:29:10","date_gmt":"2026-01-28T19:29:10","guid":{"rendered":"https:\/\/www.europesays.com\/fr\/695685\/"},"modified":"2026-01-28T19:29:10","modified_gmt":"2026-01-28T19:29:10","slug":"iran-paris-et-madrie-soutiennent-linscription-des-gardiens-de-la-revolution-sur-la-liste-des-organisations-terroristes","status":"publish","type":"post","link":"https:\/\/www.europesays.com\/fr\/695685\/","title":{"rendered":"Iran : Paris et Madrie soutiennent l&rsquo;inscription des Gardiens de la r\u00e9volution sur la liste des organisations terroristes"},"content":{"rendered":"<p class=\"mb-4 text-lg md:leading-8 break-words\">La France et l&rsquo;Espagne ont manifest\u00e9 leur soutien \u00e0 la d\u00e9signation du Corps des gardiens de la r\u00e9volution islamique (CGRI) comme organisation terroriste, donnant ainsi un nouvel \u00e9lan \u00e0 une mesure symbolique que l&rsquo;Union europ\u00e9enne a longtemps r\u00e9pugn\u00e9 \u00e0 prendre.<\/p>\n<p class=\"mb-4 text-lg md:leading-8 break-words\">L&rsquo;id\u00e9e d&rsquo;inscrire le Corps des gardiens de la r\u00e9volution islamique sur une liste noire est revenue sur le tapis apr\u00e8s la violente r\u00e9pression des manifestants iraniens. Mais la France et l&rsquo;Espagne, deux grands \u00c9tats membres, ont exprim\u00e9 leur h\u00e9sitation, jetant de s\u00e9rieux doutes sur la possibilit\u00e9 d&rsquo;atteindre l&rsquo;unanimit\u00e9 n\u00e9cessaire.<\/p>\n<p class=\"mb-4 text-lg md:leading-8 break-words\">Le vent a tourn\u00e9 mercredi, un jour avant que les ministres des affaires \u00e9trang\u00e8res ne se r\u00e9unissent \u00e0 Bruxelles pour discuter de cette question br\u00fblante.<\/p>\n<p class=\"mb-4 text-lg md:leading-8 break-words\">\u00ab\u00a0La France soutient la d\u00e9signation du Corps des gardiens de la r\u00e9volution islamique sur la liste europ\u00e9enne des organisations terroristes\u00a0\u00bb, a d\u00e9clar\u00e9 l&rsquo;\u00c9lys\u00e9e.<\/p>\n<p class=\"mb-4 text-lg md:leading-8 break-words\">Des sources du minist\u00e8re espagnol des affaires \u00e9trang\u00e8res ont confirm\u00e9 que Madrid voterait en faveur de cette inscription.<\/p>\n<p class=\"mb-4 text-lg md:leading-8 break-words\">Le CGRI est accus\u00e9 d&rsquo;orchestrer la r\u00e9pression violente des manifestations en Iran, de fournir des armes \u00e0 la Russie, de lancer des missiles balistiques sur Isra\u00ebl et d&rsquo;entretenir des liens \u00e9troits avec des alli\u00e9s arm\u00e9s tels que le Hezbollah, le Hamas et les Houthis du Y\u00e9men.<\/p>\n<p class=\"mb-4 text-lg md:leading-8 break-words\">Les \u00c9tats-Unis, le Canada et l&rsquo;Australie ont d\u00e9j\u00e0 d\u00e9sign\u00e9 le CGRI comme une organisation terroriste. L&rsquo;Allemagne et les Pays-Bas ont \u00e0 plusieurs reprises exhort\u00e9 l&rsquo;Union europ\u00e9enne \u00e0 leur embo\u00eeter le pas.<\/p>\n<p class=\"mb-4 text-lg md:leading-8 break-words\">En d\u00e9but de semaine, l&rsquo;Italie, qui \u00e9tait initialement r\u00e9ticente, a d\u00e9cid\u00e9 d&rsquo;approuver la d\u00e9cision apr\u00e8s que de nouvelles donn\u00e9es ont mis en \u00e9vidence l&rsquo;ampleur de la r\u00e9pression brutale exerc\u00e9e par l&rsquo;Iran contre les manifestations de rue.<\/p>\n<p class=\"mb-4 text-lg md:leading-8 break-words\">Selon l&rsquo;agence de presse Human Rights Activists News Agency, qui v\u00e9rifie chaque d\u00e9c\u00e8s gr\u00e2ce \u00e0 un r\u00e9seau d&rsquo;activistes en Iran, au moins 5 777 Iraniens ont \u00e9t\u00e9 tu\u00e9s. (La coupure d&rsquo;Internet a compliqu\u00e9 la collecte d&rsquo;informations).<\/p>\n<p class=\"mb-4 text-lg md:leading-8 break-words\">\u00ab\u00a0La brutalit\u00e9 de ce que nous voyons a amen\u00e9 les ministres et les capitales \u00e0 reconsid\u00e9rer leurs positions\u00a0\u00bb, a d\u00e9clar\u00e9 un diplomate de haut rang sous le couvert de l&rsquo;anonymat.<\/p>\n<p class=\"mb-4 text-lg md:leading-8 break-words\">\u00ab\u00a0Il s&rsquo;agit d&rsquo;un signal important adress\u00e9 au gouvernement iranien et d&rsquo;une expression de soutien \u00e0 la diaspora iranienne, qui r\u00e9clame cette mesure depuis longtemps.<\/p>\n<p class=\"mb-4 text-lg md:leading-8 break-words\">D\u00e9signer le CGRI comme organisation terroriste impliquerait un gel des avoirs, une interdiction de fournir des fonds et une interdiction de voyager pour tous ses membres, dont beaucoup sont d\u00e9j\u00e0 soumis \u00e0 ces restrictions dans le cadre du r\u00e9gime de sanctions de l&rsquo;UE.<\/p>\n<p class=\"mb-4 text-lg md:leading-8 break-words\">Il s&rsquo;agirait \u00e9galement d&rsquo;une r\u00e9pudiation symbolique d&rsquo;une organisation paramilitaire qui est en fait une branche de l&rsquo;\u00c9tat sous l&#8217;emprise du guide supr\u00eame Ali Khamenei.<\/p>\n","protected":false},"excerpt":{"rendered":"La France et l&rsquo;Espagne ont manifest\u00e9 leur soutien \u00e0 la d\u00e9signation du Corps des gardiens de la r\u00e9volution&hellip;\n","protected":false},"author":2,"featured_media":695686,"comment_status":"","ping_status":"","sticky":false,"template":"","format":"standard","meta":{"footnotes":""},"categories":[1888],"tags":[1111,1928,11,1927,79110,6725,1777,674,1011,27,79111,2288,12,1926,62635,626,1925,25],"class_list":{"0":"post-695685","1":"post","2":"type-post","3":"status-publish","4":"format-standard","5":"has-post-thumbnail","7":"category-paris","8":"tag-actu","9":"tag-actu-paris","10":"tag-actualites","11":"tag-actualites-paris","12":"tag-cgri","13":"tag-corps","14":"tag-eu","15":"tag-europe","16":"tag-fr","17":"tag-france","18":"tag-gardiens-de-la-revolution-islamique","19":"tag-ministres-des-affaires-etrangeres","20":"tag-news","21":"tag-news-paris","22":"tag-organisation-terroriste","23":"tag-paris","24":"tag-paris-news","25":"tag-republique-francaise"},"share_on_mastodon":{"url":"https:\/\/pubeurope.com\/@fr\/115974384099263030","error":""},"_links":{"self":[{"href":"https:\/\/www.europesays.com\/fr\/wp-json\/wp\/v2\/posts\/695685","targetHints":{"allow":["GET"]}}],"collection":[{"href":"https:\/\/www.europesays.com\/fr\/wp-json\/wp\/v2\/posts"}],"about":[{"href":"https:\/\/www.europesays.com\/fr\/wp-json\/wp\/v2\/types\/post"}],"author":[{"embeddable":true,"href":"https:\/\/www.europesays.com\/fr\/wp-json\/wp\/v2\/users\/2"}],"replies":[{"embeddable":true,"href":"https:\/\/www.europesays.com\/fr\/wp-json\/wp\/v2\/comments?post=695685"}],"version-history":[{"count":0,"href":"https:\/\/www.europesays.com\/fr\/wp-json\/wp\/v2\/posts\/695685\/revisions"}],"wp:featuredmedia":[{"embeddable":true,"href":"https:\/\/www.europesays.com\/fr\/wp-json\/wp\/v2\/media\/695686"}],"wp:attachment":[{"href":"https:\/\/www.europesays.com\/fr\/wp-json\/wp\/v2\/media?parent=695685"}],"wp:term":[{"taxonomy":"category","embeddable":true,"href":"https:\/\/www.europesays.com\/fr\/wp-json\/wp\/v2\/categories?post=695685"},{"taxonomy":"post_tag","embeddable":true,"href":"https:\/\/www.europesays.com\/fr\/wp-json\/wp\/v2\/tags?post=695685"}],"curies":[{"name":"wp","href":"https:\/\/api.w.org\/{rel}","templated":true}]}}