{"id":695691,"date":"2026-01-28T19:32:14","date_gmt":"2026-01-28T19:32:14","guid":{"rendered":"https:\/\/www.europesays.com\/fr\/695691\/"},"modified":"2026-01-28T19:32:14","modified_gmt":"2026-01-28T19:32:14","slug":"elon-musk-et-starlink-pris-a-partie-par-la-pologne-la-flotte-fantome-russe-dans-le-viseur","status":"publish","type":"post","link":"https:\/\/www.europesays.com\/fr\/695691\/","title":{"rendered":"Elon Musk et Starlink pris \u00e0 partie par la Pologne, la flotte fant\u00f4me russe dans le viseur"},"content":{"rendered":"<p>Vous avez rat\u00e9 les derniers \u00e9v\u00e9nements sur la <a href=\"https:\/\/www.20minutes.fr\/monde\/ukraine\/\" class=\"c-link c-link--is-underlined\" target=\"_blank\" rel=\"noopener\">guerre en Ukraine<\/a>\u00a0? 20 Minutes fait le point pour vous tous les soirs. Voici l\u2019essentiel de ce mercredi 28\u00a0janvier, au 1.434e jour du conflit.<\/p>\n<p>Le fait du jour<\/p>\n<p>Le chef de la diplomatie polonaise appelle <a href=\"https:\/\/www.20minutes.fr\/dossier\/elon_musk\" class=\"c-link c-link--is-underlined\" target=\"_blank\" rel=\"noopener\">Elon Musk<\/a> \u00e0 couper les acc\u00e8s en Russie de son r\u00e9seau de t\u00e9l\u00e9communications par satellite Starlink. \u00ab\u00a0Hey, grand homme, @elonmusk, pourquoi tu n\u2019emp\u00eaches pas les Russes d\u2019utiliser Starlink pour viser les villes ukrainiennes. Faire de l\u2019argent sur des crimes de guerre nuit \u00e0 ta marque\u00a0\u00bb, a \u00e9crit Radoslaw Sikorski sur son compte X. Celui qui est \u00e9galement vice-Premier ministre r\u00e9agissait \u00e0 un post de l\u2019Institut am\u00e9ricain pour l\u2019\u00e9tude de la guerre (ISW) sur l\u2019usage militaire du r\u00e9seau Starlink par la Russie.<\/p>\n<p>\u00ab\u00a0Les forces russes utilisent de plus en plus souvent les syst\u00e8mes satellites Starlink pour \u00e9tendre la port\u00e9e de leurs drones d\u2019attaque BM-35 afin de mener des frappes de moyenne port\u00e9e contre les arri\u00e8res en Ukraine\u00a0\u00bb, affirme l\u2019ISW. \u00ab\u00a0La port\u00e9e pr\u00e9sum\u00e9e de 500 kilom\u00e8tres des drones BM-35 connect\u00e9s \u00e0 Starlink met la majeure partie de l\u2019Ukraine, toute la Moldavie et certaines r\u00e9gions de la <a href=\"https:\/\/www.20minutes.fr\/dossier\/pologne\" class=\"c-link c-link--is-underlined\" target=\"_blank\" rel=\"noopener\">Pologne<\/a>, de la Roumanie et de la Lituanie \u00e0 port\u00e9e de ces drones s\u2019ils sont lanc\u00e9s depuis la Russie ou l\u2019Ukraine occup\u00e9e\u00a0\u00bb, ajoute l\u2019institut.<\/p>\n<p><\/p>\n<p>Selon les services de renseignement ukrainiens, les terminaux Starlink obtenus par l\u2019arm\u00e9e russe l\u2019ont \u00e9t\u00e9 via des circuits parall\u00e8les tels que des importations par des pays tiers, et non via une vente officielle par la soci\u00e9t\u00e9 d\u2019Elon Musk.<\/p>\n<p>Ce mercredi, une nouvelle frappe russe a fait deux morts pr\u00e8s de Kiev.<\/p>\n<p>La d\u00e9claration du jour<\/p>\n<blockquote class=\"mx-m@xs mx-xxl@md color-ultramarine c-citation\">\n<p class=\"font-weight-regular@xs text-italic font-source-serif-pro text-l@xs c-citation__content\">\u00ab\u00a0La Russie ne serait pas en mesure de soutenir une guerre \u00e0 grande \u00e9chelle en Ukraine depuis pr\u00e8s de quatre ans sans l\u2019aide de la Chine\u00a0\u00bb<\/p>\n<\/blockquote>\n<p>L\u2019avertissement lanc\u00e9 depuis Paris par Mette Frederiksen, la Premi\u00e8re ministre danoise, aux pays qui seraient tent\u00e9s de se rapprocher de la <a href=\"https:\/\/www.20minutes.fr\/dossier\/chine\" class=\"c-link c-link--is-underlined\" target=\"_blank\" rel=\"noopener\">Chine<\/a> en r\u00e9action au comportement de <a href=\"https:\/\/www.20minutes.fr\/dossier\/donald_trump\" class=\"c-link c-link--is-underlined\" target=\"_blank\" rel=\"noopener\">Donald Trump<\/a> sur le <a href=\"https:\/\/www.20minutes.fr\/dossier\/groenland\" class=\"c-link c-link--is-underlined\" target=\"_blank\" rel=\"noopener\">Groenland<\/a>.<\/p>\n<p>Le chiffre du jour<\/p>\n<p>2\u00a0millions. La guerre en Ukraine a fait pr\u00e8s de deux millions de victimes militaires russes et ukrainiennes \u2013 bless\u00e9s, tu\u00e9s et disparus confondus \u2013 selon une \u00e9tude publi\u00e9e mardi par le Center for Strategic and International Studies (CSIS), un cercle de r\u00e9flexion am\u00e9ricain.<\/p>\n<p>Moscou a subi le plus gros des pertes, avec 325.000 morts sur un total estim\u00e9 \u00e0 1,2\u00a0million de victimes. \u00ab\u00a0Aucune grande puissance n\u2019a subi autant de morts et de victimes dans aucune guerre depuis la Seconde Guerre mondiale\u00a0\u00bb, souligne le CSIS, qui affirme que \u00ab\u00a0les forces russes avancent remarquablement lentement sur le champ de bataille\u00a0\u00bb.<\/p>\n<p>Kiev a \u00e9galement subi des pertes importantes. Le conflit a caus\u00e9 entre 500.000 et 600.000 victimes, parmi lesquelles 100.000 \u00e0 140.000 morts \u2013 entre f\u00e9vrier\u00a02022 et d\u00e9cembre\u00a02025, selon le groupe de r\u00e9flexion.<\/p>\n<p>La tendance<\/p>\n<p>L\u2019Ukraine a appel\u00e9 mercredi l\u2019UE \u00e0 ne pas avoir \u00ab\u00a0peur\u00a0\u00bb et \u00e0 agir \u00ab\u00a0physiquement\u00a0\u00bb contre la flotte fant\u00f4me transportant le p\u00e9trole de la Russie. Selon Vladyslav Vlassiouk, le repr\u00e9sentant sp\u00e9cial de la pr\u00e9sidence ukrainienne charg\u00e9 des sanctions, en visite ce mercredi \u00e0 Berlin, le volume de p\u00e9trole transport\u00e9 par la flotte fant\u00f4me \u00e9tait le m\u00eame en\u00a02025 que l\u2019ann\u00e9e pr\u00e9c\u00e9dente, jouant un r\u00f4le cl\u00e9 dans le financement de l\u2019effort de guerre russe.<\/p>\n<p><a href=\"http:\/\/www.20minutes.fr\/monde\/ukraine\" class=\"c-link c-btn c-btn--primary\" target=\"_blank\" rel=\"noopener\">Notre dossier sur la guerre en Ukraine<\/a><\/p>\n<p>\u00ab\u00a0Si certains pays de l\u2019UE commen\u00e7aient \u00e0 arr\u00eater physiquement ces vaisseaux, je peux vous promettre que rien n\u2019arriverait car les Russes ne sont pas aussi effrayants qu\u2019ils veulent le faire croire. N\u2019ayez pas peur, travaillons\u00a0\u00bb, a lanc\u00e9 Vladyslav Vlassiouk, indiquant vouloir abaisser le volume de p\u00e9trole transport\u00e9 de 10-20\u00a0%. \u00ab\u00a0Nous avons appr\u00e9ci\u00e9 les actions du gouvernement am\u00e9ricain r\u00e9cemment s\u2019agissant de six ou sept p\u00e9troliers, certains li\u00e9s \u00e0 la Russie. Nous trouvons que c\u2019est un moyen tr\u00e8s efficace de mettre en \u0153uvre des sanctions\u00a0\u00bb, a ajout\u00e9 le responsable ukrainien, faisant r\u00e9f\u00e9rence aux saisies de navires en lien avec le <a href=\"https:\/\/www.20minutes.fr\/monde\/venezuela\/\" class=\"c-link c-link--is-underlined\" target=\"_blank\" rel=\"noopener\">Venezuela<\/a>.<\/p>\n","protected":false},"excerpt":{"rendered":"Vous avez rat\u00e9 les derniers \u00e9v\u00e9nements sur la guerre en Ukraine\u00a0? 20 Minutes fait le point pour vous&hellip;\n","protected":false},"author":2,"featured_media":695692,"comment_status":"","ping_status":"","sticky":false,"template":"","format":"standard","meta":{"footnotes":""},"categories":[1591],"tags":[11,309,145,75,46,73,1887,131,12,844,2437,1885,1886,132,337],"class_list":{"0":"post-695691","1":"post","2":"type-post","3":"status-publish","4":"format-standard","5":"has-post-thumbnail","7":"category-russie","8":"tag-actualites","9":"tag-chine","10":"tag-danemark","11":"tag-donald-trump","12":"tag-elon-musk","13":"tag-etats-unis","14":"tag-federation-de-russie","15":"tag-guerre-en-ukraine","16":"tag-news","17":"tag-petrole","18":"tag-pologne","19":"tag-russia","20":"tag-russian-federation","21":"tag-russie","22":"tag-venezuela"},"share_on_mastodon":{"url":"https:\/\/pubeurope.com\/@fr\/115974395879833042","error":""},"_links":{"self":[{"href":"https:\/\/www.europesays.com\/fr\/wp-json\/wp\/v2\/posts\/695691","targetHints":{"allow":["GET"]}}],"collection":[{"href":"https:\/\/www.europesays.com\/fr\/wp-json\/wp\/v2\/posts"}],"about":[{"href":"https:\/\/www.europesays.com\/fr\/wp-json\/wp\/v2\/types\/post"}],"author":[{"embeddable":true,"href":"https:\/\/www.europesays.com\/fr\/wp-json\/wp\/v2\/users\/2"}],"replies":[{"embeddable":true,"href":"https:\/\/www.europesays.com\/fr\/wp-json\/wp\/v2\/comments?post=695691"}],"version-history":[{"count":0,"href":"https:\/\/www.europesays.com\/fr\/wp-json\/wp\/v2\/posts\/695691\/revisions"}],"wp:featuredmedia":[{"embeddable":true,"href":"https:\/\/www.europesays.com\/fr\/wp-json\/wp\/v2\/media\/695692"}],"wp:attachment":[{"href":"https:\/\/www.europesays.com\/fr\/wp-json\/wp\/v2\/media?parent=695691"}],"wp:term":[{"taxonomy":"category","embeddable":true,"href":"https:\/\/www.europesays.com\/fr\/wp-json\/wp\/v2\/categories?post=695691"},{"taxonomy":"post_tag","embeddable":true,"href":"https:\/\/www.europesays.com\/fr\/wp-json\/wp\/v2\/tags?post=695691"}],"curies":[{"name":"wp","href":"https:\/\/api.w.org\/{rel}","templated":true}]}}