{"id":69570,"date":"2025-05-02T14:58:11","date_gmt":"2025-05-02T14:58:11","guid":{"rendered":"https:\/\/www.europesays.com\/fr\/69570\/"},"modified":"2025-05-02T14:58:11","modified_gmt":"2025-05-02T14:58:11","slug":"panne-electrique-a-gare-du-nord-le-trafic-des-rer-b-et-d-tres-perturbe-en-partie-coupe-a-paris","status":"publish","type":"post","link":"https:\/\/www.europesays.com\/fr\/69570\/","title":{"rendered":"Panne \u00e9lectrique \u00e0 Gare du Nord\u00a0: le trafic des RER B et D tr\u00e8s perturb\u00e9, en partie coup\u00e9 \u00e0 Paris"},"content":{"rendered":"<p class=\"paragraph text_align_left\">Attention si vous avez pr\u00e9vu de partir en week-end ce vendredi soir. Depuis 15h20, le trafic du <a href=\"https:\/\/www.leparisien.fr\/info-paris-ile-de-france-oise\/transports\/rer-d\/\" target=\"_self\" rel=\"nofollow noopener\">RER D<\/a> est totalement interrompu entre la Gare du Nord et la Gare de Lyon, <a href=\"https:\/\/www.leparisien.fr\/info-paris-ile-de-france-oise\/transports\/gare-du-nord-grosse-pagaille-cet-apres-midi-apres-un-incident-a-garges-le-trafic-reprend-progressivement-30-04-2025-HGC64FMYTZCUFDO6NBM7WSRL3E.php\" target=\"_self\" rel=\"nofollow noopener\">en raison d\u2019une panne \u00e9lectrique \u00e0 Gare du Nord<\/a>. La circulation ne devrait pas reprendre avant 19h et le trafic est \u00ab fortement ralenti \u00bb sur le reste de la ligne. <\/p>\n<blockquote class=\"twitter-tweet\">\n<p lang=\"fr\" dir=\"ltr\">\u26a0\ufe0f<a href=\"https:\/\/twitter.com\/hashtag\/RERD?src=hash&amp;ref_src=twsrc%5Etfw\" rel=\"nofollow noopener\" target=\"_blank\">#RERD<\/a> <\/p>\n<p>\ud83d\udce2Point Infos : [16h11]<\/p>\n<p>Suite \u00e0 une coupure d\u2019alimentation \u00e9lectrique \u00e0 Paris Gare du Nord, le trafic reste interrompu entre Gare de Lyon et Gare du Nord jusqu&rsquo;\u00e0 19h, et fortement ralenti sur le reste de la ligne.<\/p>\n<p>Les \u00e9quipes de maintenance sont actuellement sur place<\/p>\n<p>\u2014 RER D (@RERD_SNCF) <a href=\"https:\/\/twitter.com\/RERD_SNCF\/status\/1918307618164002936?ref_src=twsrc%5Etfw\" rel=\"nofollow noopener\" target=\"_blank\">May 2, 2025<\/a><\/p><\/blockquote>\n<p class=\"paragraph text_align_left\">Cette panne \u00e9lectrique implique \u00e9galement de grosses perturbations sur le <a href=\"https:\/\/www.leparisien.fr\/info-paris-ile-de-france-oise\/transports\/rer-b\/\" target=\"_self\" rel=\"nofollow noopener\">RER B<\/a>. Ainsi, la SNCF indique sur X que le trafic est interrompu entre la Gare du Nord et Ch\u00e2telet-les-Halles. D\u2019abord pr\u00e9vue \u00e0 15h45, la reprise du trafic a \u00e9t\u00e9 repouss\u00e9e \u00e0 17h15, puis \u00e0 19 heures. \u00ab Les \u00e9quipes sont sur place et proc\u00e8dent \u00e0 la maintenance pour r\u00e9tablir l\u2019alimentation \u00e9lectrique \u00bb, peut-on lire.<\/p>\n<p>Des trains suppl\u00e9mentaires \u00e0 Laplace<\/p>\n<p class=\"paragraph text_align_left\">Toujours concernant le RER B, des trains suppl\u00e9mentaires partent de Laplace, \u00e0 Arcueil (Val-de-Marne), direction Robinson sur la voie Z et les voyageurs sont invit\u00e9s \u00e0 effectuer un changement en gare de Laplace pour poursuivre leurs trajets.<\/p>\n<p class=\"paragraph text_align_left\">Cette panne \u00e9lectrique occasionne \u00e9galement des suppressions et des retards de transiliens au d\u00e9part de la Gare du Nord. Ainsi, plusieurs trains de la ligne H ont \u00e9t\u00e9 supprim\u00e9s quand le trafic de la ligne K est interrompu jusqu\u2019\u00e0 19 heures entre Gare du Nord et Cr\u00e9py-en-Valois. Concernant les TER et TGV au d\u00e9part de la gare, ils sont toujours annonc\u00e9s \u00e0 l\u2019heure.<\/p>\n<p class=\"paragraph text_align_left\"><b>Plus d\u2019informations \u00e0 suivre\u2026<\/b><\/p>\n<p><script async src=\"https:\/\/platform.twitter.com\/widgets.js\" charset=\"utf-8\"><\/script><\/p>\n","protected":false},"excerpt":{"rendered":"Attention si vous avez pr\u00e9vu de partir en week-end ce vendredi soir. Depuis 15h20, le trafic du RER&hellip;\n","protected":false},"author":2,"featured_media":69571,"comment_status":"","ping_status":"","sticky":false,"template":"","format":"standard","meta":{"footnotes":""},"categories":[1888],"tags":[11,1777,674,1011,27,1944,12,626,25],"class_list":{"0":"post-69570","1":"post","2":"type-post","3":"status-publish","4":"format-standard","5":"has-post-thumbnail","7":"category-paris","8":"tag-actualites","9":"tag-eu","10":"tag-europe","11":"tag-fr","12":"tag-france","13":"tag-ma-ville","14":"tag-news","15":"tag-paris","16":"tag-republique-francaise"},"share_on_mastodon":{"url":"https:\/\/pubeurope.com\/@fr\/114438832383920920","error":""},"_links":{"self":[{"href":"https:\/\/www.europesays.com\/fr\/wp-json\/wp\/v2\/posts\/69570","targetHints":{"allow":["GET"]}}],"collection":[{"href":"https:\/\/www.europesays.com\/fr\/wp-json\/wp\/v2\/posts"}],"about":[{"href":"https:\/\/www.europesays.com\/fr\/wp-json\/wp\/v2\/types\/post"}],"author":[{"embeddable":true,"href":"https:\/\/www.europesays.com\/fr\/wp-json\/wp\/v2\/users\/2"}],"replies":[{"embeddable":true,"href":"https:\/\/www.europesays.com\/fr\/wp-json\/wp\/v2\/comments?post=69570"}],"version-history":[{"count":0,"href":"https:\/\/www.europesays.com\/fr\/wp-json\/wp\/v2\/posts\/69570\/revisions"}],"wp:featuredmedia":[{"embeddable":true,"href":"https:\/\/www.europesays.com\/fr\/wp-json\/wp\/v2\/media\/69571"}],"wp:attachment":[{"href":"https:\/\/www.europesays.com\/fr\/wp-json\/wp\/v2\/media?parent=69570"}],"wp:term":[{"taxonomy":"category","embeddable":true,"href":"https:\/\/www.europesays.com\/fr\/wp-json\/wp\/v2\/categories?post=69570"},{"taxonomy":"post_tag","embeddable":true,"href":"https:\/\/www.europesays.com\/fr\/wp-json\/wp\/v2\/tags?post=69570"}],"curies":[{"name":"wp","href":"https:\/\/api.w.org\/{rel}","templated":true}]}}