{"id":695708,"date":"2026-01-28T19:41:13","date_gmt":"2026-01-28T19:41:13","guid":{"rendered":"https:\/\/www.europesays.com\/fr\/695708\/"},"modified":"2026-01-28T19:41:13","modified_gmt":"2026-01-28T19:41:13","slug":"iran-la-france-soutient-linscription-des-gardiens-de-la-revolution-sur-la-liste-europeenne-des-organisations-terroristes","status":"publish","type":"post","link":"https:\/\/www.europesays.com\/fr\/695708\/","title":{"rendered":"Iran : la France soutient l&rsquo;inscription des Gardiens de la r\u00e9volution sur la liste europ\u00e9enne des \u00ab\u00a0organisations terroristes\u00a0\u00bb"},"content":{"rendered":"<ul class=\"jsx-862013697 ArticleChapo__List\">\n<li class=\"jsx-862013697 ArticleChapo__List_Item flex\">Le bras arm\u00e9 de la R\u00e9publique islamique d&rsquo;Iran est dans le viseur des Europ\u00e9ens.<\/li>\n<li class=\"jsx-862013697 ArticleChapo__List_Item flex\">Il est accus\u00e9 d&rsquo;avoir orchestr\u00e9 la r\u00e9pression meurtri\u00e8re du mouvement contestataire qui secoue le pays.<\/li>\n<li class=\"jsx-862013697 ArticleChapo__List_Item flex\">L&rsquo;Italie va proposer jeudi aux autres pays de l&rsquo;UE de l&rsquo;ajouter sur la liste des \u00ab\u00a0organisations terroristes\u00a0\u00bb.<\/li>\n<\/ul>\n<p><a href=\"https:\/\/www.tf1info.fr\/actualite\/manifestations-en-iran-la-contestation-contre-les-mollahs-s-etend-a-travers-tout-le-pays-14472\/\" rel=\"noopener\" class=\"jsx-484472199 Link jsx-1428418400 jsx-554215408\" target=\"_blank\"><\/p>\n<p style=\"font-weight:400\" class=\"jsx-1837267516\">Suivez la couverture compl\u00e8te<\/p>\n<p style=\"font-weight:800\" class=\"jsx-1837267516\">Manifestations en Iran : une r\u00e9pression sans pr\u00e9c\u00e9dent<\/p>\n<p><\/a><\/p>\n<p data-module=\"article-paragraph\" class=\"jsx-157965717 Paragraph\">La France \u00ab\u00a0soutient l&rsquo;inscription du <a href=\"https:\/\/www.tf1info.fr\/international\/conflit-iran-israel-guide-supreme-gardiens-de-la-revolution-quelle-est-la-structure-du-regime-des-mollahs-2377347.html\" target=\"_blank\" rel=\"noopener\">Corps des Gardiens de la r\u00e9volution islamique<\/a> (CGRI) de l&rsquo;Iran sur la liste europ\u00e9enne des organisations terroristes\u00a0\u00bb, a indiqu\u00e9 l&rsquo;\u00c9lys\u00e9e \u00e0 TF1-LCI ce mercredi 28 janvier, confirmant une information du Parisien. Une d\u00e9cision annonc\u00e9e sur le r\u00e9seau social X par le ministre des Affaires \u00e9trang\u00e8res Jean-No\u00ebl Barrot.<\/p>\n<p data-module=\"article-paragraph\" class=\"jsx-157965717 Paragraph Paragraph__End\">Le CGRI, bras id\u00e9ologique de <a href=\"https:\/\/www.tf1info.fr\/international\/reportage-video-iran-une-volonte-de-ne-pas-destabiliser-la-region-pourquoi-le-regime-iranien-ne-tombe-t-il-pas-2419276.html\" target=\"_blank\" rel=\"noopener\">la R\u00e9publique islamique d&rsquo;Iran<\/a>, est une force arm\u00e9e extr\u00eamement organis\u00e9e accus\u00e9e par les organisations de droits humains d&rsquo;avoir orchestr\u00e9 <a href=\"https:\/\/www.tf1info.fr\/international\/des-massacres-sans-precedent-en-iran-le-bilan-effroyable-de-la-repression-ne-cesse-de-s-alourdir-manifestations-2421143.html\" target=\"_blank\" rel=\"noopener\">la r\u00e9pression meurtri\u00e8re<\/a> du vaste mouvement contestataire qui secoue le pays. Une \u00ab\u00a0<a href=\"https:\/\/www.tf1info.fr\/international\/video-c-est-indescriptible-de-nouvelles-images-montrant-l-ampleur-de-la-repression-en-iran-2420617.html\" target=\"_blank\" rel=\"noopener\">r\u00e9pression d&rsquo;une violence sans \u00e9quivalent<\/a> dans l&rsquo;histoire contemporaine de l&rsquo;Iran\u00a0\u00bb, a d\u00e9plor\u00e9 un peu plus t\u00f4t ce mercredi Maud Bregeon devant la presse, pr\u00e9cisant \u00e0 ce moment-l\u00e0 que la France n&rsquo;avait \u00ab\u00a0aucun tabou\u00a0\u00bb concernant le statut des Gardiens de la r\u00e9volution.<\/p>\n<blockquote data-testid=\"EmbedTwitter\" id=\"tweet-2016573900545474562-:R9acmj9v79m:\" class=\"jsx-aeff1a1c40f54d7a twitter-tweet flex justify-center items-center\"><p>Iran : il ne peut y avoir d\u2019impunit\u00e9. L\u2019insoutenable r\u00e9pression de la r\u00e9volte pacifique du peuple iranien ne peut rester sans r\u00e9ponse. Son courage inou\u00ef face \u00e0 la violence qui s&rsquo;est abattue aveugl\u00e9ment sur lui ne peut rester vain. Avec nos partenaires europ\u00e9ens, nous prendrons\u2026 \u2014 Jean-No\u00ebl Barrot (@jnbarrot)  January 28, 2026<\/p><\/blockquote>\n<p>La mise en garde de l&rsquo;Iran<\/p>\n<p data-module=\"article-paragraph\" class=\"jsx-157965717 Paragraph Paragraph__End\">L&rsquo;Italie va proposer jeudi aux autres pays de l&rsquo;Union europ\u00e9enne (UE) d&rsquo;ajouter <a href=\"https:\/\/www.tf1info.fr\/international\/iran-operation-rising-lion-portrait-qui-etait-hossein-salami-le-chef-des-gardiens-de-la-revolution-iraniens-tue-dans-une-frappe-israelienne-2376765.html\" target=\"_blank\" rel=\"noopener\">les Gardiens de la r\u00e9volution<\/a> sur cette liste europ\u00e9enne des \u00ab\u00a0organisations terroristes\u00a0\u00bb. Le soutien fran\u00e7ais pourrait peser lors de la d\u00e9cision. <a href=\"https:\/\/www.tf1info.fr\/international\/l-iran-met-en-garde-les-etats-unis-contre-toute-intervention-alors-qu-un-de-ses-porte-avions-est-arrive-dans-le-golfe-persique-2420983.html\" target=\"_blank\" rel=\"noopener\">L&rsquo;Iran<\/a> a mis en garde contre des \u00ab\u00a0cons\u00e9quences destructrices\u00a0\u00bb si l&rsquo;UE prenait cette inscription.<\/p>\n<p data-module=\"article-paragraph\" class=\"jsx-157965717 Paragraph Paragraph__End\">En parall\u00e8le, quelque 21 entit\u00e9s et individus parmi lesquels de hauts responsables des Gardiens vont \u00eatre cibl\u00e9s par des sanctions europ\u00e9ennes, qui pr\u00e9voient une interdiction d&rsquo;entrer dans l&rsquo;UE et le gel des avoirs dans l&rsquo;UE, a indiqu\u00e9 mardi l&rsquo;AFP. Des sanctions vont \u00e9galement \u00eatre d\u00e9cid\u00e9es \u00e0 l&rsquo;encontre d&rsquo;une dizaine d&rsquo;individus et d&rsquo;entit\u00e9s en Iran, accus\u00e9s d&rsquo;aider la Russie dans sa guerre contre l&rsquo;Ukraine, gr\u00e2ce \u00e0 la fourniture de drones ou de missiles, ont indiqu\u00e9 des diplomates \u00e0 Bruxelles \u00e0 l&rsquo;AFP. Ces sanctions doivent encore \u00eatre approuv\u00e9es formellement par les \u00c9tats membres de l&rsquo;UE lors d&rsquo;une r\u00e9union de leurs ministres des Affaires \u00e9trang\u00e8res jeudi.<\/p>\n<p><a href=\"https:\/\/www.tf1info.fr\/international\/iran-etats-unis-donald-trump-pourrait-il-vraiment-frapper-les-mollah-et-l-ayatollah-khamenei-les-americains-se-retrouvent-face-a-un-dilemme-interview-hasni-abidi-2420943.html\" rel=\"noopener\" class=\"jsx-3308031228 Link flex\" target=\"_blank\"><img decoding=\"async\" src=\"https:\/\/www.europesays.com\/fr\/wp-content\/uploads\/2025\/11\/donald-trump-maison-blanche-2-novembr-e2025-074791-0@1x.jpeg\" alt=\"Donald Trump \u00e0 la Maison Blanche le 2 novembre 2025.\" loading=\"lazy\" importance=\"low\" fetchpriority=\"low\" class=\"\" aria-hidden=\"true\"\/><\/p>\n<p class=\"jsx-3657663356 ReadMoreArticle__Title\">Lire aussi<\/p>\n<p class=\"jsx-3657663356\">\u00ab\u00a0Les Am\u00e9ricains se retrouvent face \u00e0 un dilemme\u00a0\u00bb : Donald Trump pourrait-il vraiment frapper l&rsquo;Iran ? <\/p>\n<p><\/a><\/p>\n<p data-module=\"article-paragraph\" class=\"jsx-157965717 Paragraph Paragraph__End\">\u00ab\u00a0Avec nos partenaires europ\u00e9ens, nous prendrons demain \u00e0 Bruxelles des sanctions contre les responsables des exactions. L&rsquo;acc\u00e8s au territoire europ\u00e9en leur sera interdit, leurs actifs seront gel\u00e9s\u00a0\u00bb, a confirm\u00e9 Jean-No\u00ebl Barrot ce mercredi. \u00ab\u00a0L&rsquo;insoutenable r\u00e9pression de la r\u00e9volte pacifique du peuple iranien ne peut rester sans r\u00e9ponse\u00a0\u00bb, a affirm\u00e9 le ministre.<\/p>\n<p>La r\u00e9daction de TF1info avec AFP<\/p>\n","protected":false},"excerpt":{"rendered":"Le bras arm\u00e9 de la R\u00e9publique islamique d&rsquo;Iran est dans le viseur des Europ\u00e9ens. Il est accus\u00e9 d&rsquo;avoir&hellip;\n","protected":false},"author":2,"featured_media":695709,"comment_status":"","ping_status":"","sticky":false,"template":"","format":"standard","meta":{"footnotes":""},"categories":[4],"tags":[1111,11,1921,312,674,1011,27,1922,3019,78267,12,25,364,133,1920],"class_list":{"0":"post-695708","1":"post","2":"type-post","3":"status-publish","4":"format-standard","5":"has-post-thumbnail","7":"category-france","8":"tag-actu","9":"tag-actualites","10":"tag-article-video","11":"tag-diplomatie","12":"tag-europe","13":"tag-fr","14":"tag-france","15":"tag-info","16":"tag-iran","17":"tag-manifestations-en-iran-une-repression-sans-precedent","18":"tag-news","19":"tag-republique-francaise","20":"tag-union-europeenne","21":"tag-video","22":"tag-video-international"},"share_on_mastodon":{"url":"https:\/\/pubeurope.com\/@fr\/115974431336662632","error":""},"_links":{"self":[{"href":"https:\/\/www.europesays.com\/fr\/wp-json\/wp\/v2\/posts\/695708","targetHints":{"allow":["GET"]}}],"collection":[{"href":"https:\/\/www.europesays.com\/fr\/wp-json\/wp\/v2\/posts"}],"about":[{"href":"https:\/\/www.europesays.com\/fr\/wp-json\/wp\/v2\/types\/post"}],"author":[{"embeddable":true,"href":"https:\/\/www.europesays.com\/fr\/wp-json\/wp\/v2\/users\/2"}],"replies":[{"embeddable":true,"href":"https:\/\/www.europesays.com\/fr\/wp-json\/wp\/v2\/comments?post=695708"}],"version-history":[{"count":0,"href":"https:\/\/www.europesays.com\/fr\/wp-json\/wp\/v2\/posts\/695708\/revisions"}],"wp:featuredmedia":[{"embeddable":true,"href":"https:\/\/www.europesays.com\/fr\/wp-json\/wp\/v2\/media\/695709"}],"wp:attachment":[{"href":"https:\/\/www.europesays.com\/fr\/wp-json\/wp\/v2\/media?parent=695708"}],"wp:term":[{"taxonomy":"category","embeddable":true,"href":"https:\/\/www.europesays.com\/fr\/wp-json\/wp\/v2\/categories?post=695708"},{"taxonomy":"post_tag","embeddable":true,"href":"https:\/\/www.europesays.com\/fr\/wp-json\/wp\/v2\/tags?post=695708"}],"curies":[{"name":"wp","href":"https:\/\/api.w.org\/{rel}","templated":true}]}}