{"id":695716,"date":"2026-01-28T19:49:10","date_gmt":"2026-01-28T19:49:10","guid":{"rendered":"https:\/\/www.europesays.com\/fr\/695716\/"},"modified":"2026-01-28T19:49:10","modified_gmt":"2026-01-28T19:49:10","slug":"cyclisme-route-ben-healy-prolonge-laventure-avec-ef-education-easypost","status":"publish","type":"post","link":"https:\/\/www.europesays.com\/fr\/695716\/","title":{"rendered":"Cyclisme. Route &#8211; Ben Healy prolonge l\u2019aventure avec EF Education-EasyPost"},"content":{"rendered":"<p>Porteur du maillot jaune de leader et vainqueur d\u2019\u00e9tape \u00e0 Vire Normandie lors du dernier <strong>Tour de France<\/strong>, l\u2019Irlandais <strong><a href=\"https:\/\/www.cyclismactu.net\/..\/news-tour-de-france-route-l-irlandais-ben-healy-elu-super-combatif-du-tour-de-france-2025-89265.html\" target=\"_blank\" rel=\"noopener\">Ben Healy<\/a><\/strong> a prolong\u00e9 ce mercredi 28 janvier avec l\u2019\u00e9quipe <strong>EF Education\u2013EasyPost <\/strong>de <strong><a href=\"https:\/\/www.cyclismactu.net\/..\/news-route-jonathan-vaughters-ben-healy-tire-profit-de-domination-de-pogacar-91412.html\" target=\"_blank\" rel=\"noopener\">Jonathan Vaughters<\/a><\/strong>. Apr\u00e8s une saison 2025 plus que fructueuse, marqu\u00e9e par une troisi\u00e8me place aux derniers <strong><a href=\"https:\/\/www.cyclismactu.net\/..\/news-championnats-du-monde-route-ben-healy-un-podium-avec-pogacar-et-evenepoel-dingue-90357.html\" target=\"_blank\" rel=\"noopener\">Championnats du monde<\/a><\/strong> au Rwanda derri\u00e8re <strong><a href=\"https:\/\/www.cyclismactu.net\/..\/\" target=\"_blank\" rel=\"noopener\">Tadej Pogacar<\/a><\/strong> et <strong>Remco Evenepoel<\/strong>, ainsi qu\u2019un podium (3e) sur<strong> Li\u00e8ge\u2013Bastogne\u2013Li\u00e8ge<\/strong>, le coureur de 25 ans nourrit de grandes ambitions pour les ann\u00e9es \u00e0 venir : remporter des \u00e9tapes sur les grands tours et d\u00e9crocher des victoires dans les Monuments.<\/p>\n<p>Vid\u00e9o &#8211; Ben Healy sur le podium des Mondiaux avec Pogacar, Evenepoel Lire la suite de l&rsquo;article&#13;<\/p>\n<p>\u00a0<\/p>\n<p>&#13;<br \/>\n\u00ab\u00a0Je suis tr\u00e8s proche des gars de l\u2019\u00e9quipe\u00a0\u00bb&#13;<\/p>\n<p><strong>Ben Healy<\/strong> a rejoint la formation am\u00e9ricaine \u00e0 seulement 21 ans, en 2022. Il a sign\u00e9 ce mercredi un nouveau contrat le liant \u00e0 l\u2019\u00e9quipe jusqu\u2019en 2029. \u00ab\u00a0Je suis tr\u00e8s proche des gars de l\u2019\u00e9quipe, ce qui cr\u00e9e une atmosph\u00e8re contagieuse qui nous rapproche tous. Ce n\u2019est pas seulement nous, les coureurs, c\u2019est tout le monde, tout le staff. Il n\u2019y a pas une seule course ou un seul stage d\u2019entra\u00eenement o\u00f9 l\u2019on se rend en \u00e9tant d\u00e9\u00e7u d\u2019\u00eatre l\u00e0. C\u2019est toujours tr\u00e8s sympa et les repas sont toujours tr\u00e8s anim\u00e9s. Nous passons tellement de jours sur la route que c\u2019est extr\u00eamement important. Cela nous pousse \u00e0 travailler encore plus dur les uns pour les autres\u00a0\u00bb, explique<strong> Ben Healy <\/strong>dans le communiqu\u00e9 officiel de la structure<strong> EF Education\u2013EasyPost<\/strong>.<\/p>\n","protected":false},"excerpt":{"rendered":"Porteur du maillot jaune de leader et vainqueur d\u2019\u00e9tape \u00e0 Vire Normandie lors du dernier Tour de France,&hellip;\n","protected":false},"author":2,"featured_media":695717,"comment_status":"","ping_status":"","sticky":false,"template":"","format":"standard","meta":{"footnotes":""},"categories":[1411],"tags":[1154,207,211,1011,27,209,60,210,212,208,213],"class_list":{"0":"post-695716","1":"post","2":"type-post","3":"status-publish","4":"format-standard","5":"has-post-thumbnail","7":"category-cyclisme","8":"tag-cycling","9":"tag-cyclisme","10":"tag-ffc","11":"tag-fr","12":"tag-france","13":"tag-route","14":"tag-sports","15":"tag-tour-de-france","16":"tag-uci","17":"tag-velo","18":"tag-world-tour"},"share_on_mastodon":{"url":"https:\/\/pubeurope.com\/@fr\/115974462740080110","error":""},"_links":{"self":[{"href":"https:\/\/www.europesays.com\/fr\/wp-json\/wp\/v2\/posts\/695716","targetHints":{"allow":["GET"]}}],"collection":[{"href":"https:\/\/www.europesays.com\/fr\/wp-json\/wp\/v2\/posts"}],"about":[{"href":"https:\/\/www.europesays.com\/fr\/wp-json\/wp\/v2\/types\/post"}],"author":[{"embeddable":true,"href":"https:\/\/www.europesays.com\/fr\/wp-json\/wp\/v2\/users\/2"}],"replies":[{"embeddable":true,"href":"https:\/\/www.europesays.com\/fr\/wp-json\/wp\/v2\/comments?post=695716"}],"version-history":[{"count":0,"href":"https:\/\/www.europesays.com\/fr\/wp-json\/wp\/v2\/posts\/695716\/revisions"}],"wp:featuredmedia":[{"embeddable":true,"href":"https:\/\/www.europesays.com\/fr\/wp-json\/wp\/v2\/media\/695717"}],"wp:attachment":[{"href":"https:\/\/www.europesays.com\/fr\/wp-json\/wp\/v2\/media?parent=695716"}],"wp:term":[{"taxonomy":"category","embeddable":true,"href":"https:\/\/www.europesays.com\/fr\/wp-json\/wp\/v2\/categories?post=695716"},{"taxonomy":"post_tag","embeddable":true,"href":"https:\/\/www.europesays.com\/fr\/wp-json\/wp\/v2\/tags?post=695716"}],"curies":[{"name":"wp","href":"https:\/\/api.w.org\/{rel}","templated":true}]}}