{"id":695722,"date":"2026-01-28T19:52:10","date_gmt":"2026-01-28T19:52:10","guid":{"rendered":"https:\/\/www.europesays.com\/fr\/695722\/"},"modified":"2026-01-28T19:52:10","modified_gmt":"2026-01-28T19:52:10","slug":"il-a-parcouru-le-monde-pour-ses-reportages-sa-ville-de-saint-benoit-lui-dedie-un-lieu-pour-son-heritage-photographique","status":"publish","type":"post","link":"https:\/\/www.europesays.com\/fr\/695722\/","title":{"rendered":"Il a parcouru le monde pour ses reportages, sa ville de Saint-Beno\u00eet lui d\u00e9die un lieu pour son h\u00e9ritage photographique"},"content":{"rendered":"<p>Samedi 24\u00a0janvier 2026, le maire de Saint-Beno\u00eet Bernard Peterlongo et Jean-Marie Gu\u00e9rin, d\u00e9l\u00e9gu\u00e9 patrimoine et \u00e9v\u00e9nements culturels, ont inaugur\u00e9 la Maison de la photographie G\u00e9rald-Buthaud, dans le local municipal d\u00e9di\u00e9 aux associations photographiques, rue de l\u2019Abb\u00e9-Chopin. D\u00e9sormais, le local portera le nom de G\u00e9rald Buthaud, photoreporter sancto-b\u00e9n\u00e9dictin, d\u00e9c\u00e9d\u00e9 le 10\u00a0f\u00e9vrier 2018 \u00e0 l\u2019\u00e2ge de 72\u00a0ans. Lors de cette c\u00e9r\u00e9monie empreinte de beaucoup d\u2019\u00e9motion, qui s\u2019est tenue en pr\u00e9sence de son \u00e9pouse Dolor\u00e8s, une plaque retra\u00e7ant son parcours a \u00e9t\u00e9 d\u00e9voil\u00e9e en l\u2019honneur de celui que le c\u0153ur de la profession surnommait \u00ab\u00a0l\u2019Africain\u00a0\u00bb. En 1969, \u00e0 23\u00a0ans, le globe-trotter poitevin embarquait pour l\u2019Angola en cargo-stop aux c\u00f4t\u00e9s de soldats portugais pour couvrir les guerres d\u2019ind\u00e9pendance en Afrique australe. Son premier sujet, vendu \u00e0 plusieurs magazines nationaux, marquera le d\u00e9but d\u2019une carri\u00e8re de pr\u00e8s de 50\u00a0ans qui le conduira aux quatre coins du monde pour couvrir conflits, sujets d\u2019actualit\u00e9 ou faits de soci\u00e9t\u00e9.<\/p>\n<p>Mais c\u2019est avant tout l\u2019Afrique, en plus\u00a0particuli\u00e8rement le Mali, o\u00f9 il fera une vingtaine de s\u00e9jours, qui restera le sujet de c\u0153ur de cette personne attachante, \u00e0 l\u2019\u00e9coute de l\u2019autre. Cofondateur de l\u2019agence de presse Rush dans les ann\u00e9es 1977, ses sujets seront longtemps distribu\u00e9s dans les magazines nationaux et internationaux.\u00a0Mais il n\u2019oubliait pas sa ville d\u2019origine et n\u2019h\u00e9sitait pas \u00e0 s\u2019investir dans le festival photographique biennal, voire au sein du club Les Photons, prodiguant ses conseils \u00e0 de jeunes f\u00e9rus de photo. Il animait aussi les f\u00eates de la musique avec son groupe folk.<\/p>\n<p>Une passion pour les chevaux<strong\/><\/p>\n<p>Les derni\u00e8res ann\u00e9es, il s\u2019\u00e9tait recentr\u00e9 sur le monde \u00e9quin, son autre passion, publiant plusieurs ouvrages photo dans lesquels son \u00ab\u00a0\u0153il\u00a0\u00bb faisait merveille. En 2012, il sera l\u2019invit\u00e9 de la cha\u00eene \u00c9quidia qui lui consacrera un \u00ab\u00a052 minutes\u00a0\u00bb sur une randonn\u00e9e \u00e0 cheval d\u2019une semaine dans le d\u00e9sert sud-marocain.\u00a0Quel plus bel hommage que ce texte du photojournaliste Reza Deghati, lu par Jean-Marie Gu\u00e9rin\u00a0? \u00ab\u00a0Donner \u00e0 la Maison de la photographie de Saint-Beno\u00eet le nom de G\u00e9rald Buthaud, est un geste fort, juste et profond\u00e9ment humain. Il \u00e9tait de ces photographes qui ne se contentent pas de regarder le monde mais qui le rencontrent. Il n\u2019a jamais recherch\u00e9 l\u2019exotisme mais la dignit\u00e9.\u00a0\u00bb<\/p>\n<p>La Maison des photographes G\u00e9rald Buthaud, rue de l\u2019Abb\u00e9-Chopin, accueille les associations Les Photons, Les XV du Poitou et Arc Image.<\/p>\n","protected":false},"excerpt":{"rendered":"Samedi 24\u00a0janvier 2026, le maire de Saint-Beno\u00eet Bernard Peterlongo et Jean-Marie Gu\u00e9rin, d\u00e9l\u00e9gu\u00e9 patrimoine et \u00e9v\u00e9nements culturels, ont&hellip;\n","protected":false},"author":2,"featured_media":695723,"comment_status":"","ping_status":"","sticky":false,"template":"","format":"standard","meta":{"footnotes":""},"categories":[1358],"tags":[1392,1348,1384,1385,9332,1674,1386,58,59,10869,1011,27,500,44930,1584],"class_list":{"0":"post-695722","1":"post","2":"type-post","3":"status-publish","4":"format-standard","5":"has-post-thumbnail","7":"category-arts-et-design","8":"tag-a-la-une-local","9":"tag-arts","10":"tag-arts-and-design","11":"tag-arts-et-design","12":"tag-centrepresse","13":"tag-communes","14":"tag-design","15":"tag-divertissement","16":"tag-entertainment","17":"tag-equitation","18":"tag-fr","19":"tag-france","20":"tag-medias","21":"tag-saint-benoit","22":"tag-vienne"},"share_on_mastodon":{"url":"https:\/\/pubeurope.com\/@fr\/115974474496852630","error":""},"_links":{"self":[{"href":"https:\/\/www.europesays.com\/fr\/wp-json\/wp\/v2\/posts\/695722","targetHints":{"allow":["GET"]}}],"collection":[{"href":"https:\/\/www.europesays.com\/fr\/wp-json\/wp\/v2\/posts"}],"about":[{"href":"https:\/\/www.europesays.com\/fr\/wp-json\/wp\/v2\/types\/post"}],"author":[{"embeddable":true,"href":"https:\/\/www.europesays.com\/fr\/wp-json\/wp\/v2\/users\/2"}],"replies":[{"embeddable":true,"href":"https:\/\/www.europesays.com\/fr\/wp-json\/wp\/v2\/comments?post=695722"}],"version-history":[{"count":0,"href":"https:\/\/www.europesays.com\/fr\/wp-json\/wp\/v2\/posts\/695722\/revisions"}],"wp:featuredmedia":[{"embeddable":true,"href":"https:\/\/www.europesays.com\/fr\/wp-json\/wp\/v2\/media\/695723"}],"wp:attachment":[{"href":"https:\/\/www.europesays.com\/fr\/wp-json\/wp\/v2\/media?parent=695722"}],"wp:term":[{"taxonomy":"category","embeddable":true,"href":"https:\/\/www.europesays.com\/fr\/wp-json\/wp\/v2\/categories?post=695722"},{"taxonomy":"post_tag","embeddable":true,"href":"https:\/\/www.europesays.com\/fr\/wp-json\/wp\/v2\/tags?post=695722"}],"curies":[{"name":"wp","href":"https:\/\/api.w.org\/{rel}","templated":true}]}}