{"id":695726,"date":"2026-01-28T19:55:10","date_gmt":"2026-01-28T19:55:10","guid":{"rendered":"https:\/\/www.europesays.com\/fr\/695726\/"},"modified":"2026-01-28T19:55:10","modified_gmt":"2026-01-28T19:55:10","slug":"actus-champagne-fm-une-nouvelle-fermeture-administrative-dans-la-marne","status":"publish","type":"post","link":"https:\/\/www.europesays.com\/fr\/695726\/","title":{"rendered":"Actus &#8211; Champagne FM &#8211; Une nouvelle fermeture administrative dans la Marne."},"content":{"rendered":"\n<p style=\"line-height: 2;\">La boulangerie-p\u00e2tisserie \u00ab\u00a0<strong>La maison Bezannes<\/strong>\u00ab\u00a0, situ\u00e9e \u00e0 Bezannes pr\u00e8s de Reims,\u00a0 fait l&rsquo;objet d&rsquo;<strong>une fermeture administrative temporaire de \u00a03 mois<\/strong>.\u00a0<br \/>Une d\u00e9cision prise par le pr\u00e9fet de la Marne,\u00a0 suite \u00e0 un contr\u00f4le des services de l\u2019inspection du travail , qui a r\u00e9v\u00e9l\u00e9 des faits de travail dissimul\u00e9 et d&#8217;emploi de personnes en situation irr\u00e9guli\u00e8re peut-on lire dans le communiqu\u00e9.<\/p>\n<p style=\"line-height: 2;\">Ce n&rsquo;est pas la derni\u00e8re fermeture en date dans le d\u00e9partement marnais, puisque la derni\u00e8re remonte au 9 d\u00e9cembre dernier, avec l&rsquo;\u00e9tablissement <a href=\"https:\/\/www.champagnefm.com\/un-etablissement-ferme-pour-travail-dissimule-dans-la-marne\" rel=\"noopener\" target=\"_blank\">\u00ab\u00a0Plan B Barber\u00a0\u00bb,\u00a0 \u00e0 Ch\u00e2lons-en-Champagne,<\/a><\/p>\n<p style=\"line-height: 2;\">qui avait \u00e9galement fait l&rsquo;objet d&rsquo;une fermeture temporaire pour des faits similaires.\u00a0<\/p>\n<p style=\"line-height: 2;\">\u00a0<\/p>\n<p>!function(f,b,e,v,n,t,s)<br \/>\n{if(f.fbq)return;n=f.fbq=function(){n.callMethod?<br \/>\nn.callMethod.apply(n,arguments):n.queue.push(arguments)};<br \/>\nif(!f._fbq)f._fbq=n;n.push=n;n.loaded=!0;n.version=&rsquo;2.0&prime;;<br \/>\nn.queue=[];t=b.createElement(e);t.async=!0;<br \/>\nt.src=v;s=b.getElementsByTagName(e)[0];<br \/>\ns.parentNode.insertBefore(t,s)}(window, document,&rsquo;script&rsquo;,<br \/>\n&lsquo;https:\/\/connect.facebook.net\/en_US\/fbevents.js&rsquo;);<br \/>\nfbq(&lsquo;init&rsquo;, &lsquo;804989127308002&rsquo;);<br \/>\nfbq(&lsquo;track&rsquo;, &lsquo;PageView&rsquo;);<\/p>\n","protected":false},"excerpt":{"rendered":"La boulangerie-p\u00e2tisserie \u00ab\u00a0La maison Bezannes\u00ab\u00a0, situ\u00e9e \u00e0 Bezannes pr\u00e8s de Reims,\u00a0 fait l&rsquo;objet d&rsquo;une fermeture administrative temporaire de&hellip;\n","protected":false},"author":2,"featured_media":695727,"comment_status":"","ping_status":"","sticky":false,"template":"","format":"standard","meta":{"footnotes":""},"categories":[1355],"tags":[11,3723,65455,5591,52029,65464,65463,65459,58,59,65456,1011,27,876,38839,30237,37289,37290,1114,4537,23664,12650,1361,873,12,1825,4243,65457,65461,65462,65458,56304,1964,65460],"class_list":{"0":"post-695726","1":"post","2":"type-post","3":"status-publish","4":"format-standard","5":"has-post-thumbnail","7":"category-musique","8":"tag-actualites","9":"tag-actus","10":"tag-ardennes","11":"tag-aube","12":"tag-chalons","13":"tag-champagne-ardennes","14":"tag-champagne-fm","15":"tag-charleville-mezieres","16":"tag-divertissement","17":"tag-entertainment","18":"tag-epernay","19":"tag-fr","20":"tag-france","21":"tag-france-3","22":"tag-france-bleu","23":"tag-haute-marne","24":"tag-info-locale","25":"tag-info-regionale","26":"tag-infos","27":"tag-lunion","28":"tag-la-voix-du-nord","29":"tag-marne","30":"tag-music","31":"tag-musique","32":"tag-news","33":"tag-radio","34":"tag-reims","35":"tag-rethel","36":"tag-romilly","37":"tag-sainte-menehould","38":"tag-sedan","39":"tag-sezanne","40":"tag-troyes","41":"tag-vouziers"},"share_on_mastodon":{"url":"https:\/\/pubeurope.com\/@fr\/115974486400662326","error":""},"_links":{"self":[{"href":"https:\/\/www.europesays.com\/fr\/wp-json\/wp\/v2\/posts\/695726","targetHints":{"allow":["GET"]}}],"collection":[{"href":"https:\/\/www.europesays.com\/fr\/wp-json\/wp\/v2\/posts"}],"about":[{"href":"https:\/\/www.europesays.com\/fr\/wp-json\/wp\/v2\/types\/post"}],"author":[{"embeddable":true,"href":"https:\/\/www.europesays.com\/fr\/wp-json\/wp\/v2\/users\/2"}],"replies":[{"embeddable":true,"href":"https:\/\/www.europesays.com\/fr\/wp-json\/wp\/v2\/comments?post=695726"}],"version-history":[{"count":0,"href":"https:\/\/www.europesays.com\/fr\/wp-json\/wp\/v2\/posts\/695726\/revisions"}],"wp:featuredmedia":[{"embeddable":true,"href":"https:\/\/www.europesays.com\/fr\/wp-json\/wp\/v2\/media\/695727"}],"wp:attachment":[{"href":"https:\/\/www.europesays.com\/fr\/wp-json\/wp\/v2\/media?parent=695726"}],"wp:term":[{"taxonomy":"category","embeddable":true,"href":"https:\/\/www.europesays.com\/fr\/wp-json\/wp\/v2\/categories?post=695726"},{"taxonomy":"post_tag","embeddable":true,"href":"https:\/\/www.europesays.com\/fr\/wp-json\/wp\/v2\/tags?post=695726"}],"curies":[{"name":"wp","href":"https:\/\/api.w.org\/{rel}","templated":true}]}}