{"id":695730,"date":"2026-01-28T19:57:10","date_gmt":"2026-01-28T19:57:10","guid":{"rendered":"https:\/\/www.europesays.com\/fr\/695730\/"},"modified":"2026-01-28T19:57:10","modified_gmt":"2026-01-28T19:57:10","slug":"ce-jour-ou-apres-4-ans-de-chimiotherapie-une-femme-decouvre-quelle-navait-en-realite-pas-de-cancer","status":"publish","type":"post","link":"https:\/\/www.europesays.com\/fr\/695730\/","title":{"rendered":"Ce jour o\u00f9&#8230;apr\u00e8s 4 ans de chimioth\u00e9rapie, une femme d\u00e9couvre qu\u2019elle n\u2019avait en r\u00e9alit\u00e9 pas de cancer"},"content":{"rendered":"<p>4 ans de chimioth\u00e9rapie pour un cancer inexistant : le<br \/>\ndiagnostic qui a tout fait basculer<\/p>\n<p>Un dossier m\u00e9dical commence parfois par un rien. En 2006, en<br \/>\nToscane, une Italienne de 42 ans se rend \u00e0 l\u2019h\u00f4pital de Volterra<br \/>\npour une simple consultation orthop\u00e9dique. Des examens de routine<br \/>\ns\u2019encha\u00eenent, une anomalie dans la num\u00e9ration leucocytaire<br \/>\nappara\u00eet. L\u2019annonce tombe, brutale : un cancer du syst\u00e8me<br \/>\nlymphatique touchant les intestins, en phase terminale. Et c\u2019est l\u00e0<br \/>\nque commence un long tunnel th\u00e9rapeutique.<\/p>\n<p>Deux biopsies plus tard, le centre hospitalier universitaire de<br \/>\nPise parle d\u2019un <strong>lymphome de type MALT<\/strong>. Un<br \/>\nprotocole est enclench\u00e9 \u00e0 l\u2019<strong>H\u00f4pital universitaire de<br \/>\nPise<\/strong>, avec des m\u00e9dicaments lourds. Les m\u00e9decins<br \/>\npr\u00e9viennent qu\u2019il faut agir vite, la gravit\u00e9 du cas ne laisse pas<br \/>\nde r\u00e9pit. La patiente s\u2019accroche, sa famille aussi, persuad\u00e9es<br \/>\nqu\u2019il faut tenir la ligne co\u00fbte que co\u00fbte. Et pourtant, un examen<br \/>\ndes ann\u00e9es plus tard va bousculer toute cette certitude.<\/p>\n<p>Traitements lourds, effets irr\u00e9versibles : le calvaire<br \/>\nracont\u00e9<\/p>\n<p>De 2007 \u00e0 2011, elle a subi <strong>4 ans de<br \/>\nchimioth\u00e9rapie<\/strong> et une <strong>corticoth\u00e9rapie \u00e0 fortes<br \/>\ndoses<\/strong>. Ces <strong>traitements lourds<\/strong> laissent<br \/>\ndes traces : fatigue \u00e9crasante, douleurs, infections \u00e0 r\u00e9p\u00e9tition.<br \/>\nLe mental flanche avec la d\u00e9pression et l\u2019anxi\u00e9t\u00e9. Son corps<br \/>\nchange, son quotidien aussi. Elle encha\u00eene les s\u00e9ances, les<br \/>\ncontr\u00f4les, les hospitalisations.<\/p>\n<p>Les mots disent la violence de ce qu\u2019elle a travers\u00e9 : \u00ab\u00a0Mon<br \/>\nsyst\u00e8me immunitaire a \u00e9t\u00e9 d\u00e9truit par ces traitements erron\u00e9s,<br \/>\ninutiles et nocifs\u00a0\u00bb, a confi\u00e9 la patiente, selon Il Tirreno.<br \/>\nFractures, d\u00e9s\u00e9quilibre hormonal, suivi au long cours la<br \/>\nfragilisent encore. Elle a aussi perdu son permis et interrompu sa<br \/>\ncarri\u00e8re. Le quotidien se r\u00e9duit aux soins, aux ordonnances, aux<br \/>\npapiers administratifs.<\/p>\n<p>Biopsie en 2011, justice \u00e0 Florence : 500 000 euros<br \/>\nd\u2019indemnisation<\/p>\n<p>En mai 2011, le d\u00e9partement de m\u00e9decine interne de<br \/>\n<strong>G\u00eanes<\/strong> pratique une <strong>biopsie<br \/>\nosseuse<\/strong> de contr\u00f4le. Le verdict inverse tout : absence de<br \/>\nmaladie lympho\u00efde prolif\u00e9rative clonale, autrement dit, aucun<br \/>\ncancer d\u00e9tect\u00e9. Quatre ann\u00e9es de traitements pour un <strong>cancer<br \/>\ninexistant<\/strong>. Le choc est total. La patiente encaisse la<br \/>\nnouvelle, abasourdie, comme vid\u00e9e.<\/p>\n<p>La patiente porte plainte contre le CHU de Pise pour<br \/>\n<strong>n\u00e9gligence m\u00e9dicale<\/strong>. Le tribunal de Pise lui<br \/>\naccorde d\u2019abord <strong>300 000 euros<\/strong>, somme jug\u00e9e<br \/>\ninsuffisante, puis la <strong>Cour d\u2019appel de Florence<\/strong><br \/>\ntranche le 8 janvier \u00e0 <strong>500 000 euros<\/strong> de dommages<br \/>\net int\u00e9r\u00eats. Une d\u00e9cision qui reconna\u00eet l\u2019angoisse et les<br \/>\nsouffrances subies pendant des ann\u00e9es. \u00ab\u00a0Je me sens bris\u00e9e. Je n\u2019ai<br \/>\naucun moyen d\u2019\u00eatre en paix, m\u00eame apr\u00e8s cette d\u00e9cision\u00a0\u00bb, a-t-elle<br \/>\najout\u00e9.<\/p>\n<p>Erreur de diagnostic de cancer : que<br \/>\ncomprendre, que reste-t-il ?<\/p>\n<p>Cette affaire met en lumi\u00e8re l\u2019<strong>erreur de<br \/>\ndiagnostic<\/strong> en oncologie et ses r\u00e9percussions concr\u00e8tes.<br \/>\nDans ce cas pr\u00e9cis, une simple r\u00e9\u00e9valuation par biopsie de contr\u00f4le<br \/>\na suffi \u00e0 renverser un dossier install\u00e9 depuis des ann\u00e9es. La<br \/>\nm\u00e9decine avance, mais elle n\u2019est pas infaillible. Et quand l\u2019erreur<br \/>\nse produit, la reconstruction prend du temps. Dans ce r\u00e9cit, les<br \/>\ndates jalonnent un parcours o\u00f9 chaque rapport compte.<\/p>\n<p>Au-del\u00e0 de l\u2019indemnisation, la patiente d\u00e9crit une vie entrav\u00e9e<br \/>\npar des <strong>s\u00e9quelles<\/strong> physiques et psychologiques. Les<br \/>\ntraitements ont ab\u00eem\u00e9 durablement son organisme, les pertes<br \/>\nsociales ont creus\u00e9 l\u2019\u00e9cart avec l\u2019avant. La justice a offert une<br \/>\n<strong>r\u00e9paration judiciaire<\/strong>, pas l\u2019oubli. Reste une<br \/>\ncertitude, dans son histoire comme dans le dossier : les<br \/>\nv\u00e9rifications tardives ont chang\u00e9 le cours de sa vie. Son<br \/>\nt\u00e9moignage dit l\u2019\u00e9cart entre r\u00e9paration et apaisement.<\/p>\n","protected":false},"excerpt":{"rendered":"4 ans de chimioth\u00e9rapie pour un cancer inexistant : le diagnostic qui a tout fait basculer Un dossier&hellip;\n","protected":false},"author":2,"featured_media":695731,"comment_status":"","ping_status":"","sticky":false,"template":"","format":"standard","meta":{"footnotes":""},"categories":[10],"tags":[15540,1764,150,101,17488,49942,1805,4105,3026,1294,1011,27,72,4432,22651,10650,5261,3837,17729,71,96],"class_list":{"0":"post-695730","1":"post","2":"type-post","3":"status-publish","4":"format-standard","5":"has-post-thumbnail","7":"category-sante","8":"tag-15540","9":"tag-ans","10":"tag-apres","11":"tag-cancer","12":"tag-ce","13":"tag-chimiotherapie","14":"tag-de","15":"tag-decouvre","16":"tag-en","17":"tag-femme","18":"tag-fr","19":"tag-france","20":"tag-health","21":"tag-jour","22":"tag-navait","23":"tag-ou","24":"tag-pas","25":"tag-quelle","26":"tag-realite","27":"tag-sante","28":"tag-une"},"share_on_mastodon":{"url":"https:\/\/pubeurope.com\/@fr\/115974494197937352","error":""},"_links":{"self":[{"href":"https:\/\/www.europesays.com\/fr\/wp-json\/wp\/v2\/posts\/695730","targetHints":{"allow":["GET"]}}],"collection":[{"href":"https:\/\/www.europesays.com\/fr\/wp-json\/wp\/v2\/posts"}],"about":[{"href":"https:\/\/www.europesays.com\/fr\/wp-json\/wp\/v2\/types\/post"}],"author":[{"embeddable":true,"href":"https:\/\/www.europesays.com\/fr\/wp-json\/wp\/v2\/users\/2"}],"replies":[{"embeddable":true,"href":"https:\/\/www.europesays.com\/fr\/wp-json\/wp\/v2\/comments?post=695730"}],"version-history":[{"count":0,"href":"https:\/\/www.europesays.com\/fr\/wp-json\/wp\/v2\/posts\/695730\/revisions"}],"wp:featuredmedia":[{"embeddable":true,"href":"https:\/\/www.europesays.com\/fr\/wp-json\/wp\/v2\/media\/695731"}],"wp:attachment":[{"href":"https:\/\/www.europesays.com\/fr\/wp-json\/wp\/v2\/media?parent=695730"}],"wp:term":[{"taxonomy":"category","embeddable":true,"href":"https:\/\/www.europesays.com\/fr\/wp-json\/wp\/v2\/categories?post=695730"},{"taxonomy":"post_tag","embeddable":true,"href":"https:\/\/www.europesays.com\/fr\/wp-json\/wp\/v2\/tags?post=695730"}],"curies":[{"name":"wp","href":"https:\/\/api.w.org\/{rel}","templated":true}]}}