{"id":695761,"date":"2026-01-28T20:13:13","date_gmt":"2026-01-28T20:13:13","guid":{"rendered":"https:\/\/www.europesays.com\/fr\/695761\/"},"modified":"2026-01-28T20:13:13","modified_gmt":"2026-01-28T20:13:13","slug":"avec-sa-nouvelle-epicerie-a-rouen-maxence-veut-faire-voyager-ses-clients-en-italie","status":"publish","type":"post","link":"https:\/\/www.europesays.com\/fr\/695761\/","title":{"rendered":"Avec sa nouvelle \u00e9picerie \u00e0 Rouen, Maxence veut faire \u00ab voyager ses clients en Italie \u00bb"},"content":{"rendered":"<p>                    Par<br \/>\n        <strong><br \/>\n            <a href=\"https:\/\/actu.fr\/auteur\/adrien-filoche\" title=\"Consulter tous les articles de Adrien Filoche\" target=\"_blank\" rel=\"noopener\">Adrien Filoche<\/a><br \/>\n                    <\/strong><\/p>\n<p>        Publi\u00e9 le<\/p>\n<p>            28 janv. 2026 \u00e0 20h19        <\/p>\n<p>\u00ab\u2009Ma volont\u00e9, c\u2019est de faire voyager mes clients et faire d\u00e9couvrir des produits originaux\u2009\u00bb. Le 21\u00a0janvier 2026, Maxence a ouvert Massenzio, une <strong>\u00e9picerie fine italienne<\/strong> au 20 place Saint-Amand, dans le centre-ville de <a href=\"https:\/\/actu.fr\/normandie\/rouen_76540\" target=\"_blank\" rel=\"noopener\">Rouen (Seine-Maritime)<\/a>. Dans sa boutique, on retrouve des produits typiques de l\u2019Italie\u2009: <strong>charcuteries<\/strong>, <strong>fromages<\/strong>, <strong>p\u00e2tes fra\u00eeches, vins,<\/strong> etc. \u00ab\u2009J\u2019adore conseiller et raconter l\u2019histoire de mes produits\u2009\u00bb, poursuit le g\u00e9rant avec le sourire.<\/p>\n<p>Charcuteries et fromages italiens au menu<\/p>\n<p class=\" wall-content\">Avec ce commerce, Maxence a voulu partager ses racines italiennes qui lui tiennent \u00e0 c\u0153ur. Massenzio, c\u2019est d\u2019ailleurs la traduction de Maxence en italien.<\/p>\n<p class=\" wall-content\"><strong>D\u2019o\u00f9 lui est venue l\u2019id\u00e9e d\u2019une \u00e9picerie fine\u2009?<\/strong> \u00ab\u2009J\u2019ai travaill\u00e9 \u00e0 La Petite Epicerie rue Massacre, je me suis \u00e9clat\u00e9. Et puis, je me suis dit que je pouvais \u00eatre mon propre patron. Pourquoi pas moi, apr\u00e8s tout\u2009\u00bb, confie le jeune entrepreneur.<\/p>\n<blockquote class=\"ac-article-quote wall-content\">\n<p>Je suis all\u00e9 chercher les meilleurs produits pour faire voyager mes clients en Italie.<\/p>\n<p>    <strong>Maxence<\/strong><br \/>\n        g\u00e9rant de l&rsquo;\u00e9picerie fine Massenzio    <\/p><\/blockquote>\n<p class=\" wall-content\">Dans ses rayons, on retrouve \u00e9videmment une large gamme de charcuteries italiennes (<strong>pancetta<\/strong>, <strong>bresaola<\/strong>, <strong>guanciale, jambon de parme affin\u00e9 24\u00a0mois<\/strong>) mais aussi des fromages (<strong>pecorino<\/strong> <strong>\u00e0 la truffe,<\/strong> <strong>parmigiano reggiano<\/strong>, <strong>burrata<\/strong>, <strong>mozzarella<\/strong> ou encore <strong>camembert di bufala<\/strong>), des p\u00e2tes fra\u00eeches ou s\u00e8ches, des antipasti, des vins italiens, de l\u2019huile d\u2019olive, etc.<\/p>\n<p>Vid\u00e9os : en ce moment sur Actu<\/p>\n<p class=\" wall-content\">On retrouve \u00e9galement des produits originaux, comme <strong>l\u2019umbriaco<\/strong>, un jambon italien affin\u00e9 dans le marc de vin rouge, ou encore<strong> le jambon cru de porc noir de Nebrodi<\/strong>, un mets sicilien unique.<\/p>\n<p>Des planches ap\u00e9ro le soir<\/p>\n<p class=\" wall-content\">En plus du volet \u00e9picerie fine, Maxence propose <strong>une offre de restauration le midi<\/strong> avec des sandwichs ciabatta, garnis des produits de ses rayons. On peut y manger sur place (une petite vingtaine de chaises) ou prendre \u00e0 emporter.<\/p>\n<p>Votre r\u00e9gion, votre actu !<\/p>\n<p>Recevez chaque jour les infos qui comptent pour vous.<\/p>\n<p>\t<a href=\"https:\/\/actu.fr\/newsletter\" class=\"ac-btn ac-btn--corner ac-btn--medium ac-btn--blue800\" target=\"_blank\" rel=\"noopener\">S&rsquo;incrire<\/a><\/p>\n<p class=\" wall-content\">Puis, en d\u00e9but de soir\u00e9e, le patron sert <strong>des planches<\/strong> compos\u00e9es selon les go\u00fbts et les budgets de chacun pour les afterwork ou les ap\u00e9ritifs d\u00eenatoires. De quoi se r\u00e9galer et d\u00e9couvrir les vrais produits de l\u2019Italie.<\/p>\n<p>Suivez l\u2019actualit\u00e9 de Rouen sur <a href=\"https:\/\/www.whatsapp.com\/channel\/0029VaKfnf99hXF2ddApFB1D\" target=\"_blank\" rel=\"noopener\">notre cha\u00eene WhatsApp<\/a> et sur <a href=\"https:\/\/www.tiktok.com\/@76actu.fr?lang=fr\" target=\"_blank\" rel=\"noopener\">notre compte TikTok<\/a><strong>Infos Pratiques<\/strong><br \/>\nMassenzio, 20 place Saint-Amand \u00e0 Rouen<br \/>\nOuvert du mardi au mercredi de 10h \u00e0 19h et du jeudi au samedi de 10h \u00e0 22h30<br \/>\nMassenzio est sur <a href=\"https:\/\/www.instagram.com\/massenzio_rouen_\/?hl=ur\" target=\"_blank\" rel=\"noopener\">Instagram<\/a> et sur <a href=\"https:\/\/www.facebook.com\/profile.php?id=61582589534000\" target=\"_blank\" rel=\"noopener\">Facebook<\/a><\/p>\n<p class=\" wall-content\">Personnalisez votre actualit\u00e9 en ajoutant vos villes et m\u00e9dias en favori avec <a href=\"https:\/\/moncompte.actu.fr\" title=\"D\u00e9couvez Mon Actu\" rel=\"nofollow noopener\" data-trk=\"{&quot;cta&quot;:{&quot;action&quot;:&quot;https:\\\/\\\/moncompte.actu.fr&quot;,&quot;category&quot;:&quot;mon compte&quot;,&quot;from&quot;:&quot;article footer&quot;,&quot;name&quot;:&quot;Mon actu&quot;,&quot;type&quot;:&quot;cta&quot;}}\" target=\"_blank\">Mon Actu<\/a>.<\/p>\n<p>                    <script async src=\"\/\/www.instagram.com\/embed.js\"><\/script><script async src=\"\/\/www.tiktok.com\/embed.js\"><\/script><\/p>\n","protected":false},"excerpt":{"rendered":"Par Adrien Filoche Publi\u00e9 le 28 janv. 2026 \u00e0 20h19 \u00ab\u2009Ma volont\u00e9, c\u2019est de faire voyager mes clients&hellip;\n","protected":false},"author":2,"featured_media":695762,"comment_status":"","ping_status":"","sticky":false,"template":"","format":"standard","meta":{"footnotes":""},"categories":[9587],"tags":[1111,11,9086,215,1777,674,1011,27,12,5161,3147,25,9590,104],"class_list":{"0":"post-695761","1":"post","2":"type-post","3":"status-publish","4":"format-standard","5":"has-post-thumbnail","7":"category-rouen","8":"tag-actu","9":"tag-actualites","10":"tag-bon-plan-a-rouen","11":"tag-commerce","12":"tag-eu","13":"tag-europe","14":"tag-fr","15":"tag-france","16":"tag-news","17":"tag-normandie","18":"tag-nouveaux-commerces","19":"tag-republique-francaise","20":"tag-rouen","21":"tag-societe"},"share_on_mastodon":{"url":"https:\/\/pubeurope.com\/@fr\/115974557227755933","error":""},"_links":{"self":[{"href":"https:\/\/www.europesays.com\/fr\/wp-json\/wp\/v2\/posts\/695761","targetHints":{"allow":["GET"]}}],"collection":[{"href":"https:\/\/www.europesays.com\/fr\/wp-json\/wp\/v2\/posts"}],"about":[{"href":"https:\/\/www.europesays.com\/fr\/wp-json\/wp\/v2\/types\/post"}],"author":[{"embeddable":true,"href":"https:\/\/www.europesays.com\/fr\/wp-json\/wp\/v2\/users\/2"}],"replies":[{"embeddable":true,"href":"https:\/\/www.europesays.com\/fr\/wp-json\/wp\/v2\/comments?post=695761"}],"version-history":[{"count":0,"href":"https:\/\/www.europesays.com\/fr\/wp-json\/wp\/v2\/posts\/695761\/revisions"}],"wp:featuredmedia":[{"embeddable":true,"href":"https:\/\/www.europesays.com\/fr\/wp-json\/wp\/v2\/media\/695762"}],"wp:attachment":[{"href":"https:\/\/www.europesays.com\/fr\/wp-json\/wp\/v2\/media?parent=695761"}],"wp:term":[{"taxonomy":"category","embeddable":true,"href":"https:\/\/www.europesays.com\/fr\/wp-json\/wp\/v2\/categories?post=695761"},{"taxonomy":"post_tag","embeddable":true,"href":"https:\/\/www.europesays.com\/fr\/wp-json\/wp\/v2\/tags?post=695761"}],"curies":[{"name":"wp","href":"https:\/\/api.w.org\/{rel}","templated":true}]}}