{"id":695769,"date":"2026-01-28T20:17:46","date_gmt":"2026-01-28T20:17:46","guid":{"rendered":"https:\/\/www.europesays.com\/fr\/695769\/"},"modified":"2026-01-28T20:17:46","modified_gmt":"2026-01-28T20:17:46","slug":"cest-un-beau-challenge-le-colonel-moine-patron-des-pompiers-des-cotes-darmor-va-rejoindre-le-sdis-35","status":"publish","type":"post","link":"https:\/\/www.europesays.com\/fr\/695769\/","title":{"rendered":"\u00ab\u00a0C\u2019est un beau challenge\u00a0\u00bb\u00a0: le colonel Moine, patron des pompiers des C\u00f4tes-d\u2019Armor, va rejoindre le Sdis 35"},"content":{"rendered":"<p>Le colonel Jean Moine, patron du Sdis des C\u00f4tes-d\u2019Armor, est sur le d\u00e9part. Dans les prochaines semaines, il va prendre la direction du Sdis d\u2019Ille-et-Vilaine. Arriv\u00e9 de Charente, le colonel Moine avait pris ses fonctions le <a href=\"https:\/\/www.letelegramme.fr\/cotes-d-armor\/saint-brieuc-22000\/le-colonel-jean-moine-est-le-nouveau-patron-des-pompiers-des-cotes-darmor-3942061.php\" target=\"_blank\" rel=\"noopener\">1er f\u00e9vrier 2022<\/a>. Quatre ans plus tard, \u00e0 59 ans, il s\u2019appr\u00eate \u00e0 donner une nouvelle orientation \u00e0 sa carri\u00e8re. Il va succ\u00e9der au contr\u00f4leur g\u00e9n\u00e9ral \u00c9ric Candas, patron des pompiers d\u2019Ille-et-Vilaine, nomm\u00e9, quant \u00e0 lui, \u00e0 la direction g\u00e9n\u00e9rale de la s\u00e9curit\u00e9 civile et de la gestion des crises au minist\u00e8re de l\u2019Int\u00e9rieur.<\/p>\n<p>\u00ab\u00a0C\u2019est un beau challenge et changer de poste redonne un petit coup de fouet\u00a0\u00bb, reconna\u00eet le colonel Moine. Si en termes de superficie les deux d\u00e9partements ont des similitudes, en revanche, <a href=\"https:\/\/www.letelegramme.fr\/bretagne\/tempete-ciaran-dans-les-cotes-darmor-1-000-pompiers-mobilises-et-plus-de-1-500-interventions-6461773.php\" target=\"_blank\" rel=\"noopener\">les moyens sont tout autres<\/a>. \u00ab\u00a0Dans les C\u00f4tes-d\u2019Armor, nous avons 350 sapeurs pompiers professionnels. L\u00e0-bas, c\u2019est le double. Nous avons 2\u00a0300 volontaires, eux pr\u00e8s de 3 000.\u00a0\u00bb Quand les C\u00f4tes-d\u2019Armor comptent 60 casernes, le d\u00e9partement voisin en d\u00e9nombre 85.<\/p>\n<p><img decoding=\"async\" src=\"https:\/\/www.europesays.com\/fr\/wp-content\/uploads\/2026\/01\/6979c4c65963f40fff0dbf42.1.jpeg\" width=\"480\" height=\"300\" class=\"web_golden_m\" loading=\"lazy\" alt=\"Le colonel Moine le reconna\u00eet \u00ab\u00a0Le d\u00e9partement des C\u00f4tes-d\u2019Armor est sympa. La qualit\u00e9 de vie, l\u2019institution, tout est bien ici\u00a0\u00bb.\"\/>Le colonel Moine le reconna\u00eet \u00ab\u00a0Le d\u00e9partement des C\u00f4tes-d\u2019Armor est sympa. La qualit\u00e9 de vie, l\u2019institution, tout est bien ici\u00a0\u00bb. (Le T\u00e9l\u00e9gramme\/Julien Molla)\u00ab\u00a0Vous changez de dimension\u00a0\u00bb<\/p>\n<p>Mais au-del\u00e0 de ces chiffres, \u00ab\u00a0ce sont les enjeux socio-\u00e9conomiques qui sont diff\u00e9rents\u00a0\u00bb, d\u00e9taille l\u2019int\u00e9ress\u00e9. \u00ab\u00a0En Ille-et-Vilaine, le tissu \u00e9conomique est plus dense et puis, surtout, vous comptez une m\u00e9tropole. De fait, vous changez de dimension.\u00a0\u00bb<\/p>\n<p>Le colonel Moine l\u2019avoue volontiers, si cela n\u2019avait pas \u00e9t\u00e9 l\u2019Ille-et-Vilaine et \u00ab\u00a0cette belle opportunit\u00e9\u00a0\u00bb, il serait rest\u00e9 dans les C\u00f4tes-d\u2019Armor. \u00ab\u00a0Le d\u00e9partement est super sympa. La qualit\u00e9 de vie, l\u2019institution, tout est bien ici.\u00a0\u00bb<\/p>\n<p>Son successeur prendra ses fonctions le 1er juillet<\/p>\n<p>Quant \u00e0 son successeur, il est trop t\u00f4t pour conna\u00eetre son nom. L\u2019appel \u00e0 candidature a \u00e9t\u00e9 publi\u00e9 ce mardi 27 janvier. \u00ab\u00a0Les candidatures vont \u00eatre examin\u00e9es par la direction g\u00e9n\u00e9rale. Trois candidats vont \u00eatre s\u00e9lectionn\u00e9s et ce sont, ensuite, le pr\u00e9sident du conseil d\u00e9partemental et le pr\u00e9fet qui feront leur choix, deuxi\u00e8me quinzaine de mars, pour une prise de fonction le 1er juillet.\u00a0\u00bb<\/p>\n","protected":false},"excerpt":{"rendered":"Le colonel Jean Moine, patron du Sdis des C\u00f4tes-d\u2019Armor, est sur le d\u00e9part. Dans les prochaines semaines, il&hellip;\n","protected":false},"author":2,"featured_media":695770,"comment_status":"","ping_status":"","sticky":false,"template":"","format":"standard","meta":{"footnotes":""},"categories":[2821],"tags":[1111,11,829,2171,765,1777,674,1011,27,848,12,584,25,4937],"class_list":{"0":"post-695769","1":"post","2":"type-post","3":"status-publish","4":"format-standard","5":"has-post-thumbnail","7":"category-rennes","8":"tag-actu","9":"tag-actualites","10":"tag-bretagne","11":"tag-cotes-darmor","12":"tag-en-continu","13":"tag-eu","14":"tag-europe","15":"tag-fr","16":"tag-france","17":"tag-ille-et-vilaine","18":"tag-news","19":"tag-rennes","20":"tag-republique-francaise","21":"tag-saint-brieuc"},"share_on_mastodon":{"url":"https:\/\/pubeurope.com\/@fr\/115974572912283578","error":""},"_links":{"self":[{"href":"https:\/\/www.europesays.com\/fr\/wp-json\/wp\/v2\/posts\/695769","targetHints":{"allow":["GET"]}}],"collection":[{"href":"https:\/\/www.europesays.com\/fr\/wp-json\/wp\/v2\/posts"}],"about":[{"href":"https:\/\/www.europesays.com\/fr\/wp-json\/wp\/v2\/types\/post"}],"author":[{"embeddable":true,"href":"https:\/\/www.europesays.com\/fr\/wp-json\/wp\/v2\/users\/2"}],"replies":[{"embeddable":true,"href":"https:\/\/www.europesays.com\/fr\/wp-json\/wp\/v2\/comments?post=695769"}],"version-history":[{"count":0,"href":"https:\/\/www.europesays.com\/fr\/wp-json\/wp\/v2\/posts\/695769\/revisions"}],"wp:featuredmedia":[{"embeddable":true,"href":"https:\/\/www.europesays.com\/fr\/wp-json\/wp\/v2\/media\/695770"}],"wp:attachment":[{"href":"https:\/\/www.europesays.com\/fr\/wp-json\/wp\/v2\/media?parent=695769"}],"wp:term":[{"taxonomy":"category","embeddable":true,"href":"https:\/\/www.europesays.com\/fr\/wp-json\/wp\/v2\/categories?post=695769"},{"taxonomy":"post_tag","embeddable":true,"href":"https:\/\/www.europesays.com\/fr\/wp-json\/wp\/v2\/tags?post=695769"}],"curies":[{"name":"wp","href":"https:\/\/api.w.org\/{rel}","templated":true}]}}