{"id":695773,"date":"2026-01-28T20:19:26","date_gmt":"2026-01-28T20:19:26","guid":{"rendered":"https:\/\/www.europesays.com\/fr\/695773\/"},"modified":"2026-01-28T20:19:26","modified_gmt":"2026-01-28T20:19:26","slug":"un-grand-bal-dhiver-avec-dj-sets-va-faire-danser-lorangerie","status":"publish","type":"post","link":"https:\/\/www.europesays.com\/fr\/695773\/","title":{"rendered":"un \u00ab Grand Bal d\u2019hiver \u00bb avec DJ sets va faire danser l\u2019Orangerie"},"content":{"rendered":"<p>    <img loading=\"lazy\" width=\"1800\" height=\"900\" src=\"https:\/\/www.europesays.com\/fr\/wp-content\/uploads\/2025\/11\/jeanne-callthepolice.jpg\" class=\"attachment-full size-full\" alt=\"\" id=\"imageLove\" decoding=\"async\"  \/><\/p>\n<p id=\"breadcrumbs\"><a href=\"https:\/\/pokaa.fr\/\" target=\"_blank\" rel=\"noopener\">Accueil<\/a> \/ <a href=\"https:\/\/pokaa.fr\/categories\/ses-sorties\/\" target=\"_blank\" rel=\"noopener\">Sorties<\/a> \/ Strasbourg insolite : un \u00ab Grand Bal d\u2019hiver \u00bb avec DJ sets va faire danser l\u2019Orangerie<\/p>\n<p>                    Sorties<\/p>\n<p><b>Sortez vos plus belles tenues, poudrez-vous de paillettes : apr\u00e8s le succ\u00e8s du premier l\u2019an pass\u00e9, Les Tantines orchestrent un deuxi\u00e8me \u00ab Grand Bal d\u2019Hiver \u00bb, le samedi 7 f\u00e9vrier ! Drag shows, DJ sets, petits fours et humour\u2026 Pour la bonne cause, nos reines strasbourgeoises reviennent faire valser les conventions avec cette nuit pas comme les autres, ambiance Bridgerton, le \u00ab\u00a0slay\u00a0\u00bb en plus.<\/b><\/p>\n<p>L\u2019an dernier, la premi\u00e8re \u00e9dition a su r\u00e9unir et s\u00e9duire 200 personnes dans le cadre somptueux et coquet de la Villa Quai Sturm.<\/p>\n<p>Le <b>samedi 7 f\u00e9vrier<\/b>, la deuxi\u00e8me \u00e9dition du Grand Bal d\u2019Hiver des Tantines nous convie cette fois dans le \u00ab\u00a0cadre f\u00e9erique\u00a0\u00bb du<b> Pavillon Jos\u00e9phine, aux portes de l\u2019Orangerie<\/b>. Avec la m\u00eame recette que la premi\u00e8re \u00e9dition : des petits fours et le sens du spectacle.<\/p>\n<p>                <img width=\"333\" height=\"500\" src=\"https:\/\/www.europesays.com\/fr\/wp-content\/uploads\/2026\/01\/soiree-villasturm-29-333x500.jpg\" class=\"attachment-gallery size-gallery\" alt=\"Les Tantines + Grand bal d\u2019hiver\" data-full-url=\"https:\/\/pokaa.fr\/wp-content\/uploads\/2026\/01\/23\/soiree-villasturm-29.jpg\" decoding=\"async\" loading=\"lazy\"  \/>            <\/p>\n<p>                <img width=\"333\" height=\"500\" src=\"https:\/\/www.europesays.com\/fr\/wp-content\/uploads\/2026\/01\/soiree-villasturm-379-333x500.jpg\" class=\"attachment-gallery size-gallery\" alt=\"Les Tantines + Grand bal d\u2019hiver\" data-full-url=\"https:\/\/pokaa.fr\/wp-content\/uploads\/2026\/01\/23\/soiree-villasturm-379.jpg\" decoding=\"async\" loading=\"lazy\"  \/>            <\/p>\n<p>                    Rose Tental et ViviAnn du Fermoir-de-Monsac (\u00e0 gauche) au Grand Bal d&rsquo;hiver 2025. \u00a9 Fanny.c-photos \/ Documents remis<\/p>\n<p>    <img width=\"800\" height=\"533\" src=\"https:\/\/www.europesays.com\/fr\/wp-content\/uploads\/2026\/01\/soiree-villasturm-247-800x533.jpg\" class=\"attachment-image-size-L size-image-size-L\" alt=\"Les Tantines + Grand bal d\u2019hiver\" decoding=\"async\" loading=\"lazy\"  \/>         Grand Bal d&rsquo;hiver par Les Tantines (\u00e0 la Villa Sturm, \u00e9dition 2025). \u00a9 Fanny.c-photos \/ Document remis <\/p>\n<p>\u00c9l\u00e9gance et extravagance<\/p>\n<p>Pour ouvrir le bal\u00a0? Une <b>d\u00e9couverte des associations partenaires pr\u00e9sentes<\/b> (Le Refuge et Ithaque), accompagn\u00e9e d\u2019un<b> cocktail d\u00eenatoire servi en musique avec une violoniste, <\/b>en partenariat avec le restaurant gastronomique <b>La Casserole <\/b>(avec des options v\u00e9g\u00e9tariennes et v\u00e9ganes).<\/p>\n<p>Suivi, tout au long de la soir\u00e9e, d\u2019<b>un buffet sucr\u00e9 de fruits et de mignardises<\/b> (\u00e9labor\u00e9 par <b>Haute Couture Gourmande<\/b>) avec des \u00ab choux vanille et pistaches, tartelettes myrtille ou passion, pop\u00a0cakes, macarons\u00a0\u00bb.<\/p>\n<p>                <img width=\"750\" height=\"500\" src=\"https:\/\/www.europesays.com\/fr\/wp-content\/uploads\/2026\/01\/soiree-villasturm-13-750x500.jpg\" class=\"attachment-gallery size-gallery\" alt=\"Les Tantines + Grand bal d\u2019hiver\" data-full-url=\"https:\/\/pokaa.fr\/wp-content\/uploads\/2026\/01\/23\/soiree-villasturm-13.jpg\" decoding=\"async\" loading=\"lazy\"  \/>            <\/p>\n<p>                <img width=\"750\" height=\"500\" src=\"https:\/\/www.europesays.com\/fr\/wp-content\/uploads\/2026\/01\/soiree-villasturm-9-750x500.jpg\" class=\"attachment-gallery size-gallery\" alt=\"Les Tantines + Grand bal d\u2019hiver\" data-full-url=\"https:\/\/pokaa.fr\/wp-content\/uploads\/2026\/01\/23\/soiree-villasturm-9.jpg\" decoding=\"async\" loading=\"lazy\"  \/>            <\/p>\n<p>                <img width=\"750\" height=\"500\" src=\"https:\/\/www.europesays.com\/fr\/wp-content\/uploads\/2026\/01\/soiree-villasturm-263-750x500.jpg\" class=\"attachment-gallery size-gallery\" alt=\"Les Tantines + Grand bal d\u2019hiver\" data-full-url=\"https:\/\/pokaa.fr\/wp-content\/uploads\/2026\/01\/23\/soiree-villasturm-263.jpg\" decoding=\"async\" loading=\"lazy\"  \/>            <\/p>\n<p>                    L&rsquo;\u00e9dition 2025. \u00a9 Fanny.c-photos \/ Documents remis<\/p>\n<p>Cerise sur le g\u00e2teau : les<b> nombreux drag shows <\/b>annonc\u00e9s, assur\u00e9s par <b>Les Tantines au complet <\/b>(<b>Rose Tental<\/b>, <b>ViviAnn du Fermoir-de-Monsac<\/b> et <b>La Givr\u00e9e<\/b>) et leurs divines invit\u00e9es\u2026 <b>Le duo star de <\/b><b>Drag Race France<\/b><b> (saison 2)\u00a0: <\/b><b>Rose et Punani<\/b>.<\/p>\n<p>Sans oublier les artistes d\u2019ici : <b>Treize<\/b> et <b>Kupydona<\/b>.<\/p>\n<p>                <img width=\"750\" height=\"500\" src=\"https:\/\/www.europesays.com\/fr\/wp-content\/uploads\/2026\/01\/soiree-villasturm-198-750x500.jpg\" class=\"attachment-gallery size-gallery\" alt=\"Les Tantines + Grand bal d\u2019hiver\" data-full-url=\"https:\/\/pokaa.fr\/wp-content\/uploads\/2026\/01\/23\/soiree-villasturm-198.jpg\" decoding=\"async\" loading=\"lazy\"  \/>            <\/p>\n<p>                <img width=\"750\" height=\"500\" src=\"https:\/\/www.europesays.com\/fr\/wp-content\/uploads\/2026\/01\/soiree-villasturm-6-750x500.jpg\" class=\"attachment-gallery size-gallery\" alt=\"Les Tantines + Grand bal d\u2019hiver\" data-full-url=\"https:\/\/pokaa.fr\/wp-content\/uploads\/2026\/01\/23\/soiree-villasturm-6.jpg\" decoding=\"async\" loading=\"lazy\"  \/>            <\/p>\n<p>                <img width=\"750\" height=\"500\" src=\"https:\/\/www.europesays.com\/fr\/wp-content\/uploads\/2026\/01\/soiree-villasturm-208-750x500.jpg\" class=\"attachment-gallery size-gallery\" alt=\"Les Tantines + Grand bal d\u2019hiver\" data-full-url=\"https:\/\/pokaa.fr\/wp-content\/uploads\/2026\/01\/23\/soiree-villasturm-208.jpg\" decoding=\"async\" loading=\"lazy\"  \/>            <\/p>\n<p>                    L&rsquo;\u00e9dition 2025. \u00a9 Fanny.c-photos \/ Documents remis<\/p>\n<p>Et pour d\u00e9corseter le public\u00a0? <b>Un concert de P\u00e9dales des F\u00e9es<\/b>,<b> <\/b>et<b> Ana Dolly et DJ Kalak<\/b> aux platines (avec une s\u00e9lection disco, pop et house) pour danser \u00ab\u00a0jusqu\u2019au bout de la nuit\u00a0\u00bb.<\/p>\n<p><b>La \u00ab\u00a0Nuit\u00a0\u00bb<\/b>, qui sera par ailleurs <b>le th\u00e8me de cette deuxi\u00e8me \u00e9dition<\/b>. Une ode aux <b>\u00ab\u00a0cr\u00e9atures de la p\u00e9nombre et couleurs du cr\u00e9puscule\u00a0\u00bb<\/b>, nous invitant \u00e0 \u00ab\u00a0briller comme les \u00e9toiles que [nous sommes]\u00a0\u00bb.<\/p>\n<p>                <img width=\"625\" height=\"500\" src=\"https:\/\/www.europesays.com\/fr\/wp-content\/uploads\/2026\/01\/soiree-villasturm-468-625x500.jpg\" class=\"attachment-gallery size-gallery\" alt=\"Les Tantines + Grand bal d\u2019hiver\" data-full-url=\"https:\/\/pokaa.fr\/wp-content\/uploads\/2026\/01\/23\/soiree-villasturm-468.jpg\" decoding=\"async\" loading=\"lazy\"  \/>            <\/p>\n<p>                <img width=\"750\" height=\"500\" src=\"https:\/\/www.europesays.com\/fr\/wp-content\/uploads\/2026\/01\/soiree-villasturm-504-750x500.jpg\" class=\"attachment-gallery size-gallery\" alt=\"Les Tantines + Grand bal d\u2019hiver\" data-full-url=\"https:\/\/pokaa.fr\/wp-content\/uploads\/2026\/01\/23\/soiree-villasturm-504.jpg\" decoding=\"async\" loading=\"lazy\"  \/>            <\/p>\n<p>                <img width=\"333\" height=\"500\" src=\"https:\/\/www.europesays.com\/fr\/wp-content\/uploads\/2026\/01\/soiree-villasturm-471-333x500.jpg\" class=\"attachment-gallery size-gallery\" alt=\"Les Tantines + Grand bal d\u2019hiver\" data-full-url=\"https:\/\/pokaa.fr\/wp-content\/uploads\/2026\/01\/23\/soiree-villasturm-471.jpg\" decoding=\"async\" loading=\"lazy\"  \/>            <\/p>\n<p>                <img width=\"500\" height=\"500\" src=\"https:\/\/www.europesays.com\/fr\/wp-content\/uploads\/2026\/01\/241803227-870294853597062-2599557084982698843-n-500x500.jpg\" class=\"attachment-gallery size-gallery\" alt=\"rose et punani\" data-full-url=\"https:\/\/pokaa.fr\/wp-content\/uploads\/2026\/01\/28\/241803227-870294853597062-2599557084982698843-n.jpg\" decoding=\"async\" loading=\"lazy\"  \/>            <\/p>\n<p>                    L&rsquo;\u00e9dition 2025, avec Ruby on the Nail. 1. \u00e0 3. \u00a9 Fanny.c-photos \/ Documents remis ; 4. \u00a9 Page Facebook de Rose et Punani \/ Capture d&rsquo;\u00e9cran<\/p>\n<p>    <img width=\"800\" height=\"533\" src=\"https:\/\/www.europesays.com\/fr\/wp-content\/uploads\/2026\/01\/soiree-villasturm-152-800x533.jpg\" class=\"attachment-image-size-L size-image-size-L\" alt=\"bar d\u2019hiver les Tantines\" decoding=\"async\" loading=\"lazy\"  \/>         \u00a9 Fanny.c-photos \/ Document remis <\/p>\n<p>Un Grand Bal d&rsquo;Hiver solidaire<\/p>\n<p>Nous l\u2019\u00e9crivions plus haut\u2026 Ce Grand Bal d\u2019Hiver s\u2019organise pour la bonne cause. Derri\u00e8re son faste et les paillettes de ses h\u00f4tesses, se cache aussi une bonne action, puisque <b>l\u2019ensemble des b\u00e9n\u00e9fices de la soir\u00e9e aidera \u00e0 financer les diff\u00e9rentes actions de leur association<\/b>, cr\u00e9\u00e9e en novembre 2024.<\/p>\n<p>Pr\u00e9sentes toute l\u2019ann\u00e9e aupr\u00e8s de la communaut\u00e9 LGBTQIA+, Les Tantines s\u2019impliquent notamment au travers de leurs <b>\u00ab\u00a0Permanences Trans\u00a0\u00bb<\/b> (en accompagnant les personnes trans dans leur parcours de transition administrative et\/ou m\u00e9dicale) et <b>l\u2019\u00e9ducation \u00e0 la lutte contre les discriminations <\/b>(\u00e0 travers des interventions en milieux scolaire et entrepreneurial).<\/p>\n<p>                <a href=\"https:\/\/pokaa.fr\/2025\/03\/14\/paillettes-et-tolerance-a-strasbourg-2-drag-queens-creent-une-asso-pour-rassembler\/\" target=\"_blank\" rel=\"noopener\"><br \/>\n                    <img width=\"450\" height=\"270\" src=\"https:\/\/www.europesays.com\/fr\/wp-content\/uploads\/2025\/10\/1-1-450x270.png\" class=\"attachment-card-horizontal--same-subject size-card-horizontal--same-subject wp-post-image\" alt=\"\" decoding=\"async\" loading=\"lazy\"\/>                <\/a><\/p>\n<p>    <img width=\"800\" height=\"532\" src=\"https:\/\/www.europesays.com\/fr\/wp-content\/uploads\/2026\/01\/les-tantines-e1726244288243-800x532.jpg\" class=\"attachment-image-size-L size-image-size-L\" alt=\"les tantines\" decoding=\"async\" loading=\"lazy\"  \/>         \u00a9 Document remis <\/p>\n<p>Elles s\u2019illustrent aussi avec leur <b>Bingo caritatif annuel du Refuge<\/b>, et l\u2019organisation et le financement de la location du <b>\u00ab Petit Train \u00bb touristique lors de la Marche des visibilit\u00e9s<\/b> (afin de permettre son accessibilit\u00e9 aux personnes \u00e0 mobilit\u00e9 r\u00e9duite). Et depuis d\u00e9cembre dernier, Les Tantines se muent aussi en M\u00e8res No\u00ebl, avec leur premier <b>repas de No\u00ebl solidaire<\/b> (en partenariat avec l\u2019association La Cloche).<\/p>\n<p>Une bonne raison, donc, d\u2019entrer dans la danse et de prendre ses billets <strong><a href=\"https:\/\/www.helloasso.com\/associations\/les-tantines-67\/evenements\/grand-bal-d-hiver-2026\" target=\"_blank\" rel=\"noopener\">en cliquant ici<\/a><\/strong>.<\/p>\n<p>                <img width=\"333\" height=\"500\" src=\"https:\/\/www.europesays.com\/fr\/wp-content\/uploads\/2026\/01\/soiree-villasturm-107-333x500.jpg\" class=\"attachment-gallery size-gallery\" alt=\"Les Tantines + Grand bal d\u2019hiver\" data-full-url=\"https:\/\/pokaa.fr\/wp-content\/uploads\/2026\/01\/23\/soiree-villasturm-107.jpg\" decoding=\"async\" loading=\"lazy\"  \/>            <\/p>\n<p>                <img width=\"333\" height=\"500\" src=\"https:\/\/www.europesays.com\/fr\/wp-content\/uploads\/2026\/01\/soiree-villasturm-488-333x500.jpg\" class=\"attachment-gallery size-gallery\" alt=\"Les Tantines + Grand bal d\u2019hiver\" data-full-url=\"https:\/\/pokaa.fr\/wp-content\/uploads\/2026\/01\/23\/soiree-villasturm-488.jpg\" decoding=\"async\" loading=\"lazy\"  \/>            <\/p>\n<p>                <img width=\"333\" height=\"500\" src=\"https:\/\/www.europesays.com\/fr\/wp-content\/uploads\/2026\/01\/soiree-villasturm-283-333x500.jpg\" class=\"attachment-gallery size-gallery\" alt=\"Les Tantines + Grand bal d\u2019hiver\" data-full-url=\"https:\/\/pokaa.fr\/wp-content\/uploads\/2026\/01\/23\/soiree-villasturm-283.jpg\" decoding=\"async\" loading=\"lazy\"  \/>            <\/p>\n<p>                <img width=\"750\" height=\"500\" src=\"https:\/\/www.europesays.com\/fr\/wp-content\/uploads\/2026\/01\/soiree-villasturm-324-750x500.jpg\" class=\"attachment-gallery size-gallery\" alt=\"Les Tantines + Grand bal d\u2019hiver\" data-full-url=\"https:\/\/pokaa.fr\/wp-content\/uploads\/2026\/01\/23\/soiree-villasturm-324.jpg\" decoding=\"async\" loading=\"lazy\"  \/>            <\/p>\n<p>                    L&rsquo;\u00e9dition 2025. \u00a9 Fanny.c-photos \/ Documents remis<\/p>\n<p>            Grand Bal d&rsquo;hiver \u2013 2e \u00e9dition \u00ab\u00a0La Nuit\u00a0\u00bb<\/p>\n<p>            Quoi ? <\/p>\n<p>Bal solidaire organis\u00e9 par Les Tantines (avec cocktail d\u00eenatoire, drag shows, concerts, DJ sets)<\/p>\n<p>                Quand ?<\/p>\n<p>Samedi 7 f\u00e9vrier de 20h \u00e0 3h30<\/p>\n<p>            o\u00f9 ?<\/p>\n<p>Au Pavillon Jos\u00e9phine, parc de l\u2019Orangerie, \u00e0 Strasbourg<\/p>\n<p>                Plus d&rsquo;infos ?<\/p>\n<p><a href=\"https:\/\/www.helloasso.com\/associations\/les-tantines-67\/evenements\/grand-bal-d-hiver-2026\" target=\"_blank\" rel=\"noopener\">Billetterie en ligne<\/a><\/p>\n<p><a href=\"https:\/\/fb.me\/e\/7xuP7a4J8\" target=\"_blank\" rel=\"noopener\">L\u2019\u00e9v\u00e9nement Facebook<\/a><\/p>\n","protected":false},"excerpt":{"rendered":"Accueil \/ Sorties \/ Strasbourg insolite : un \u00ab Grand Bal d\u2019hiver \u00bb avec DJ sets va faire&hellip;\n","protected":false},"author":2,"featured_media":695774,"comment_status":"","ping_status":"","sticky":false,"template":"","format":"standard","meta":{"footnotes":""},"categories":[2820],"tags":[1111,11,4763,14064,5972,29739,1777,674,1011,27,775,1757,79115,21095,12,15348,25,12280,640,4064],"class_list":{"0":"post-695773","1":"post","2":"type-post","3":"status-publish","4":"format-standard","5":"has-post-thumbnail","7":"category-strasbourg","8":"tag-actu","9":"tag-actualites","10":"tag-agenda","11":"tag-bal","12":"tag-danse","13":"tag-dragshow","14":"tag-eu","15":"tag-europe","16":"tag-fr","17":"tag-france","18":"tag-grand-est","19":"tag-insolite","20":"tag-les-tantines","21":"tag-lgbtqia","22":"tag-news","23":"tag-queer","24":"tag-republique-francaise","25":"tag-solidaire","26":"tag-strasbourg","27":"tag-week-end"},"share_on_mastodon":{"url":"https:\/\/pubeurope.com\/@fr\/115974581769960566","error":""},"_links":{"self":[{"href":"https:\/\/www.europesays.com\/fr\/wp-json\/wp\/v2\/posts\/695773","targetHints":{"allow":["GET"]}}],"collection":[{"href":"https:\/\/www.europesays.com\/fr\/wp-json\/wp\/v2\/posts"}],"about":[{"href":"https:\/\/www.europesays.com\/fr\/wp-json\/wp\/v2\/types\/post"}],"author":[{"embeddable":true,"href":"https:\/\/www.europesays.com\/fr\/wp-json\/wp\/v2\/users\/2"}],"replies":[{"embeddable":true,"href":"https:\/\/www.europesays.com\/fr\/wp-json\/wp\/v2\/comments?post=695773"}],"version-history":[{"count":0,"href":"https:\/\/www.europesays.com\/fr\/wp-json\/wp\/v2\/posts\/695773\/revisions"}],"wp:featuredmedia":[{"embeddable":true,"href":"https:\/\/www.europesays.com\/fr\/wp-json\/wp\/v2\/media\/695774"}],"wp:attachment":[{"href":"https:\/\/www.europesays.com\/fr\/wp-json\/wp\/v2\/media?parent=695773"}],"wp:term":[{"taxonomy":"category","embeddable":true,"href":"https:\/\/www.europesays.com\/fr\/wp-json\/wp\/v2\/categories?post=695773"},{"taxonomy":"post_tag","embeddable":true,"href":"https:\/\/www.europesays.com\/fr\/wp-json\/wp\/v2\/tags?post=695773"}],"curies":[{"name":"wp","href":"https:\/\/api.w.org\/{rel}","templated":true}]}}