{"id":695793,"date":"2026-01-28T20:29:13","date_gmt":"2026-01-28T20:29:13","guid":{"rendered":"https:\/\/www.europesays.com\/fr\/695793\/"},"modified":"2026-01-28T20:29:13","modified_gmt":"2026-01-28T20:29:13","slug":"le-zoo-de-lille-rouvrira-ses-portes-le-samedi-14-fevrier-2026","status":"publish","type":"post","link":"https:\/\/www.europesays.com\/fr\/695793\/","title":{"rendered":"Le Zoo de Lille rouvrira ses portes le samedi 14 f\u00e9vrier 2026"},"content":{"rendered":"<p style=\"text-align: justify;\">Le <strong>Zoo de Lille<\/strong> rouvre ses portes <strong>samedi 14 f\u00e9vrier 2026 \u00e0 10h. <\/strong>Cette p\u00e9riode de fermeture a permis de <strong>r\u00e9aliser des travaux plus importants<\/strong> ou encore des <strong>r\u00e9novations<\/strong> afin de <strong>remettre en \u00e9tat le parc<\/strong> et ainsi pr\u00e9parer cette nouvelle ann\u00e9e.<\/p>\n<p style=\"text-align: justify;\">Animations du 14 &amp; 15 f\u00e9vrier 2026<br \/><strong>Stand d\u2019animation \u00ab\u00a0Les tr\u00e9sors du zoo\u00a0\u00bb<\/strong><br \/>Ce <strong>stand de sensibilisation<\/strong> vous invite \u00e0 <strong>d\u00e9couvrir diff\u00e9rentes esp\u00e8ces<\/strong> <strong>accueillies au zoo<\/strong> tout en <strong>manipulant des mues de serpents,<\/strong> des <strong>pics de porcs-\u00e9pics<\/strong> et <strong>bien d\u2019autres objets biologiques !<\/strong><\/p>\n<p>Stand p\u00e9dagogique ouvert de 10h30 \u00e0 12h30 et de 14h \u00e0 16h30 \u2013 Pour tous \u2013 Sans r\u00e9servation<\/p>\n<p style=\"text-align: justify;\"><strong>Nourrissages comment\u00e9s <br \/>Assistez au nourrissage de certaines esp\u00e8ces du zoo<\/strong> tout en <strong>d\u00e9couvrant leur mode de vie aux c\u00f4t\u00e9s de l\u2019\u00e9quipe de m\u00e9diation.<\/strong><br \/><strong>11h<\/strong> : pandas roux &amp; muntjac de Reeves<br \/><strong>12h<\/strong> : suricates &amp; porcs-\u00e9pics<br \/><strong>14h15<\/strong> : loutres cendr\u00e9es &amp; binturongs <br \/><strong>15h15<\/strong> : loups \u00e0 crini\u00e8res &amp; tapirs terrestres<br \/>Dur\u00e9e : 10 minutes environ \u2013 Pour tous \u2013 Sans r\u00e9servation<\/p>\n<p style=\"text-align: justify;\"><strong>Jeu de piste<br \/><\/strong>Mis \u00e0 disposition \u00e0 <strong>l\u2019accueil<\/strong> pour <strong>agr\u00e9menter la visite des petits curieux ! <\/strong>(age conseill\u00e9 : 7 ans).<\/p>\n<p style=\"text-align: justify;\">Infos pratiques<br \/><strong><img loading=\"lazy\" decoding=\"async\" src=\"https:\/\/www.europesays.com\/fr\/wp-content\/uploads\/2025\/11\/arrow.png\" alt=\"\" width=\"9\" height=\"9\" data-lazy-src=\"https:\/\/www.europesays.com\/fr\/wp-content\/uploads\/2025\/11\/arrow.png\"\/> Zoo de Lille<\/strong><br \/>Avenue Mathias Delobel<br \/><strong><img loading=\"lazy\" decoding=\"async\" src=\"https:\/\/www.europesays.com\/fr\/wp-content\/uploads\/2025\/11\/arrow.png\" alt=\"\" width=\"9\" height=\"9\" data-lazy-src=\"https:\/\/www.europesays.com\/fr\/wp-content\/uploads\/2025\/11\/arrow.png\"\/> <\/strong><strong>Tarifs :<\/strong><br \/>\u2013 gratuit pour les Lillois, Hellemmois et Lommois poss\u00e9dant un Pass Zoo \/ Pass Lille &amp; Moi<br \/>\u2013 billet 1 jour : gratuit pour les moins de 5 ans \/ 3\u20ac pour les enfants de 5 \u00e0 17 ans inclus \/ 6\u20ac pour les adultes (18 ans et plus) \/ billet 2 + 2 (2 adultes + 2 enfants) = 15\u20ac +2\u20ac par enfant suppl\u00e9mentaire<br \/>\u2013 abonnement valable 1 an : enfant de 0 \u00e0 4 ans inclus = gratuit \/ enfant de 5 \u00e0 17 ans inclus = 8\u20ac \/ adulte = 16\u20ac \/ famille (2 adultes + 3 enfants max) = 42\u20ac<br \/><strong><img loading=\"lazy\" decoding=\"async\" src=\"https:\/\/www.europesays.com\/fr\/wp-content\/uploads\/2025\/11\/arrow.png\" alt=\"\" width=\"9\" height=\"9\" data-lazy-src=\"https:\/\/www.europesays.com\/fr\/wp-content\/uploads\/2025\/11\/arrow.png\"\/> <\/strong><strong>Horaires d\u2019ouverture :<\/strong><br \/>\u2013 tous les jours : 10h \u00e0 17h<br \/>\u2013 ferm\u00e9 le mardi<br \/><strong>Fermeture des caisses 1h avant la fermeture. Dernier acc\u00e8s au Zoo 30 minutes avant la fermeture des portes pour les visiteurs d\u00e9j\u00e0 munis d\u2019un billet, abonnement ou Pass zoo.<br \/><\/strong><\/p>\n<p style=\"text-align: justify;\"><img loading=\"lazy\" decoding=\"async\" class=\" wp-image-45 lazyloaded\" src=\"https:\/\/www.europesays.com\/fr\/wp-content\/uploads\/2025\/11\/1762509193_441_arrow.png\" alt=\"\" width=\"9\" height=\"9\" data-lazy-src=\"https:\/\/www.europesays.com\/fr\/wp-content\/uploads\/2025\/11\/1762509193_441_arrow.png\"\/> <strong>2 parkings payants<\/strong> (820 places au total) se trouvent <strong>juste \u00e0 c\u00f4t\u00e9 du Zoo de Lille :<\/strong><br \/>\u2013 Champ de Mars \u2013 Libert\u00e9 (acc\u00e8s Pont du Petit-Paradis)<br \/>\u2013 Champ de Mars \u2013 Petit Paradis<\/p>\n<p class=\"has-text-align-right\">Source : Ville de Lille \/ Photos : \u00a9 Zoom Sur Lille<\/p>\n","protected":false},"excerpt":{"rendered":"Le Zoo de Lille rouvre ses portes samedi 14 f\u00e9vrier 2026 \u00e0 10h. Cette p\u00e9riode de fermeture a&hellip;\n","protected":false},"author":2,"featured_media":695794,"comment_status":"","ping_status":"","sticky":false,"template":"","format":"standard","meta":{"footnotes":""},"categories":[2815],"tags":[1111,11,1867,1777,674,1011,27,811,1307,12,13979,25,6031,79117],"class_list":{"0":"post-695793","1":"post","2":"type-post","3":"status-publish","4":"format-standard","5":"has-post-thumbnail","7":"category-lille","8":"tag-actu","9":"tag-actualites","10":"tag-animaux","11":"tag-eu","12":"tag-europe","13":"tag-fr","14":"tag-france","15":"tag-hauts-de-france","16":"tag-lille","17":"tag-news","18":"tag-reouverture","19":"tag-republique-francaise","20":"tag-zoo","21":"tag-zoo-de-lille"},"share_on_mastodon":{"url":"https:\/\/pubeurope.com\/@fr\/115974620277468013","error":""},"_links":{"self":[{"href":"https:\/\/www.europesays.com\/fr\/wp-json\/wp\/v2\/posts\/695793","targetHints":{"allow":["GET"]}}],"collection":[{"href":"https:\/\/www.europesays.com\/fr\/wp-json\/wp\/v2\/posts"}],"about":[{"href":"https:\/\/www.europesays.com\/fr\/wp-json\/wp\/v2\/types\/post"}],"author":[{"embeddable":true,"href":"https:\/\/www.europesays.com\/fr\/wp-json\/wp\/v2\/users\/2"}],"replies":[{"embeddable":true,"href":"https:\/\/www.europesays.com\/fr\/wp-json\/wp\/v2\/comments?post=695793"}],"version-history":[{"count":0,"href":"https:\/\/www.europesays.com\/fr\/wp-json\/wp\/v2\/posts\/695793\/revisions"}],"wp:featuredmedia":[{"embeddable":true,"href":"https:\/\/www.europesays.com\/fr\/wp-json\/wp\/v2\/media\/695794"}],"wp:attachment":[{"href":"https:\/\/www.europesays.com\/fr\/wp-json\/wp\/v2\/media?parent=695793"}],"wp:term":[{"taxonomy":"category","embeddable":true,"href":"https:\/\/www.europesays.com\/fr\/wp-json\/wp\/v2\/categories?post=695793"},{"taxonomy":"post_tag","embeddable":true,"href":"https:\/\/www.europesays.com\/fr\/wp-json\/wp\/v2\/tags?post=695793"}],"curies":[{"name":"wp","href":"https:\/\/api.w.org\/{rel}","templated":true}]}}