{"id":695797,"date":"2026-01-28T20:31:10","date_gmt":"2026-01-28T20:31:10","guid":{"rendered":"https:\/\/www.europesays.com\/fr\/695797\/"},"modified":"2026-01-28T20:31:10","modified_gmt":"2026-01-28T20:31:10","slug":"aux-voeux-des-territoriaux-fo-benoit-payan-accueilli-en-vedette","status":"publish","type":"post","link":"https:\/\/www.europesays.com\/fr\/695797\/","title":{"rendered":"aux v\u0153ux des territoriaux FO, Beno\u00eet Payan accueilli en vedette"},"content":{"rendered":"<p>\u00ab\u00a0Asalto avec un bon poto, on veut le magot, plata o plomo\u00a0\u00bb\u00a0: le choix du tube de <a href=\"https:\/\/www.laprovence.com\/article\/region\/52188350257396\/jul-il-represente-tout-marseille-a-la-valentine-plus-dune-centaine-de-personnes-a-louverture-du-nouveau-pop-up-store\" target=\"_blank\" rel=\"noopener\">Jul<\/a> pour accompagner l\u2019entr\u00e9e de <a href=\"https:\/\/www.laprovence.com\/article\/elections\/57814407015997\/exclusif-benoit-payan-candidat-aux-municipales-a-marseille-je-veux-porter-cette-ville-vers-son-destin\" target=\"_blank\" rel=\"noopener\">Beno\u00eet Payan<\/a>, ce mercredi 28\u00a0janvier au th\u00e9\u00e2tre de l\u2019Od\u00e9on (1er), a donn\u00e9 le ton. Apr\u00e8s avoir form\u00e9 un c\u0153ur avec ses doigts et lentement fendu la foule, le maire (DVG) de Marseille a rejoint sur sc\u00e8ne le patron du syndicat majoritaire \u00e0 la mairie.<\/p>\n<p><a href=\"https:\/\/www.laprovence.com\/article\/region\/7895318197160314\/patrick-rue-secretaire-general-de-fo-territoriaux-90-des-propositions-des-candidats-concernent-les-agents\" target=\"_blank\" rel=\"noopener\">Patrick Ru\u00e9<\/a>, 72\u00a0ans dont 14 \u00e0 la t\u00eate de Force ouvri\u00e8re (FO) territoriaux, a fait <a href=\"https:\/\/www.laprovence.com\/article\/region\/7895318197160314\/patrick-rue-secretaire-general-de-fo-territoriaux-90-des-propositions-des-candidats-concernent-les-agents\" target=\"_blank\" rel=\"noopener\">la liste des avanc\u00e9es<\/a> obtenues au cours du mandat\u00a0: temps de travail dans les cr\u00e8ches et les \u00e9coles, primes\u2026 Et mis en avant ses revendications, comme la remunicipalisation des repas scolaires ou la hausse du tarif du ticket-resto.<\/p>\n<p>Il a \u00e9galement r\u00e9clam\u00e9 la cr\u00e9ation d\u2019une direction de la s\u00e9curit\u00e9 qui chapeauterait la police municipale\u00a0: \u00ab\u00a0Ce service va \u00eatre amen\u00e9 \u00e0 \u00e9voluer grandement, au vu des diff\u00e9rents programmes\u00a0\u00bb des candidats \u00e0 la mairie qui promettent de doubler, voire tripler ses effectifs.<\/p>\n<p>Les <a href=\"https:\/\/www.laprovence.com\/elections\/municipales\" target=\"_blank\" rel=\"noopener\">municipales<\/a>, Patrick Ru\u00e9 en a aussi parl\u00e9 pour contredire \u00ab\u00a0les rumeurs\u00a0\u00bb qui l\u2019envoyaient sur la liste de Beno\u00eet Payan. Finalement, l\u2019\u00e9mondeur \u00e0 la retraite postulera ce jeudi \u00e0 un nouveau mandat dans ses fonctions syndicales.<\/p>\n<p>Apr\u00e8s des tensions, la d\u00e9tente<\/p>\n<p>R\u00e9serve pr\u00e9-\u00e9lectorale oblige, Beno\u00eet Payan n\u2019a pas comment\u00e9 cette annonce. Ni expliqu\u00e9 comment il allait <a href=\"https:\/\/www.laprovence.com\/article\/politique\/17951656022880\/municipales-2026-a-marseille-benoit-payan-veut-reprendre-en-main-sur-la-proprete-dans-la-ville\" target=\"_blank\" rel=\"noopener\">doubler le nombre de cantonnier et d\u2019\u00e9boueurs<\/a>. Mais au-del\u00e0 de la \u00ab\u00a0personnalit\u00e9 \u00e0 la fois attachante et d\u00e9bordante\u00a0\u00bb de Patrick Ru\u00e9, le message du maire s\u2019est surtout adress\u00e9 aux 800 adh\u00e9rents pr\u00e9sents et, \u00e0 travers eux, aux 15\u00a0000 personnels municipaux. \u00ab\u00a0Je ne serais rien si je n\u2019avais pas les agents de la Ville de Marseille derri\u00e8re moi\u00a0\u00bb, plaidait-il en surjouant un peu la modestie.<\/p>\n<p>\u00ab\u00a0Defferre, Gaudin\u2026 quel que soit le maire, la question c\u2019est\u00a0: est-ce qu\u2019il nous donne des choses par envie ou par client\u00e9lisme\u00a0?\u00a0\u00bb, s\u2019interrogeait, au fond de la salle, un responsable de section.<\/p>\n<p>Car en\u00a02020, la campagne du Printemps marseillais avait port\u00e9 la promesse de mettre fin \u00e0 un \u00ab\u00a0syst\u00e8me FO\u00a0\u00bb, qui en faisait <a href=\"https:\/\/www.laprovence.com\/article\/politique\/4833822\/municipaux-le-grand-malaise.html\" target=\"_blank\" rel=\"noopener\">l\u2019interlocuteur quasi unique<\/a> du maire. Apr\u00e8s des <a href=\"https:\/\/www.laprovence.com\/actu\/en-direct\/6259635\/marseille-greves-dans-les-ecoles-laccord-syndical-adopte-premieres-secousses-au-sein-du-printemps-marseil\" target=\"_blank\" rel=\"noopener\">tensions en d\u00e9but de mandat<\/a>, l\u2019heure semblait plut\u00f4t \u00e0 la d\u00e9tente ce mercredi. Comme lorsque Patrick Ru\u00e9 donnait du \u00ab\u00a0Jo\u00ebl\u00a0\u00bb \u00e0 Jo\u00ebl Canicave (PS).<\/p>\n<p>Pr\u00e9sent \u00ab\u00a0\u00e0 tous les v\u0153ux o\u00f9 je suis invit\u00e9, comme l\u2019Unsa ou la CFE-CGC\u00a0\u00bb, l\u2019adjoint au personnel municipal et aux finances estime que la municipalit\u00e9 a fait bouger les lignes. Exemple au Comit\u00e9 d\u2019action sociale o\u00f9 \u00ab\u00a0nous avons fait entrer toutes les organisations syndicales\u00a0\u00bb. Les \u0153uvres sociales restent toutefois dirig\u00e9es par la n\u00b0\u00a02 de FO, Karima Frega.<\/p>\n<p>Ce jeudi 29\u00a0janvier, ce sera au tour de Martine Vassal (DVD), en tant que pr\u00e9sidente de la M\u00e9tropole, d\u2019\u00eatre re\u00e7ue au congr\u00e8s de FO.<\/p>\n","protected":false},"excerpt":{"rendered":"\u00ab\u00a0Asalto avec un bon poto, on veut le magot, plata o plomo\u00a0\u00bb\u00a0: le choix du tube de Jul&hellip;\n","protected":false},"author":2,"featured_media":695798,"comment_status":"","ping_status":"","sticky":false,"template":"","format":"standard","meta":{"footnotes":""},"categories":[2814],"tags":[5734,1111,11,1007,16980,154,5949,1777,674,13919,1011,27,884,12,19988,882,25,30854,74173],"class_list":{"0":"post-695797","1":"post","2":"type-post","3":"status-publish","4":"format-standard","5":"has-post-thumbnail","7":"category-marseille","8":"tag-5734","9":"tag-actu","10":"tag-actualites","11":"tag-aux","12":"tag-benoit","13":"tag-des","14":"tag-elections","15":"tag-eu","16":"tag-europe","17":"tag-fo","18":"tag-fr","19":"tag-france","20":"tag-marseille","21":"tag-news","22":"tag-payan","23":"tag-provence-alpes-cote-dazur","24":"tag-republique-francaise","25":"tag-territoriaux","26":"tag-voeux"},"share_on_mastodon":{"url":"https:\/\/pubeurope.com\/@fr\/115974627937544865","error":""},"_links":{"self":[{"href":"https:\/\/www.europesays.com\/fr\/wp-json\/wp\/v2\/posts\/695797","targetHints":{"allow":["GET"]}}],"collection":[{"href":"https:\/\/www.europesays.com\/fr\/wp-json\/wp\/v2\/posts"}],"about":[{"href":"https:\/\/www.europesays.com\/fr\/wp-json\/wp\/v2\/types\/post"}],"author":[{"embeddable":true,"href":"https:\/\/www.europesays.com\/fr\/wp-json\/wp\/v2\/users\/2"}],"replies":[{"embeddable":true,"href":"https:\/\/www.europesays.com\/fr\/wp-json\/wp\/v2\/comments?post=695797"}],"version-history":[{"count":0,"href":"https:\/\/www.europesays.com\/fr\/wp-json\/wp\/v2\/posts\/695797\/revisions"}],"wp:featuredmedia":[{"embeddable":true,"href":"https:\/\/www.europesays.com\/fr\/wp-json\/wp\/v2\/media\/695798"}],"wp:attachment":[{"href":"https:\/\/www.europesays.com\/fr\/wp-json\/wp\/v2\/media?parent=695797"}],"wp:term":[{"taxonomy":"category","embeddable":true,"href":"https:\/\/www.europesays.com\/fr\/wp-json\/wp\/v2\/categories?post=695797"},{"taxonomy":"post_tag","embeddable":true,"href":"https:\/\/www.europesays.com\/fr\/wp-json\/wp\/v2\/tags?post=695797"}],"curies":[{"name":"wp","href":"https:\/\/api.w.org\/{rel}","templated":true}]}}