{"id":69580,"date":"2025-05-02T15:03:07","date_gmt":"2025-05-02T15:03:07","guid":{"rendered":"https:\/\/www.europesays.com\/fr\/69580\/"},"modified":"2025-05-02T15:03:07","modified_gmt":"2025-05-02T15:03:07","slug":"wolfram-weimer-nomme-ministre-de-la-culture-en-allemagne","status":"publish","type":"post","link":"https:\/\/www.europesays.com\/fr\/69580\/","title":{"rendered":"Wolfram Weimer nomm\u00e9 ministre de la Culture en Allemagne"},"content":{"rendered":"<p class=\"pt-dp-p font-text-light text-lg leading-normal tracking-wide mb-base last:mb-0\" itemprop=\"text\">L\u2019Union chr\u00e9tienne-d\u00e9mocrate (UDC) dirig\u00e9e par Friedrich Merz a d\u00e9sign\u00e9 Wolfram Weimer, un journaliste conservateur, au poste de ministre de la Culture. Ce fondateur d\u2019un magazine politique et d\u2019une maison d\u2019\u00e9dition prendra ses fonctions simultan\u00e9ment avec l\u2019entr\u00e9e en fonction du nouveau gouvernement allemand, la semaine prochaine.<\/p>\n<p class=\"pt-dp-p font-text-light text-lg leading-normal tracking-wide mb-base last:mb-0\" itemprop=\"text\">Les chr\u00e9tiens-d\u00e9mocrates et l\u2019Union chr\u00e9tienne-sociale (CSU), leur parti alli\u00e9 en Bavi\u00e8re, ont remport\u00e9 de nombreux si\u00e8ges lors des \u00e9lections allemandes de f\u00e9vrier. Ne disposant pas de la majorit\u00e9 absolue, ce qui ne leur permet pas de gouverner seuls, ils ont form\u00e9 une coalition avec les sociaux-d\u00e9mocrates. Le Bundestag, la chambre basse du parlement, doit confirmer l\u2019investiture de Merz en tant que chancelier le 6\u00a0mai.<\/p>\n<p class=\"pt-dp-p font-text-light text-lg leading-normal tracking-wide mb-base last:mb-0\" itemprop=\"text\">La nomination d\u2019un ministre de la Culture allemand qui n\u2019est pas un homme politique de carri\u00e8re n\u2019est pas une exception\u00a0: si la titulaire actuelle, Claudia Roth, est arriv\u00e9e en poste avec une solide exp\u00e9rience politique, ses pr\u00e9d\u00e9cesseurs comprenaient notamment des \u00e9diteurs, des \u00e9crivains et un philosophe.<\/p>\n<p class=\"pt-dp-p font-text-light text-lg leading-normal tracking-wide mb-base last:mb-0\" itemprop=\"text\">Mais des commentateurs ont critiqu\u00e9 le choix de Wolfram Weimer en raison de son absence de parcours dans le domaine artistique\u00a0: un \u00e9ditorial du Frankfurter Allgemeine Zeitung le d\u00e9crit comme \u00ab\u00a0l\u2019homme qu\u2019il ne fallait pas \u00e0 la place qu\u2019il ne fallait pas\u00a0\u00bb, ajoutant qu\u2019\u00ab\u00a0il serait hasardeux de pr\u00e9sumer que Weimer manifeste un int\u00e9r\u00eat pour l\u2019art ou la vie intellectuelle, des domaines qui n\u2019ont jusqu\u2019ici occup\u00e9 qu\u2019une place marginale dans son parcours professionnel.\u00a0\u00bb <\/p>\n<p class=\"pt-dp-p font-text-light text-lg leading-normal tracking-wide mb-base last:mb-0\" itemprop=\"text\">Alors que Claudia Roth d\u00e9fendait des causes progressistes telles que le f\u00e9minisme et les droits des personnes homosexuelles, Weimer, \u00e2g\u00e9 de 60\u00a0ans, soutient des valeurs conservatrices et des politiques \u00e9conomiques lib\u00e9rales. Invit\u00e9 r\u00e9gulier des talk-shows \u00e0 la t\u00e9l\u00e9vision allemande, il a \u00e9crit un \u00ab\u00a0manifeste conservateur\u00a0\u00bb en faveur des valeurs bourgeoises, ainsi que des ouvrages critiquant \u00ab\u00a0l\u2019\u00c9tat super- nounou\u00a0\u00bb et pr\u00e9disant un retour de la religion.<\/p>\n<p class=\"pt-dp-p font-text-light text-lg leading-normal tracking-wide mb-base last:mb-0\" itemprop=\"text\">N\u00e9 dans le Land allemand de Hesse, Wolfram Weimer a grandi au Portugal et a \u00e9t\u00e9 correspondant du Frankfurter Allgemeine Zeitung \u00e0 Madrid dans les ann\u00e9es 1990. Il est l\u2019ancien r\u00e9dacteur en chef du quotidien conservateur Die Welt et de l\u2019hebdomadaire Focus. Il a \u00e9galement fond\u00e9 le magazine politique Cicero et, avec son \u00e9pouse Christiane Goetz-Weimer, a cr\u00e9\u00e9 une maison d\u2019\u00e9dition, Weimer Media Group.<\/p>\n","protected":false},"excerpt":{"rendered":"L\u2019Union chr\u00e9tienne-d\u00e9mocrate (UDC) dirig\u00e9e par Friedrich Merz a d\u00e9sign\u00e9 Wolfram Weimer, un journaliste conservateur, au poste de ministre&hellip;\n","protected":false},"author":2,"featured_media":69581,"comment_status":"","ping_status":"","sticky":false,"template":"","format":"standard","meta":{"footnotes":""},"categories":[1587],"tags":[11,672,1804,1805,1803,1777,674,1801,12,9350,316,7393,1802,16842],"class_list":{"0":"post-69580","1":"post","2":"type-post","3":"status-publish","4":"format-standard","5":"has-post-thumbnail","7":"category-allemagne","8":"tag-actualites","9":"tag-allemagne","10":"tag-bundesrepublik-deutschland","11":"tag-de","12":"tag-deutschland","13":"tag-eu","14":"tag-europe","15":"tag-germany","16":"tag-news","17":"tag-nominations","18":"tag-politique","19":"tag-politique-culturelle","20":"tag-republique-federale-dallemagne","21":"tag-wolfram-weimer"},"share_on_mastodon":{"url":"https:\/\/pubeurope.com\/@fr\/114438852029519215","error":""},"_links":{"self":[{"href":"https:\/\/www.europesays.com\/fr\/wp-json\/wp\/v2\/posts\/69580","targetHints":{"allow":["GET"]}}],"collection":[{"href":"https:\/\/www.europesays.com\/fr\/wp-json\/wp\/v2\/posts"}],"about":[{"href":"https:\/\/www.europesays.com\/fr\/wp-json\/wp\/v2\/types\/post"}],"author":[{"embeddable":true,"href":"https:\/\/www.europesays.com\/fr\/wp-json\/wp\/v2\/users\/2"}],"replies":[{"embeddable":true,"href":"https:\/\/www.europesays.com\/fr\/wp-json\/wp\/v2\/comments?post=69580"}],"version-history":[{"count":0,"href":"https:\/\/www.europesays.com\/fr\/wp-json\/wp\/v2\/posts\/69580\/revisions"}],"wp:featuredmedia":[{"embeddable":true,"href":"https:\/\/www.europesays.com\/fr\/wp-json\/wp\/v2\/media\/69581"}],"wp:attachment":[{"href":"https:\/\/www.europesays.com\/fr\/wp-json\/wp\/v2\/media?parent=69580"}],"wp:term":[{"taxonomy":"category","embeddable":true,"href":"https:\/\/www.europesays.com\/fr\/wp-json\/wp\/v2\/categories?post=69580"},{"taxonomy":"post_tag","embeddable":true,"href":"https:\/\/www.europesays.com\/fr\/wp-json\/wp\/v2\/tags?post=69580"}],"curies":[{"name":"wp","href":"https:\/\/api.w.org\/{rel}","templated":true}]}}