{"id":695814,"date":"2026-01-28T20:41:11","date_gmt":"2026-01-28T20:41:11","guid":{"rendered":"https:\/\/www.europesays.com\/fr\/695814\/"},"modified":"2026-01-28T20:41:11","modified_gmt":"2026-01-28T20:41:11","slug":"jean-luc-melenchon-souhaite-que-les-gazoducs-nord-stream-soient-remis-en-route","status":"publish","type":"post","link":"https:\/\/www.europesays.com\/fr\/695814\/","title":{"rendered":"Jean-Luc M\u00e9lenchon souhaite que les gazoducs Nord Stream soient \u00abremis en route\u00bb"},"content":{"rendered":"<p>\n    Chantre d\u2019un \u00abnon-alignement\u00bb sur la sc\u00e8ne internationale, le leader insoumis \u00abn\u2019accepte pas l\u2019id\u00e9e que nous soyons oblig\u00e9s d\u2019acheter du gaz et du p\u00e9trole am\u00e9ricains\u00bb.<\/p>\n<p class=\"fig-paragraph\">Une d\u00e9claration d\u00e9tonante. Le leader de La France insoumise\u00a0<a href=\"http:\/\/www.lefigaro.fr\/politique\/municipales-2026-melenchon-evoque-le-grand-remplacement-pour-celebrer-la-nouvelle-france-20260123\" data-fig-type=\"Article\" data-gtm-custom-categorie=\"navigation\" data-gtm-custom-action=\"crossclick\" data-gtm-custom-label=\"Contextuel\" data-gtm-event=\"customEventSPE\" data-fig-domain=\"LEFIGARO\" target=\"_blank\" rel=\"noopener\">Jean-Luc M\u00e9lenchon<\/a>\u00a0a de nouveau propos\u00e9 mercredi de \u00abramener la Russie dans le concert europ\u00e9en\u00bb et a dit souhaiter que les gazoducs russes Nord Stream soient \u00abremis en route\u00bb, tandis que Moscou a perdu le march\u00e9 europ\u00e9en du gaz \u00e0 la suite des sanctions la visant et du sabotage des gazoducs Nord Stream, qui appartiennent au g\u00e9ant gazier russe Gazprom, en septembre 2022.<\/p>\n<p class=\"fig-paragraph\">Plus que jamais en\u00a0<a href=\"http:\/\/www.lefigaro.fr\/politique\/presidentielle-2027-gabriel-attal-maquille-ses-ambitions-derriere-sa-soiree-nouvelle-republique-20260128\" data-fig-type=\"Article\" data-gtm-custom-categorie=\"navigation\" data-gtm-custom-action=\"crossclick\" data-gtm-custom-label=\"Contextuel\" data-gtm-event=\"customEventSPE\" data-fig-domain=\"LEFIGARO\" target=\"_blank\" rel=\"noopener\">pr\u00e9-campagne pr\u00e9sidentielle<\/a>, le fondateur de LFI a tenu une conf\u00e9rence, \u00e0 laquelle assistait la presse internationale, de plus d&rsquo;une heure et demie devant des \u00e9lus et militants insoumis. \u00abNous n&rsquo;acceptons pas l&rsquo;id\u00e9e que nous soyons oblig\u00e9s d&rsquo;acheter du gaz et du p\u00e9trole am\u00e9ricains\u00bb, a expliqu\u00e9 Jean-Luc M\u00e9lenchon, qui ne cesse de militer pour le \u00abnon-alignement\u00bb, terme issu de la Guerre froide et qui d\u00e9signait les pays qui ne souhaitaient se rapprocher ni de Moscou ni de Washington.<\/p>\n<p>                                            <a class=\"fig-a11y-skip\" href=\"#fig-a11y-skip-main-inarticle\" data-module=\"a11y-skip\" data-context=\"was @visible\"><br \/>\n    Passer la publicit\u00e9<br \/>\n<\/a>            <\/p>\n<p>                                            \u00abOn doit voter\u00bb<\/p>\n<p class=\"fig-paragraph\">Jean-Luc M\u00e9lenchon est r\u00e9guli\u00e8rement accus\u00e9 de complaisance envers la Russie depuis l&rsquo;invasion de l&rsquo;Ukraine en 2022, ce qu&rsquo;il r\u00e9fute. \u00abIl est question de c\u00e9der des territoires\u00bb ukrainiens \u00e0 la Russie, a-t-il \u00e9galement expliqu\u00e9. \u00abQu&rsquo;on les c\u00e8de ou qu&rsquo;on ne les c\u00e8de pas (&#8230;) on doit voter (&#8230;) On doit voter dans le Donbass et la zone sud de l&rsquo;Ukraine pour qu&rsquo;on sache ce que veulent les populations\u00bb, a insist\u00e9 le leader de la gauche radicale, en reprenant la formule du\u00a0<a href=\"http:\/\/www.lefigaro.fr\/international\/du-general-de-gaulle-a-emmanuel-macron-le-laborieux-chemin-francais-vers-une-europe-independante-20260121\" data-fig-type=\"Article\" data-gtm-custom-categorie=\"navigation\" data-gtm-custom-action=\"crossclick\" data-gtm-custom-label=\"Contextuel\" data-gtm-event=\"customEventSPE\" data-fig-domain=\"LEFIGARO\" target=\"_blank\" rel=\"noopener\">g\u00e9n\u00e9ral de Gaulle<\/a>\u00a0d\u2019une Europe \u00abde l\u2019Atlantique \u00e0 l\u2019Oural\u00bb. \u00abNous n&rsquo;acceptons pas l&rsquo;id\u00e9e que la Russie soit expuls\u00e9e de l&rsquo;Europe\u00bb, a-t-il indiqu\u00e9.<\/p>\n<p class=\"fig-paragraph\">Jean-Luc M\u00e9lenchon s&rsquo;exprimait devant un drapeau fran\u00e7ais et un drapeau de l&rsquo;ONU, mais sans le drapeau europ\u00e9en. \u00abJamais les conditions n&rsquo;ont \u00e9t\u00e9 aussi bonnes pour expliquer pourquoi le non-alignement rend n\u00e9cessaire et possible un partenariat privil\u00e9gi\u00e9 avec la Chine et avec l&rsquo;Inde. Qui bien s\u00fbr sont des r\u00e9gimes qui ne nous conviennent pas\u00bb, a-t-il \u00e9galement d\u00e9clar\u00e9, alors que les Insoumis sont souvent critiqu\u00e9s pour leur refus de qualifier le r\u00e9gime de P\u00e9kin de \u00abdictature\u00bb.<\/p>\n","protected":false},"excerpt":{"rendered":"Chantre d\u2019un \u00abnon-alignement\u00bb sur la sc\u00e8ne internationale, le leader insoumis \u00abn\u2019accepte pas l\u2019id\u00e9e que nous soyons oblig\u00e9s d\u2019acheter&hellip;\n","protected":false},"author":2,"featured_media":695815,"comment_status":"","ping_status":"","sticky":false,"template":"","format":"standard","meta":{"footnotes":""},"categories":[1591],"tags":[11,1887,3081,12,1885,1886,132],"class_list":{"0":"post-695814","1":"post","2":"type-post","3":"status-publish","4":"format-standard","5":"has-post-thumbnail","7":"category-russie","8":"tag-actualites","9":"tag-federation-de-russie","10":"tag-jean-luc-melenchon","11":"tag-news","12":"tag-russia","13":"tag-russian-federation","14":"tag-russie"},"share_on_mastodon":{"url":"https:\/\/pubeurope.com\/@fr\/115974667301106515","error":""},"_links":{"self":[{"href":"https:\/\/www.europesays.com\/fr\/wp-json\/wp\/v2\/posts\/695814","targetHints":{"allow":["GET"]}}],"collection":[{"href":"https:\/\/www.europesays.com\/fr\/wp-json\/wp\/v2\/posts"}],"about":[{"href":"https:\/\/www.europesays.com\/fr\/wp-json\/wp\/v2\/types\/post"}],"author":[{"embeddable":true,"href":"https:\/\/www.europesays.com\/fr\/wp-json\/wp\/v2\/users\/2"}],"replies":[{"embeddable":true,"href":"https:\/\/www.europesays.com\/fr\/wp-json\/wp\/v2\/comments?post=695814"}],"version-history":[{"count":0,"href":"https:\/\/www.europesays.com\/fr\/wp-json\/wp\/v2\/posts\/695814\/revisions"}],"wp:featuredmedia":[{"embeddable":true,"href":"https:\/\/www.europesays.com\/fr\/wp-json\/wp\/v2\/media\/695815"}],"wp:attachment":[{"href":"https:\/\/www.europesays.com\/fr\/wp-json\/wp\/v2\/media?parent=695814"}],"wp:term":[{"taxonomy":"category","embeddable":true,"href":"https:\/\/www.europesays.com\/fr\/wp-json\/wp\/v2\/categories?post=695814"},{"taxonomy":"post_tag","embeddable":true,"href":"https:\/\/www.europesays.com\/fr\/wp-json\/wp\/v2\/tags?post=695814"}],"curies":[{"name":"wp","href":"https:\/\/api.w.org\/{rel}","templated":true}]}}