{"id":695825,"date":"2026-01-28T20:47:12","date_gmt":"2026-01-28T20:47:12","guid":{"rendered":"https:\/\/www.europesays.com\/fr\/695825\/"},"modified":"2026-01-28T20:47:12","modified_gmt":"2026-01-28T20:47:12","slug":"des-voeux-en-forme-de-bilan-de-mandat-pour-eddie-facque-a-la-communaute-de-commune-des-villes-soeurs","status":"publish","type":"post","link":"https:\/\/www.europesays.com\/fr\/695825\/","title":{"rendered":"Des v\u0153ux en forme de bilan de mandat pour Eddie Facque \u00e0 la communaut\u00e9 de commune des Villes Soeurs"},"content":{"rendered":"<p>                    Par<br \/>\n        <strong><br \/>\n            <a href=\"https:\/\/actu.fr\/auteur\/lucas-farcy\" title=\"Consulter tous les articles de Lucas Farcy\" target=\"_blank\" rel=\"noopener\">Lucas Farcy<\/a><br \/>\n                    <\/strong><\/p>\n<p>        Publi\u00e9 le<\/p>\n<p>            28 janv. 2026 \u00e0 20h50        <\/p>\n<p>Le pr\u00e9sident de la <b>communaut\u00e9 de communes des Villes S\u0153urs<\/b> (CCVS) Eddie Facque l\u2019a annonc\u00e9 d\u00e8s le d\u00e9but de la c\u00e9r\u00e9monie des v\u0153ux 2026 : \u00ab\u00a0Vous le savez, je ne suis pas un homme de grands discours\u00a0\u00bb. Sur la sc\u00e8ne de la salle Audiard, <a href=\"https:\/\/actu.fr\/normandie\/eu_76255\" target=\"_blank\" rel=\"noopener\">\u00e0 Eu<\/a>, il a ainsi laiss\u00e9 la place \u00e0 une longue vid\u00e9o pour lister certaines actions mises en place par les \u00e9quipes de la CCVS. Non sans d\u00e9tailler sa vision de la gouvernance d\u2019une collectivit\u00e9. Dans un contexte national \u00ab\u00a0marqu\u00e9 par l\u2019incertitude politique, budg\u00e9taire et institutionnelle, les collectivit\u00e9s locales voient leurs marges de man\u0153uvre se r\u00e9duire, tandis que leurs responsabilit\u00e9s s\u2019\u00e9largissent\u00a0\u00bb.<\/p>\n<p class=\" wall-content\">Eddie Facque met en avant son \u00ab\u00a0engagement politique, au sens le plus exigeant du terme\u00a0\u00bb, qui implique de \u00ab\u00a0ne pas c\u00e9der \u00e0 la facilit\u00e9 ni \u00e0 l\u2019immobilisme\u00a0\u00bb. Il revient sur les priorit\u00e9s qui ont \u00e9t\u00e9 au c\u0153ur de son mandat : \u00ab\u00a0pr\u00e9parer la transition \u00e9cologique, faciliter les mobilit\u00e9s du quotidien, renforcer l\u2019acc\u00e8s aux services et \u00e0 la sant\u00e9 ou am\u00e9nager notre territoire avec coh\u00e9rence\u00a0\u00bb.<\/p>\n<p>Transport \u00e0 la demande et m\u00e9dicobus<\/p>\n<p class=\" wall-content\">Au cours du dernier mandat, les \u00e9lus ont ainsi mis en place des lignes de transports en commun avec le transport \u00e0 la demande ou contribu\u00e9 \u00e0 la mise en place du m\u00e9dicobus sur le territoire, pour proposer des consultations m\u00e9dicales sur un territoire en manque de m\u00e9decins.<\/p>\n<p class=\" wall-content\">Alors que le conseil communautaire sera renouvel\u00e9 \u00e0 l\u2019issue des \u00e9lections municipales qui auront lieu au mois de mars, Eddie Facque se projette vers l\u2019avenir, sans d\u00e9voiler ses intentions personnelles : \u00ab\u00a0les axes devront, demain, \u00eatre red\u00e9finis, enrichis et adapt\u00e9s aux nouveaux enjeux. S\u2019engager, c\u2019est aussi pr\u00e9parer la suite et accepter que les projets \u00e9voluent et que les priorit\u00e9s se renouvellent. [\u2026]\u00a0Aucun territoire ne se construit sur un seul mandat, ni sur une seule g\u00e9n\u00e9ration d\u2019\u00e9lus. Il se construit dans la dur\u00e9e, par l\u2019engagement successif de femmes et d\u2019hommes qui acceptent de prendre leur part de responsabilit\u00e9\u00a0\u00bb.<\/p>\n<p>Des emplois bient\u00f4t cr\u00e9\u00e9s<\/p>\n<p class=\" wall-content\">Le pr\u00e9sident \u00e9voque ainsi la perspective de l\u2019installation de l\u2019entreprise Nemera sur le parc d\u2019activit\u00e9 : \u00ab\u00a0Ce projet a pu se concr\u00e9tiser gr\u00e2ce \u00e0 un travail d\u2019accompagnement et de mise en conditions men\u00e9 par la communaut\u00e9 de communes, les services de l\u2019\u00c9tat et du D\u00e9partement et devrait, \u00e0 terme, permettre la cr\u00e9ation d\u2019une centaine d\u2019emplois suppl\u00e9mentaires\u00a0\u00bb.<\/p>\n<p>Vid\u00e9os : en ce moment sur Actu<\/p>\n<p class=\" wall-content\">Sur sc\u00e8ne, les vice-pr\u00e9sidents de la communaut\u00e9 de communes entouraient Eddie Facque. Neuf hommes et une femme, maires de communes qui entourent la ville d\u2019Eu, et qui pour certains quitteront leurs mandats \u00e0 l\u2019issue des \u00e9lections municipales, laissant un si\u00e8ge \u00e0 ceux qui \u00e9criront une nouvelle page.<\/p>\n<p>    <img   decoding=\"async\" loading=\"lazy\" class=\"size-large\" src=\"https:\/\/www.europesays.com\/fr\/wp-content\/uploads\/2026\/01\/97b340cf87796dbb340cf8779afb34v-960x640.jpg\" alt=\"Quatre agents de la CCVS\" width=\"960\" height=\"640\"\/><br \/>\n    Quatre agents de la CCVS ont \u00e9t\u00e9 mis \u00e0 l\u2019honneur \u00e0 l\u2019issue de la c\u00e9r\u00e9monie. Il s\u2019agit de C\u00e9cile Coulpied, Michel Maupin, St\u00e9phane S\u00e9rie et Philippe Depoilly. \u00a9Lucas Farcy<\/p>\n<p class=\" wall-content\">Personnalisez votre actualit\u00e9 en ajoutant vos villes et m\u00e9dias en favori avec <a href=\"https:\/\/moncompte.actu.fr\" title=\"D\u00e9couvez Mon Actu\" rel=\"nofollow noopener\" data-trk=\"{&quot;cta&quot;:{&quot;action&quot;:&quot;https:\\\/\\\/moncompte.actu.fr&quot;,&quot;category&quot;:&quot;mon compte&quot;,&quot;from&quot;:&quot;article footer&quot;,&quot;name&quot;:&quot;Mon actu&quot;,&quot;type&quot;:&quot;cta&quot;}}\" target=\"_blank\">Mon Actu<\/a>.<\/p>\n","protected":false},"excerpt":{"rendered":"Par Lucas Farcy Publi\u00e9 le 28 janv. 2026 \u00e0 20h50 Le pr\u00e9sident de la communaut\u00e9 de communes des&hellip;\n","protected":false},"author":2,"featured_media":695826,"comment_status":"","ping_status":"","sticky":false,"template":"","format":"standard","meta":{"footnotes":""},"categories":[1586],"tags":[11,16550,1777,674,1779,1011,27,12,25,104,1778,364,3587],"class_list":{"0":"post-695825","1":"post","2":"type-post","3":"status-publish","4":"format-standard","5":"has-post-thumbnail","7":"category-europe","8":"tag-actualites","9":"tag-cc-villes-soeurs","10":"tag-eu","11":"tag-europe","12":"tag-european-union","13":"tag-fr","14":"tag-france","15":"tag-news","16":"tag-republique-francaise","17":"tag-societe","18":"tag-ue","19":"tag-union-europeenne","20":"tag-villes-soeurs"},"share_on_mastodon":{"url":"https:\/\/pubeurope.com\/@fr\/115974690818678145","error":""},"_links":{"self":[{"href":"https:\/\/www.europesays.com\/fr\/wp-json\/wp\/v2\/posts\/695825","targetHints":{"allow":["GET"]}}],"collection":[{"href":"https:\/\/www.europesays.com\/fr\/wp-json\/wp\/v2\/posts"}],"about":[{"href":"https:\/\/www.europesays.com\/fr\/wp-json\/wp\/v2\/types\/post"}],"author":[{"embeddable":true,"href":"https:\/\/www.europesays.com\/fr\/wp-json\/wp\/v2\/users\/2"}],"replies":[{"embeddable":true,"href":"https:\/\/www.europesays.com\/fr\/wp-json\/wp\/v2\/comments?post=695825"}],"version-history":[{"count":0,"href":"https:\/\/www.europesays.com\/fr\/wp-json\/wp\/v2\/posts\/695825\/revisions"}],"wp:featuredmedia":[{"embeddable":true,"href":"https:\/\/www.europesays.com\/fr\/wp-json\/wp\/v2\/media\/695826"}],"wp:attachment":[{"href":"https:\/\/www.europesays.com\/fr\/wp-json\/wp\/v2\/media?parent=695825"}],"wp:term":[{"taxonomy":"category","embeddable":true,"href":"https:\/\/www.europesays.com\/fr\/wp-json\/wp\/v2\/categories?post=695825"},{"taxonomy":"post_tag","embeddable":true,"href":"https:\/\/www.europesays.com\/fr\/wp-json\/wp\/v2\/tags?post=695825"}],"curies":[{"name":"wp","href":"https:\/\/api.w.org\/{rel}","templated":true}]}}