{"id":695839,"date":"2026-01-28T20:58:30","date_gmt":"2026-01-28T20:58:30","guid":{"rendered":"https:\/\/www.europesays.com\/fr\/695839\/"},"modified":"2026-01-28T20:58:30","modified_gmt":"2026-01-28T20:58:30","slug":"tristan-vautier-de-passage-chez-specialized-a-valence","status":"publish","type":"post","link":"https:\/\/www.europesays.com\/fr\/695839\/","title":{"rendered":"Tristan Vautier de passage chez Specialized \u00e0 Valence"},"content":{"rendered":"<p>Avant de rejoindre les \u00c9mirats arabes unis, o\u00f9 il retrouvera d\u00e8s cette semaine le baquet de l\u2019Oreca 07 \/ RD Limited, Tristan Vautier a fait un d\u00e9tour par Valence, dans les locaux de Specialized France.<\/p>\n<p>\u00a0<\/p>\n<p>Pas question de comp\u00e9tition pour le pilote de 36 ans, mais bien d\u2019aller prendre des mesures pour son Specialized Tarmac SL8 dans sa version Expert.\u00a0<\/p>\n<p>\u00a0<\/p>\n<p>Le\u00a0Body Geometry Fit\u00a0de Specialized est un concept cl\u00e9 de la marque pour optimiser le confort, la performance et la sant\u00e9 du cycliste sur le v\u00e9lo.\u00a0<\/p>\n<p><img decoding=\"async\" loading=\"lazy\" data-action=\"zoom\" src=\"https:\/\/www.europesays.com\/fr\/wp-content\/uploads\/2026\/01\/WhatsApp Image 2026-01-27 at 09.53.16.jpeg\" width=\"1200\" height=\"800\" alt=\"\"\/><\/p>\n<p>Photo : Specialized<\/p>\n<p>Le syst\u00e8me d\u2019ajustement personnalis\u00e9 adapte le v\u00e9lo \u00e0 la morphologie et \u00e0 la biom\u00e9canique de chaque cycliste. L\u2019objectif est de :<\/p>\n<p>\u00a0<\/p>\n<ul>\n<li>\n<p>Maximiser l\u2019efficacit\u00e9 du p\u00e9dalage<\/p>\n<\/li>\n<li>\n<p>R\u00e9duire les points de pression et le risque de blessures<\/p>\n<\/li>\n<li>\n<p>Am\u00e9liorer le confort sur longues distances<\/p>\n<\/li>\n<\/ul>\n<p>\u00a0<\/p>\n<p>Il ne s\u2019agit pas seulement de mesurer la taille, mais aussi de consid\u00e9rer :<\/p>\n<ul>\n<li>\n<p>La flexibilit\u00e9<\/p>\n<\/li>\n<li>\n<p>La longueur des segments corporels<\/p>\n<\/li>\n<li>\n<p>Les angles de hanche, genou et cheville<\/p>\n<\/li>\n<li>\n<p>La position du bassin et du dos<\/p>\n<\/li>\n<\/ul>\n<p>\u00a0<\/p>\n<p><img decoding=\"async\" loading=\"lazy\" data-action=\"zoom\" src=\"https:\/\/www.europesays.com\/fr\/wp-content\/uploads\/2026\/01\/WhatsApp Image 2026-01-27 at 09.53.16 (1).jpeg\" width=\"1200\" height=\"800\" alt=\"\"\/><\/p>\n<p>Photo : Specialized<\/p>\n<p>Sur les conseils avis\u00e9s de Mathieu, Tristan Vautier a pu repartir avec un Tarmac SL8 pr\u00eat \u00e0 enfiler les kilom\u00e8tres.\u00a0<\/p>\n<p>\u00a0<\/p>\n<p><a href=\"https:\/\/www.endurance-info.com\/auto\/article\/V\u00e9cu - Le Specialized Tarmac SL8 ne fait (malheureusement) pas de moi un Remco Evenepoel\" target=\"_blank\" rel=\"noopener\">En 2025, nous avons eu la chance de tester le Body Geometry Fit \u00e0 Valence<\/a>, sans oublier le podcast r\u00e9alis\u00e9 avec Guillaume Eschard, sp\u00e9cialiste des courses d&rsquo;endurance sur deux roues. Le podcast est \u00e0 retrouver <a href=\"https:\/\/www.endurance-info.com\/cycling\/article\/117429-podcast-track-limit-guillaume-eschard-lhomme-des-24h-velo-en-solo\" target=\"_blank\" rel=\"noopener\">ICI<\/a>.\u00a0<\/p>\n<p>\u00a0<\/p>\n<p>Un autre projet v\u00e9lo avec Specialized sera d&rsquo;actualit\u00e9 au printemps prochain, cette fois avec Jules Gounon.\u00a0<\/p>\n","protected":false},"excerpt":{"rendered":"Avant de rejoindre les \u00c9mirats arabes unis, o\u00f9 il retrouvera d\u00e8s cette semaine le baquet de l\u2019Oreca 07&hellip;\n","protected":false},"author":2,"featured_media":695840,"comment_status":"","ping_status":"","sticky":false,"template":"","format":"standard","meta":{"footnotes":""},"categories":[1411],"tags":[4208,4214,4198,4197,4207,4215,1154,207,4209,4194,4195,4211,4196,1011,27,4216,4201,4205,4200,4221,4204,4212,4206,4217,2191,4218,4203,4219,4210,4213,60,4199,4220,4202],"class_list":{"0":"post-695839","1":"post","2":"type-post","3":"status-publish","4":"format-standard","5":"has-post-thumbnail","7":"category-cyclisme","8":"tag-24h-nurburgring-vln","9":"tag-24h-series","10":"tag-adac-gt-masters","11":"tag-asian-le-mans-series","12":"tag-british-gt","13":"tag-club-des-pilotes-des-24h-du-mans","14":"tag-cycling","15":"tag-cyclisme","16":"tag-dtm","17":"tag-endurance-info","18":"tag-european-le-mans-series","19":"tag-ffsa-gt","20":"tag-fia-wec","21":"tag-fr","22":"tag-france","23":"tag-green-racing","24":"tag-gt-open","25":"tag-gt-sports-club","26":"tag-gt-world-challenge-america","27":"tag-gt-world-challenge-asia","28":"tag-gt-world-challenge-europe","29":"tag-gulf12","30":"tag-imsa","31":"tag-intercontinental-gt-challenge","32":"tag-le-mans","33":"tag-le-mans-classic","34":"tag-ligier-european-series","35":"tag-michelin-le-mans-cup","36":"tag-porsche-carrera-cup-france","37":"tag-sport-paddle","38":"tag-sports","39":"tag-super-gt","40":"tag-supercar","41":"tag-ultimate-cup-series"},"share_on_mastodon":{"url":"","error":"Validation failed: Text character limit of 500 exceeded"},"_links":{"self":[{"href":"https:\/\/www.europesays.com\/fr\/wp-json\/wp\/v2\/posts\/695839","targetHints":{"allow":["GET"]}}],"collection":[{"href":"https:\/\/www.europesays.com\/fr\/wp-json\/wp\/v2\/posts"}],"about":[{"href":"https:\/\/www.europesays.com\/fr\/wp-json\/wp\/v2\/types\/post"}],"author":[{"embeddable":true,"href":"https:\/\/www.europesays.com\/fr\/wp-json\/wp\/v2\/users\/2"}],"replies":[{"embeddable":true,"href":"https:\/\/www.europesays.com\/fr\/wp-json\/wp\/v2\/comments?post=695839"}],"version-history":[{"count":0,"href":"https:\/\/www.europesays.com\/fr\/wp-json\/wp\/v2\/posts\/695839\/revisions"}],"wp:featuredmedia":[{"embeddable":true,"href":"https:\/\/www.europesays.com\/fr\/wp-json\/wp\/v2\/media\/695840"}],"wp:attachment":[{"href":"https:\/\/www.europesays.com\/fr\/wp-json\/wp\/v2\/media?parent=695839"}],"wp:term":[{"taxonomy":"category","embeddable":true,"href":"https:\/\/www.europesays.com\/fr\/wp-json\/wp\/v2\/categories?post=695839"},{"taxonomy":"post_tag","embeddable":true,"href":"https:\/\/www.europesays.com\/fr\/wp-json\/wp\/v2\/tags?post=695839"}],"curies":[{"name":"wp","href":"https:\/\/api.w.org\/{rel}","templated":true}]}}