{"id":69584,"date":"2025-05-02T15:05:11","date_gmt":"2025-05-02T15:05:11","guid":{"rendered":"https:\/\/www.europesays.com\/fr\/69584\/"},"modified":"2025-05-02T15:05:11","modified_gmt":"2025-05-02T15:05:11","slug":"un-mois-pour-parler-de-leurope-dans-la-ville","status":"publish","type":"post","link":"https:\/\/www.europesays.com\/fr\/69584\/","title":{"rendered":"un mois pour parler de l\u2019Europe dans la ville"},"content":{"rendered":"<p>En mai\u00a02025, Poitiers c\u00e9l\u00e8bre l\u2019Europe \u00e0 travers un \u00e9ventail d\u2019activit\u00e9s. Ce Mois de l\u2019Europe est ponctu\u00e9 de mani\u00e8re ludique et festive par une quinzaine de rendez-vous. La Ville de Poitiers avait obtenu le label Ville europ\u00e9enne en 2022, une labellisation qui a\u00a0permis la reconnaissance de nombreuses actions mises en place afin de s\u2019ouvrir vers l\u2019Europe.<\/p>\n<p><strong>Le lundi 5\u00a0mai. <\/strong>Projection du documentaire Battements d\u2019Est suivi d\u2019un d\u00e9bat. \u00c0 20\u00a0h au TAP Cin\u00e9ma, place du Mar\u00e9chal-Leclerc.<\/p>\n<p><strong>Le mardi 6\u00a0mai.<\/strong>\u00a0Conf\u00e9rence Mardi de l\u2019Europe\u00a0: \u00ab\u00a0Le Parlement europ\u00e9en un an apr\u00e8s les \u00e9lections\u00a0europ\u00e9ennes\u00a0\u00bb, en pr\u00e9sence d\u2019Isabelle Coustet, cheffe du bureau du Parlement europ\u00e9en \u00e0 Paris. De 14\u00a0h\u00a030 \u00e0 16\u00a0h, \u00e0 l\u2019INSPE, b\u00e2timent B20, 5, rue Shirin-Ebadi, Poitiers.\u00a0Entr\u00e9e libre.<\/p>\n<p>Projection du film Covas de Barroso, chronique d\u2019une lutte collective de Paulo Carneiro suivi d\u2019un \u00e9change avec des universitaires. \u00c0 20\u00a0h\u00a030, TAP Cin\u00e9ma, place du Mar\u00e9chal-Leclerc, Poitiers.<\/p>\n<p><strong>Le mercredi 7\u00a0mai. <\/strong>Chronique matinale \u00e0 Radio Pulsar sur la Journ\u00e9e de l\u2019Europe et le 75e anniversaire de la d\u00e9claration de Robert Schuman.\u00a0\u00c0 8\u00a0h, en direct sur Radio Pulsar.<\/p>\n<p>Caf\u00e9 de l\u2019Europe organis\u00e9 de 17\u00a0h \u00e0 21\u00a0h, place du Mar\u00e9chal-Leclerc, Poitiers.<\/p>\n<p>Interventions de l\u2019Union europ\u00e9enne des femmes \u00e0 18\u00a0h, des Jeunes europ\u00e9ens Poitiers \u00e0 19\u00a0h, et du Mouvement europ\u00e9en France-Vienne \u00e0 20\u00a0h.<\/p>\n<p><strong>Le samedi 10\u00a0mai. <\/strong>Concert de l\u2019Europe organis\u00e9 par le Mouvement europ\u00e9en France Vienne en\u00a0partenariat avec le conservatoire de Grand Poitiers et la m\u00e9diath\u00e8que Fran\u00e7ois-Mitterrand. De 11\u00a0h \u00e0 12\u00a0h, entr\u00e9e libre.<\/p>\n<p><strong>Le mardi 13\u00a0mai. <\/strong>Apr\u00e8s-midi th\u00e9matique autour de \u00ab\u00a0L\u2019art au f\u00e9minin\u00a0\u00bb, de 13\u00a0h\u00a030 \u00e0\u00a015\u00a0h\u00a0: restitution du projet d\u2019\u00e9criture sur les femmes qui ont marqu\u00e9 la construction de l\u2019UE propos\u00e9 par l\u2019Union europ\u00e9enne des femmes et r\u00e9alis\u00e9 des \u00e9l\u00e8ves\u00a0du lyc\u00e9e Camille-Gu\u00e9rin. \u00c0 16\u00a0h\u00a030\u00a0et 17\u00a0h\u00a030\u00a0: visite de l\u2019exposition La Mus\u00e9e au prisme des cr\u00e9atrices europ\u00e9ennes.<\/p>\n<p><strong>Le lundi 26\u00a0mai. <\/strong>Conf\u00e9rence \u00ab\u00a0La Pologne \u00e0 la pr\u00e9sidence du Conseil de l\u2019UE\u00a0\u00bb. De 14\u00a0h\u00a030 \u00e0 16\u00a0h, ENSI, 1, rue Marcel-Dor\u00e9, b\u00e2timent B21, amphi Brillanceau.\u00a0Entr\u00e9e libre.<\/p>\n<p><strong>Le mercredi 28\u00a0mai. <\/strong>Animation carte g\u00e9ante et quiz sur l\u2019UE. De 11\u00a0h \u00e0 13\u00a0h, place Notre-Dame, devant l\u2019office de tourisme. Entr\u00e9e libre.<\/p>\n","protected":false},"excerpt":{"rendered":"En mai\u00a02025, Poitiers c\u00e9l\u00e8bre l\u2019Europe \u00e0 travers un \u00e9ventail d\u2019activit\u00e9s. Ce Mois de l\u2019Europe est ponctu\u00e9 de mani\u00e8re&hellip;\n","protected":false},"author":2,"featured_media":69585,"comment_status":"","ping_status":"","sticky":false,"template":"","format":"standard","meta":{"footnotes":""},"categories":[1586],"tags":[1392,11,9332,1777,674,1779,1011,27,12,1653,316,25,1778,364,1584],"class_list":{"0":"post-69584","1":"post","2":"type-post","3":"status-publish","4":"format-standard","5":"has-post-thumbnail","7":"category-europe","8":"tag-a-la-une-local","9":"tag-actualites","10":"tag-centrepresse","11":"tag-eu","12":"tag-europe","13":"tag-european-union","14":"tag-fr","15":"tag-france","16":"tag-news","17":"tag-poitiers","18":"tag-politique","19":"tag-republique-francaise","20":"tag-ue","21":"tag-union-europeenne","22":"tag-vienne"},"share_on_mastodon":{"url":"https:\/\/pubeurope.com\/@fr\/114438859900314736","error":""},"_links":{"self":[{"href":"https:\/\/www.europesays.com\/fr\/wp-json\/wp\/v2\/posts\/69584","targetHints":{"allow":["GET"]}}],"collection":[{"href":"https:\/\/www.europesays.com\/fr\/wp-json\/wp\/v2\/posts"}],"about":[{"href":"https:\/\/www.europesays.com\/fr\/wp-json\/wp\/v2\/types\/post"}],"author":[{"embeddable":true,"href":"https:\/\/www.europesays.com\/fr\/wp-json\/wp\/v2\/users\/2"}],"replies":[{"embeddable":true,"href":"https:\/\/www.europesays.com\/fr\/wp-json\/wp\/v2\/comments?post=69584"}],"version-history":[{"count":0,"href":"https:\/\/www.europesays.com\/fr\/wp-json\/wp\/v2\/posts\/69584\/revisions"}],"wp:featuredmedia":[{"embeddable":true,"href":"https:\/\/www.europesays.com\/fr\/wp-json\/wp\/v2\/media\/69585"}],"wp:attachment":[{"href":"https:\/\/www.europesays.com\/fr\/wp-json\/wp\/v2\/media?parent=69584"}],"wp:term":[{"taxonomy":"category","embeddable":true,"href":"https:\/\/www.europesays.com\/fr\/wp-json\/wp\/v2\/categories?post=69584"},{"taxonomy":"post_tag","embeddable":true,"href":"https:\/\/www.europesays.com\/fr\/wp-json\/wp\/v2\/tags?post=69584"}],"curies":[{"name":"wp","href":"https:\/\/api.w.org\/{rel}","templated":true}]}}