{"id":695883,"date":"2026-01-28T21:22:18","date_gmt":"2026-01-28T21:22:18","guid":{"rendered":"https:\/\/www.europesays.com\/fr\/695883\/"},"modified":"2026-01-28T21:22:18","modified_gmt":"2026-01-28T21:22:18","slug":"36-personnes-evacuees-pas-dincendie-detecte","status":"publish","type":"post","link":"https:\/\/www.europesays.com\/fr\/695883\/","title":{"rendered":"36 personnes \u00e9vacu\u00e9es, pas d&rsquo;incendie d\u00e9tect\u00e9"},"content":{"rendered":"<p>\t\t\t\t\t Les sapeurs-pompiers ont \u00e9t\u00e9 mobilis\u00e9s vers 9h40, ce mercredi 28 janvier, \u00e0 l\u2019agence France travail (ex-P\u00f4le emploi) de la rue des Martyrs de la R\u00e9sistance, \u00e0 Maromme (Seine-Maritime). L\u2019alarme incendie s\u2019est activ\u00e9e dans un local technique, provoquant l\u2019\u00e9vacuation imm\u00e9diate des salari\u00e9s et usagers pr\u00e9sents dans cet \u00e9tablissement recevant du public. <\/p>\n<p>\u00c0 leur arriv\u00e9e, les secours ont d\u00e9tect\u00e9 une odeur de br\u00fbl\u00e9 localis\u00e9e dans une pi\u00e8ce et ont engag\u00e9 des reconnaissances approfondies afin d\u2019\u00e9carter tout d\u00e9but d\u2019incendie ou \u00e9chauffement anormal.\n\t\t\t\t <\/p>\n","protected":false},"excerpt":{"rendered":"Les sapeurs-pompiers ont \u00e9t\u00e9 mobilis\u00e9s vers 9h40, ce mercredi 28 janvier, \u00e0 l\u2019agence France travail (ex-P\u00f4le emploi) de&hellip;\n","protected":false},"author":2,"featured_media":695884,"comment_status":"","ping_status":"","sticky":false,"template":"","format":"standard","meta":{"footnotes":""},"categories":[9587],"tags":[1111,47,11,5164,20254,1777,9770,674,19710,118,1011,27,3381,5162,12,5161,1072,25,9590,656,5163,3693,2949,1938],"class_list":{"0":"post-695883","1":"post","2":"type-post","3":"status-publish","4":"format-standard","5":"has-post-thumbnail","7":"category-rouen","8":"tag-actu","9":"tag-actualite","10":"tag-actualites","11":"tag-calvados","12":"tag-dieppe","13":"tag-eu","14":"tag-eure","15":"tag-europe","16":"tag-evreux","17":"tag-faits-divers","18":"tag-fr","19":"tag-france","20":"tag-gendarmerie","21":"tag-le-havre","22":"tag-news","23":"tag-normandie","24":"tag-police","25":"tag-republique-francaise","26":"tag-rouen","27":"tag-securite","28":"tag-seine-maritime","29":"tag-tribunal","30":"tag-violences","31":"tag-yvelines"},"share_on_mastodon":{"url":"https:\/\/pubeurope.com\/@fr\/115974828426904794","error":""},"_links":{"self":[{"href":"https:\/\/www.europesays.com\/fr\/wp-json\/wp\/v2\/posts\/695883","targetHints":{"allow":["GET"]}}],"collection":[{"href":"https:\/\/www.europesays.com\/fr\/wp-json\/wp\/v2\/posts"}],"about":[{"href":"https:\/\/www.europesays.com\/fr\/wp-json\/wp\/v2\/types\/post"}],"author":[{"embeddable":true,"href":"https:\/\/www.europesays.com\/fr\/wp-json\/wp\/v2\/users\/2"}],"replies":[{"embeddable":true,"href":"https:\/\/www.europesays.com\/fr\/wp-json\/wp\/v2\/comments?post=695883"}],"version-history":[{"count":0,"href":"https:\/\/www.europesays.com\/fr\/wp-json\/wp\/v2\/posts\/695883\/revisions"}],"wp:featuredmedia":[{"embeddable":true,"href":"https:\/\/www.europesays.com\/fr\/wp-json\/wp\/v2\/media\/695884"}],"wp:attachment":[{"href":"https:\/\/www.europesays.com\/fr\/wp-json\/wp\/v2\/media?parent=695883"}],"wp:term":[{"taxonomy":"category","embeddable":true,"href":"https:\/\/www.europesays.com\/fr\/wp-json\/wp\/v2\/categories?post=695883"},{"taxonomy":"post_tag","embeddable":true,"href":"https:\/\/www.europesays.com\/fr\/wp-json\/wp\/v2\/tags?post=695883"}],"curies":[{"name":"wp","href":"https:\/\/api.w.org\/{rel}","templated":true}]}}