{"id":695910,"date":"2026-01-28T21:38:10","date_gmt":"2026-01-28T21:38:10","guid":{"rendered":"https:\/\/www.europesays.com\/fr\/695910\/"},"modified":"2026-01-28T21:38:10","modified_gmt":"2026-01-28T21:38:10","slug":"risque-deffondrement-ecarte-la-prefecture-rouvre-ses-portes-et-reprogramme-les-rendez-vous-a-toulouse","status":"publish","type":"post","link":"https:\/\/www.europesays.com\/fr\/695910\/","title":{"rendered":"Risque d\u2019effondrement \u00e9cart\u00e9\u00a0: la pr\u00e9fecture rouvre ses portes et reprogramme les rendez-vous \u00e0 Toulouse"},"content":{"rendered":"<p>\n                                                                    l&rsquo;essentiel<br \/>\n                                                                Le site Sainte-Anne de la pr\u00e9fecture de la Haute-Garonne rouvre apr\u00e8s une fermeture d\u2019urgence due \u00e0 un risque d\u2019effondrement. Une poutre affaiss\u00e9e de 20\u00a0cm avait impos\u00e9 cette mesure. Les acc\u00e8s sont r\u00e9am\u00e9nag\u00e9s pour assurer la s\u00e9curit\u00e9.\n                            <\/p>\n<p>Le site Sainte-Anne de la pr\u00e9fecture de la Haute-Garonne accueille \u00e0 nouveau les usagers ce jeudi 29\u00a0janvier 2026. Cette d\u00e9cision fait suite \u00e0 une fermeture d\u2019urgence d\u00e9clench\u00e9e le 27\u00a0janvier. Selon\u00a0la pr\u00e9fecture, un risque d\u2019effondrement sur un immeuble voisin avait impos\u00e9 cette mesure pour garantir la s\u00e9curit\u00e9 des agents et des visiteurs. Une poutre s\u2019est affaiss\u00e9e de 20\u00a0cm, sur le chantier de r\u00e9novation de l\u2019h\u00f4tel de Lestang, en centre-ville de Toulouse, mardi. Une expertise men\u00e9e par les services de la ville de Toulouse a permis d\u2019affiner le diagnostic du p\u00e9ril b\u00e2timentaire et de r\u00e9duire le p\u00e9rim\u00e8tre de s\u00e9curit\u00e9 initial.<\/p>\n<p>Un p\u00e9rim\u00e8tre de s\u00e9curit\u00e9 restreint<\/p>\n<p>La zone d\u2019exclusion ne concerne d\u00e9sormais plus le b\u00e2timent administratif. La municipalit\u00e9 de Toulouse maintient toutefois des restrictions de circulation localis\u00e9es sur la voie publique, pr\u00e9cis\u00e9ment au niveau de la rue Saint-Jacques et \u00e0 l\u2019angle de la rue Sainte-Anne. En cons\u00e9quence, les autorit\u00e9s ont partiellement r\u00e9am\u00e9nag\u00e9 les acc\u00e8s au site afin de pallier le r\u00e9tr\u00e9cissement de la chauss\u00e9e. Un dispositif d\u2019accueil renforc\u00e9 est pr\u00e9vu d\u00e8s jeudi matin pour orienter le public et fluidifier les entr\u00e9es malgr\u00e9 ces contraintes logistiques.<\/p>\n<p class=\"std-elt__inline\">\n        <strong>\u00c0 lire aussi :<\/strong><br \/>\n        <a href=\"https:\/\/www.ladepeche.fr\/2026\/01\/27\/rentrez-chez-vous-on-ne-prend-plus-personne-a-toulouse-la-prefecture-ferme-subitement-pour-un-risque-deffondrement-13191207.php\" target=\"_blank\" rel=\"noopener\">\u00ab\u00a0Rentrez chez vous, on ne re\u00e7oit plus personne\u00a0\u00bb\u00a0: la pr\u00e9fecture de Haute-Garonne ferme subitement pour un risque d\u2019effondrement<\/a>\n    <\/p>\n<p>Modalit\u00e9s de reprise des rendez-vous<\/p>\n<p>L\u2019accueil s\u2019effectue toujours exclusivement sur rendez-vous selon les proc\u00e9dures habituelles. Les services pr\u00e9fectoraux pr\u00e9cisent que les personnes dont les convocations ont \u00e9t\u00e9 annul\u00e9es les 27 et 28\u00a0janvier 2026 seront contact\u00e9es directement. L\u2019objectif affich\u00e9 par l\u2019administration est de reprogrammer ces entrevues dans les plus brefs d\u00e9lais. \u00ab\u00a0L\u2019expertise diligent\u00e9e par les services de la ville de Toulouse a permis de pr\u00e9ciser l\u2019ampleur du p\u00e9ril b\u00e2timentaire et de lever le p\u00e9rim\u00e8tre de s\u00e9curit\u00e9 initial, qui int\u00e9grait le site Sainte-Anne de la pr\u00e9fecture\u00a0\u00bb souligne les services de l\u2019Etat.<\/p>\n","protected":false},"excerpt":{"rendered":"l&rsquo;essentiel Le site Sainte-Anne de la pr\u00e9fecture de la Haute-Garonne rouvre apr\u00e8s une fermeture d\u2019urgence due \u00e0 un&hellip;\n","protected":false},"author":2,"featured_media":695911,"comment_status":"","ping_status":"","sticky":false,"template":"","format":"standard","meta":{"footnotes":""},"categories":[2816],"tags":[1111,11,1777,674,1011,27,329,2722,12,2680,25,1857,2312,69111],"class_list":{"0":"post-695910","1":"post","2":"type-post","3":"status-publish","4":"format-standard","5":"has-post-thumbnail","7":"category-toulouse","8":"tag-actu","9":"tag-actualites","10":"tag-eu","11":"tag-europe","12":"tag-fr","13":"tag-france","14":"tag-france-monde","15":"tag-haute-garonne","16":"tag-news","17":"tag-occitanie","18":"tag-republique-francaise","19":"tag-sociu00e9tu00e9","20":"tag-toulouse","21":"tag-urbanisme-amu00e9nagement"},"share_on_mastodon":{"url":"https:\/\/pubeurope.com\/@fr\/115974891417014034","error":""},"_links":{"self":[{"href":"https:\/\/www.europesays.com\/fr\/wp-json\/wp\/v2\/posts\/695910","targetHints":{"allow":["GET"]}}],"collection":[{"href":"https:\/\/www.europesays.com\/fr\/wp-json\/wp\/v2\/posts"}],"about":[{"href":"https:\/\/www.europesays.com\/fr\/wp-json\/wp\/v2\/types\/post"}],"author":[{"embeddable":true,"href":"https:\/\/www.europesays.com\/fr\/wp-json\/wp\/v2\/users\/2"}],"replies":[{"embeddable":true,"href":"https:\/\/www.europesays.com\/fr\/wp-json\/wp\/v2\/comments?post=695910"}],"version-history":[{"count":0,"href":"https:\/\/www.europesays.com\/fr\/wp-json\/wp\/v2\/posts\/695910\/revisions"}],"wp:featuredmedia":[{"embeddable":true,"href":"https:\/\/www.europesays.com\/fr\/wp-json\/wp\/v2\/media\/695911"}],"wp:attachment":[{"href":"https:\/\/www.europesays.com\/fr\/wp-json\/wp\/v2\/media?parent=695910"}],"wp:term":[{"taxonomy":"category","embeddable":true,"href":"https:\/\/www.europesays.com\/fr\/wp-json\/wp\/v2\/categories?post=695910"},{"taxonomy":"post_tag","embeddable":true,"href":"https:\/\/www.europesays.com\/fr\/wp-json\/wp\/v2\/tags?post=695910"}],"curies":[{"name":"wp","href":"https:\/\/api.w.org\/{rel}","templated":true}]}}