{"id":695916,"date":"2026-01-28T21:41:09","date_gmt":"2026-01-28T21:41:09","guid":{"rendered":"https:\/\/www.europesays.com\/fr\/695916\/"},"modified":"2026-01-28T21:41:09","modified_gmt":"2026-01-28T21:41:09","slug":"la-cress-paca-veut-transformer-la-reconnaissance-en-puissance-economique-dici-2026","status":"publish","type":"post","link":"https:\/\/www.europesays.com\/fr\/695916\/","title":{"rendered":"La Cress Paca veut transformer la reconnaissance en puissance \u00e9conomique d\u2019ici 2026"},"content":{"rendered":"<p>Il fallait presque sortir la tenue des grands soirs. <a href=\"https:\/\/www.laprovence.com\/article\/economie\/110829283870814\/les-politiques-sont-deconnectes-du-terrain-president-de-la-chambre-regionale-de-leconomie-sociale-et-solidaire\" target=\"_blank\" rel=\"noopener\">Denis Philippe, pr\u00e9sident de la Cress, a choisi la Cri\u00e9e pour cette traditionnelle c\u00e9r\u00e9monie de v\u0153ux.<\/a> Fid\u00e8le a son franc-parler, le Marseillais a affich\u00e9 une inflexion strat\u00e9gique claire\u00a0: sortir d\u2019une logique de reconnaissance symbolique pour s\u2019imposer comme un pilier structurant de l\u2019\u00e9conomie r\u00e9gionale.<\/p>\n<p>Devant un parterre d\u2019\u00e9lus, de repr\u00e9sentants de l\u2019\u00c9tat, de la R\u00e9gion Paca et d\u2019acteurs \u00e9conomiques, son pr\u00e9sident Denis Philippe a assum\u00e9 un discours de rupture. \u00ab\u00a0Le temps du suppl\u00e9ment d\u2019\u00e2me est r\u00e9volu. L\u2019\u00e9conomie sociale et solidaire est une politique publique \u00e0 part enti\u00e8re\u00a0\u00bb, a-t-il affirm\u00e9, soulignant que le soutien institutionnel \u00e0 l\u2019ESS rel\u00e8ve d\u00e9sormais d\u2019un choix \u00e9conomique, et non plus uniquement id\u00e9ologique.<\/p>\n<p>Ce n\u2019est pas Renaud Muselier qui dira le contraire. Si la relation entre les deux avait mal commenc\u00e9, il y a une dizaine d\u2019ann\u00e9es, aujourd\u2019hui il en est tout autre. \u00ab\u00a0L\u2019ESS et la R\u00e9gion ce sont des valeurs communes de transitions \u00e9cologique, d\u2019approche territoriale et d\u2019adaptation de crises\u00a0\u00bb, ajoute le pr\u00e9sident de R\u00e9gion. Mais, la surprise de l\u2019annonce inattendue. Renaud Muselier entend soutenir, la Cress \u00ab\u00a0pour qu\u2019elle ait le m\u00eame statut que les chambres consulaires\u00a0\u00bb. De quoi ravir Denis Philippe qui s\u2019\u00e9puise depuis de nombreuses ann\u00e9es \u00e0 porter ce combat.<\/p>\n<p>La Cress Paca repr\u00e9sente aujourd\u2019hui plus de 11\u00a0000 structures, employant environ 173\u00a0000 salari\u00e9s, soit 13,5% de l\u2019emploi priv\u00e9 r\u00e9gional. Un poids significatif, que la Chambre r\u00e9gionale entend d\u00e9sormais traduire en capacit\u00e9 d\u2019action concr\u00e8te, notamment dans les transitions \u00e9cologiques, sociale et \u00e9conomique.<\/p>\n<p>Le message est relay\u00e9 par l\u2019\u00c9tat. Didier Mamis, secr\u00e9taire g\u00e9n\u00e9ral de la pr\u00e9fecture pour les affaires r\u00e9gionales, a confirm\u00e9 un changement de regard\u00a0: l\u2019ESS suscite d\u00e9sormais \u00ab\u00a0beaucoup d\u2019int\u00e9r\u00eat\u00a0\u00bb au niveau national. Une strat\u00e9gie nationale ESS, engag\u00e9e en\u00a02025 et dont la finalisation est attendue en mars\u00a02026, vise \u00e0 lever les freins au financement et au d\u00e9veloppement des structures du secteur.<\/p>\n<p>Passer \u00e0 l\u2019offensive\u00a0: structuration et changement d\u2019\u00e9chelle<\/p>\n<p>Pour Denis Philippe, la reconnaissance institutionnelle ne suffit plus. \u00ab\u00a0La l\u00e9gitimit\u00e9 doit se traduire en capacit\u00e9 d\u2019action\u00a0\u00bb, insiste-t-il. La feuille de route 2026 de la Cress repose sur trois priorit\u00e9s \u00e9conomiques\u00a0: structurer le secteur, en renfor\u00e7ant la s\u00e9curit\u00e9 juridique, financi\u00e8re et la gouvernance des entreprises de l\u2019ESS. Puis, favoriser le changement d\u2019\u00e9chelle, afin de faire \u00e9merger des acteurs plus robustes et capables de porter des projets d\u2019envergure. Mais aussi, f\u00e9d\u00e9rer les familles de l\u2019ESS (associations, coop\u00e9ratives, mutuelles, Scop, Scic, entreprises sociales) pour peser davantage dans le dialogue avec les pouvoirs publics et les partenaires \u00e9conomiques.<\/p>\n<p>Autre axe fort du discours\u00a0: le refus des mod\u00e8les standardis\u00e9s. La Cress Paca revendique une approche territoriale, fond\u00e9e sur l\u2019intelligence collective locale et les alliances de terrain. \u00ab\u00a0Nous ne voulons pas de solutions copier-coller depuis Paris\u00a0\u00bb, mart\u00e8le Denis Philippe, qui d\u00e9fend l\u2019\u00e9mergence d\u2019un mod\u00e8le r\u00e9gional, parfois qualifi\u00e9 de \u00ab\u00a0Marseillais\u00a0\u00bb ou \u00ab\u00a0Proven\u00e7al\u00a0\u00bb.<\/p>\n<p>Le pr\u00e9sident de la Cress a \u00e9galement voulu clore le d\u00e9bat entre valeurs et performance. \u00ab\u00a0Les entreprises qui ont du sens peuvent \u00eatre grandes, et les grandes entreprises peuvent avoir du sens. La taille devient un levier d\u2019impact\u00a0\u00bb, affirme-t-il, appelant \u00e0 d\u00e9passer les oppositions historiques entre \u00e9conomie classique et ESS.<\/p>\n<p>La Cress donne rendez-vous en\u00a02026 pour mesurer les premiers effets concrets de ce changement de braquet.<\/p>\n","protected":false},"excerpt":{"rendered":"Il fallait presque sortir la tenue des grands soirs. Denis Philippe, pr\u00e9sident de la Cress, a choisi la&hellip;\n","protected":false},"author":2,"featured_media":695917,"comment_status":"","ping_status":"","sticky":false,"template":"","format":"standard","meta":{"footnotes":""},"categories":[2814],"tags":[5734,1111,11,79125,64039,33,1777,674,1011,27,884,12,6284,882,37591,2689,25,10776,9870],"class_list":{"0":"post-695916","1":"post","2":"type-post","3":"status-publish","4":"format-standard","5":"has-post-thumbnail","7":"category-marseille","8":"tag-5734","9":"tag-actu","10":"tag-actualites","11":"tag-cress","12":"tag-denis","13":"tag-economie","14":"tag-eu","15":"tag-europe","16":"tag-fr","17":"tag-france","18":"tag-marseille","19":"tag-news","20":"tag-philippe","21":"tag-provence-alpes-cote-dazur","22":"tag-puissance","23":"tag-reconnaissance","24":"tag-republique-francaise","25":"tag-transformer","26":"tag-veut"},"share_on_mastodon":{"url":"https:\/\/pubeurope.com\/@fr\/115974903174604244","error":""},"_links":{"self":[{"href":"https:\/\/www.europesays.com\/fr\/wp-json\/wp\/v2\/posts\/695916","targetHints":{"allow":["GET"]}}],"collection":[{"href":"https:\/\/www.europesays.com\/fr\/wp-json\/wp\/v2\/posts"}],"about":[{"href":"https:\/\/www.europesays.com\/fr\/wp-json\/wp\/v2\/types\/post"}],"author":[{"embeddable":true,"href":"https:\/\/www.europesays.com\/fr\/wp-json\/wp\/v2\/users\/2"}],"replies":[{"embeddable":true,"href":"https:\/\/www.europesays.com\/fr\/wp-json\/wp\/v2\/comments?post=695916"}],"version-history":[{"count":0,"href":"https:\/\/www.europesays.com\/fr\/wp-json\/wp\/v2\/posts\/695916\/revisions"}],"wp:featuredmedia":[{"embeddable":true,"href":"https:\/\/www.europesays.com\/fr\/wp-json\/wp\/v2\/media\/695917"}],"wp:attachment":[{"href":"https:\/\/www.europesays.com\/fr\/wp-json\/wp\/v2\/media?parent=695916"}],"wp:term":[{"taxonomy":"category","embeddable":true,"href":"https:\/\/www.europesays.com\/fr\/wp-json\/wp\/v2\/categories?post=695916"},{"taxonomy":"post_tag","embeddable":true,"href":"https:\/\/www.europesays.com\/fr\/wp-json\/wp\/v2\/tags?post=695916"}],"curies":[{"name":"wp","href":"https:\/\/api.w.org\/{rel}","templated":true}]}}