{"id":695920,"date":"2026-01-28T21:43:17","date_gmt":"2026-01-28T21:43:17","guid":{"rendered":"https:\/\/www.europesays.com\/fr\/695920\/"},"modified":"2026-01-28T21:43:17","modified_gmt":"2026-01-28T21:43:17","slug":"metropole-de-lyon-a-tassin-le-nouveau-pole-de-sante-du-bourg-ouvrira-ses-portes-debut-mars","status":"publish","type":"post","link":"https:\/\/www.europesays.com\/fr\/695920\/","title":{"rendered":"M\u00e9tropole de Lyon. \u00c0 Tassin, le nouveau p\u00f4le de sant\u00e9 du Bourg ouvrira ses portes d\u00e9but mars"},"content":{"rendered":"<p>Ouverture officielle d\u00e9but mars, r\u00e9cup\u00e9ration des cl\u00e9s fin f\u00e9vrier et d\u00e9m\u00e9nagement le week-end\u2026 Voici le calendrier retenu pour l\u2019installation des professionnels de sant\u00e9 dans le b\u00e2timent con\u00e7u pour eux au-dessus de la pharmacie et de la sup\u00e9rette en plein c\u0153ur du bourg de Tassin.<\/p>\n<p>Ce vendredi apr\u00e8s-midi, ils sont venus \u00e0 onze, d\u00e9ambulant dans le bel espace de 400 m2, pour choisir leur cabinet et imaginer comment le meubler. Et de discuter, de comparer, d\u2019\u00e9valuer, d\u2019imaginer\u00a0: deux ou trois fen\u00eatres, carr\u00e9es ou rectangulaires, chaque&#8230;<\/p>\n","protected":false},"excerpt":{"rendered":"Ouverture officielle d\u00e9but mars, r\u00e9cup\u00e9ration des cl\u00e9s fin f\u00e9vrier et d\u00e9m\u00e9nagement le week-end\u2026 Voici le calendrier retenu pour&hellip;\n","protected":false},"author":2,"featured_media":695921,"comment_status":"","ping_status":"","sticky":false,"template":"","format":"standard","meta":{"footnotes":""},"categories":[1889],"tags":[1111,11,2430,3153,1777,674,1011,27,2428,12,25,71,801,104,20283,20284,216],"class_list":{"0":"post-695920","1":"post","2":"type-post","3":"status-publish","4":"format-standard","5":"has-post-thumbnail","7":"category-lyon","8":"tag-actu","9":"tag-actualites","10":"tag-auvergne-rhone-alpes","11":"tag-edition-ouest-lyonnais","12":"tag-eu","13":"tag-europe","14":"tag-fr","15":"tag-france","16":"tag-lyon","17":"tag-news","18":"tag-republique-francaise","19":"tag-sante","20":"tag-social","21":"tag-societe","22":"tag-tassin-la-demi-lune","23":"tag-tassin-la-demi-lune-bassin","24":"tag-vie-des-entreprises"},"share_on_mastodon":{"url":"https:\/\/pubeurope.com\/@fr\/115974911171526439","error":""},"_links":{"self":[{"href":"https:\/\/www.europesays.com\/fr\/wp-json\/wp\/v2\/posts\/695920","targetHints":{"allow":["GET"]}}],"collection":[{"href":"https:\/\/www.europesays.com\/fr\/wp-json\/wp\/v2\/posts"}],"about":[{"href":"https:\/\/www.europesays.com\/fr\/wp-json\/wp\/v2\/types\/post"}],"author":[{"embeddable":true,"href":"https:\/\/www.europesays.com\/fr\/wp-json\/wp\/v2\/users\/2"}],"replies":[{"embeddable":true,"href":"https:\/\/www.europesays.com\/fr\/wp-json\/wp\/v2\/comments?post=695920"}],"version-history":[{"count":0,"href":"https:\/\/www.europesays.com\/fr\/wp-json\/wp\/v2\/posts\/695920\/revisions"}],"wp:featuredmedia":[{"embeddable":true,"href":"https:\/\/www.europesays.com\/fr\/wp-json\/wp\/v2\/media\/695921"}],"wp:attachment":[{"href":"https:\/\/www.europesays.com\/fr\/wp-json\/wp\/v2\/media?parent=695920"}],"wp:term":[{"taxonomy":"category","embeddable":true,"href":"https:\/\/www.europesays.com\/fr\/wp-json\/wp\/v2\/categories?post=695920"},{"taxonomy":"post_tag","embeddable":true,"href":"https:\/\/www.europesays.com\/fr\/wp-json\/wp\/v2\/tags?post=695920"}],"curies":[{"name":"wp","href":"https:\/\/api.w.org\/{rel}","templated":true}]}}