{"id":695926,"date":"2026-01-28T21:47:16","date_gmt":"2026-01-28T21:47:16","guid":{"rendered":"https:\/\/www.europesays.com\/fr\/695926\/"},"modified":"2026-01-28T21:47:16","modified_gmt":"2026-01-28T21:47:16","slug":"un-rassemblement-contre-lice-et-la-politique-anti-immigration-de-trump-organise-a-paris","status":"publish","type":"post","link":"https:\/\/www.europesays.com\/fr\/695926\/","title":{"rendered":"Un rassemblement contre l&rsquo;ICE et la politique anti-immigration de Trump organis\u00e9 \u00e0 Paris"},"content":{"rendered":"<p>\n    Les manifestants, r\u00e9unis devant le minist\u00e8re des Affaires \u00e9trang\u00e8res, r\u00e9pondaient \u00e0 l\u2019appel du collectif progressiste am\u00e9ricain Indivisible et de parlementaires fran\u00e7ais issus notamment de la gauche.<\/p>\n<p class=\"fig-paragraph\">Des dizaines de personnes se sont rassembl\u00e9es mercredi soir \u00e0\u00a0<a href=\"http:\/\/www.lefigaro.fr\/faits-divers\/paris-une-cycliste-tuee-dans-le-12e-arrondissement-ecrasee-par-un-poids-lourd-20260127\" data-fig-type=\"NewsFlash\" data-gtm-custom-categorie=\"navigation\" data-gtm-custom-action=\"crossclick\" data-gtm-custom-label=\"Contextuel\" data-gtm-event=\"customEventSPE\" data-fig-domain=\"LEFIGARO\" target=\"_blank\" rel=\"noopener\">Paris<\/a>\u00a0pour d\u00e9noncer la\u00a0<a href=\"http:\/\/www.lefigaro.fr\/international\/mort-d-alex-pretti-a-minneapolis-les-agents-impliques-ont-ete-suspendus-selon-les-medias-americains-20260128\" data-fig-type=\"NewsFlash\" data-gtm-custom-categorie=\"navigation\" data-gtm-custom-action=\"crossclick\" data-gtm-custom-label=\"Contextuel\" data-gtm-event=\"customEventSPE\" data-fig-domain=\"LEFIGARO\" target=\"_blank\" rel=\"noopener\">police de l&rsquo;immigration am\u00e9ricaine<\/a>\u00a0(ICE), symbole de la r\u00e9pression qui a fait deux morts ces derniers jours dans le Minnesota, aux \u00c9tats-Unis. \u00abVa te faire foutre ICE, fermez-la dans toutes les villes, tous les villages\u00bb, scandaient en anglais les manifestants r\u00e9unis devant le minist\u00e8re des Affaires \u00e9trang\u00e8res \u00e0 l&rsquo;appel du collectif progressiste am\u00e9ricain Indivisible et de parlementaires fran\u00e7ais issus notamment de la gauche.<\/p>\n<p class=\"fig-paragraph\">Parmi eux, certains brandissaient des pancartes anti-ICE comme \u00abFraternit\u00e9 sans fronti\u00e8re, ICE out\u00bb, ou encore \u00abThe only good ICE is crushed ICE\u00bb. \u00abNous sommes \u00e0 un tournant critique. Des citoyens sont ex\u00e9cut\u00e9s dans la rue et si nous ne faisons rien, nous allons finir par avoir une dictature fasciste\u00bb, a dit \u00e0 l&rsquo;AFP Isobel Coen, une Am\u00e9ricaine de 29 ans, qui envisage de faire venir sa m\u00e8re en France, car elle est inqui\u00e8te pour l&rsquo;avenir aux \u00c9tats-Unis.<\/p>\n<p>                                            <a class=\"fig-a11y-skip\" href=\"#fig-a11y-skip-main-inarticle\" data-module=\"a11y-skip\" data-context=\"was @visible\"><br \/>\n    Passer la publicit\u00e9<br \/>\n<\/a>            <\/p>\n<p class=\"fig-paragraph\">Michelle Rooney, dessinatrice am\u00e9ricaine vivant \u00e0 Paris mais dont la famille habite le Minnesota, dit participer \u00e0 sa toute premi\u00e8re manifestation: \u00abJe suis ici parce que nous pouvons manifester sans avoir peur de nous faire tirer dessus\u00bb. \u00abJe le fais pour ma famille dans le Minnesota qui a le sentiment de ne pas pouvoir manifester\u00bb, a-t-elle dit.<\/p>\n<p>                                            Une initiative lanc\u00e9e en mai 2025<\/p>\n<p class=\"fig-paragraph\">Minneapolis, aux \u00c9tats-Unis, reste sous le choc du d\u00e9c\u00e8s d&rsquo;Alex Pretti, infirmier de 37 ans, tu\u00e9 par des agents de la police aux fronti\u00e8res (CBP), apr\u00e8s celui de Renee Good, une m\u00e8re de famille du m\u00eame \u00e2ge, le 7 janvier sous les balles de la police de l&rsquo;immigration (ICE). Dans un communiqu\u00e9, les parlementaires r\u00e9unis au sein de la Digue, \u00e0 l&rsquo;origine du rassemblement, ont d\u00e9nonc\u00e9 la politique anti-immigration du pr\u00e9sident am\u00e9ricain Donald Trump.<\/p>\n<p class=\"fig-paragraph\">\u00ab\u00c0 l\u2019ext\u00e9rieur comme \u00e0 l&rsquo;int\u00e9rieur, le chef de l&rsquo;internationale n\u00e9ofasciste s&rsquo;affranchit de toutes les r\u00e8gles de Droit\u00bb, affirment-ils. \u00abLe continuum r\u00e9actionnaire qu&rsquo;il incarne s&rsquo;impose par la force, avec une m\u00eame strat\u00e9gie\u00a0: la menace, la mise au pas, la brutalit\u00e9\u00bb, ajoutent-ils. Lanc\u00e9e en mai 2025, cette initiative regroupe surtout des \u00e9lus de gauche et vise \u00e0 mobiliser \u00e0 l&rsquo;international contre la mont\u00e9e des courants d&rsquo;extr\u00eame droite et r\u00e9actionnaires. \u00c9l\u00e9onore Caroit, d\u00e9put\u00e9e du camp pr\u00e9sidentiel, y prend aussi part.<\/p>\n","protected":false},"excerpt":{"rendered":"Les manifestants, r\u00e9unis devant le minist\u00e8re des Affaires \u00e9trang\u00e8res, r\u00e9pondaient \u00e0 l\u2019appel du collectif progressiste am\u00e9ricain Indivisible et&hellip;\n","protected":false},"author":2,"featured_media":695927,"comment_status":"","ping_status":"","sticky":false,"template":"","format":"standard","meta":{"footnotes":""},"categories":[1888],"tags":[1111,1928,11,1927,75,1777,674,1011,27,1061,2088,12,1926,626,1925,1072,25],"class_list":{"0":"post-695926","1":"post","2":"type-post","3":"status-publish","4":"format-standard","5":"has-post-thumbnail","7":"category-paris","8":"tag-actu","9":"tag-actu-paris","10":"tag-actualites","11":"tag-actualites-paris","12":"tag-donald-trump","13":"tag-eu","14":"tag-europe","15":"tag-fr","16":"tag-france","17":"tag-immigration","18":"tag-manifestation","19":"tag-news","20":"tag-news-paris","21":"tag-paris","22":"tag-paris-news","23":"tag-police","24":"tag-republique-francaise"},"share_on_mastodon":{"url":"https:\/\/pubeurope.com\/@fr\/115974926866883834","error":""},"_links":{"self":[{"href":"https:\/\/www.europesays.com\/fr\/wp-json\/wp\/v2\/posts\/695926","targetHints":{"allow":["GET"]}}],"collection":[{"href":"https:\/\/www.europesays.com\/fr\/wp-json\/wp\/v2\/posts"}],"about":[{"href":"https:\/\/www.europesays.com\/fr\/wp-json\/wp\/v2\/types\/post"}],"author":[{"embeddable":true,"href":"https:\/\/www.europesays.com\/fr\/wp-json\/wp\/v2\/users\/2"}],"replies":[{"embeddable":true,"href":"https:\/\/www.europesays.com\/fr\/wp-json\/wp\/v2\/comments?post=695926"}],"version-history":[{"count":0,"href":"https:\/\/www.europesays.com\/fr\/wp-json\/wp\/v2\/posts\/695926\/revisions"}],"wp:featuredmedia":[{"embeddable":true,"href":"https:\/\/www.europesays.com\/fr\/wp-json\/wp\/v2\/media\/695927"}],"wp:attachment":[{"href":"https:\/\/www.europesays.com\/fr\/wp-json\/wp\/v2\/media?parent=695926"}],"wp:term":[{"taxonomy":"category","embeddable":true,"href":"https:\/\/www.europesays.com\/fr\/wp-json\/wp\/v2\/categories?post=695926"},{"taxonomy":"post_tag","embeddable":true,"href":"https:\/\/www.europesays.com\/fr\/wp-json\/wp\/v2\/tags?post=695926"}],"curies":[{"name":"wp","href":"https:\/\/api.w.org\/{rel}","templated":true}]}}