{"id":695930,"date":"2026-01-28T21:49:11","date_gmt":"2026-01-28T21:49:11","guid":{"rendered":"https:\/\/www.europesays.com\/fr\/695930\/"},"modified":"2026-01-28T21:49:11","modified_gmt":"2026-01-28T21:49:11","slug":"video-cheval-noir-vichy-rose-a-paris-un-ultime-hommage-eblouissant-rendu-a-brigitte-bardot","status":"publish","type":"post","link":"https:\/\/www.europesays.com\/fr\/695930\/","title":{"rendered":"VID\u00c9O. Cheval noir, vichy rose&#8230; \u00c0 Paris, un ultime hommage \u00e9blouissant rendu \u00e0 Brigitte Bardot"},"content":{"rendered":"<p>                    Par<br \/>\n        <strong><br \/>\n            <a href=\"https:\/\/actu.fr\/auteur\/m-pomme\" title=\"Consulter tous les articles de Marie Pomme\" target=\"_blank\" rel=\"noopener\">Marie Pomme<\/a><br \/>\n                    <\/strong><\/p>\n<p>        Publi\u00e9 le<\/p>\n<p>            28 janv. 2026 \u00e0 20h41        <\/p>\n<p>C\u2019\u00e9tait le <a href=\"https:\/\/actu.fr\/loisirs-culture\/brigitte-bardot-icone-du-cinema-francais-et-figure-de-defense-des-animaux-est-morte_35287571.html\" target=\"_blank\" rel=\"noopener\">dernier au revoir<\/a> \u00e0 <a href=\"https:\/\/actu.fr\/ile-de-france\/paris_75056\/mort-de-brigitte-bardot-gifles-coups-de-cravache-l-enfance-tres-stricte-de-l-actrice-a-paris_63628014.html\" target=\"_blank\" rel=\"noopener\">Brigitte Bardot<\/a>. Ce mercredi 28\u00a0janvier 2026, pile un mois apr\u00e8s <a href=\"https:\/\/actu.fr\/ile-de-france\/paris_75056\/mort-de-brigitte-bardot-qui-est-nicolas-jacques-charrier-son-fils-unique-qu-elle-associait-a-son-malheur_63628040.html\" target=\"_blank\" rel=\"noopener\">sa disparition<\/a>, une messe hommage \u00e9tait organis\u00e9e en l\u2019\u00e9glise Saint-Roch \u00e0 Paris, consid\u00e9r\u00e9e comme la paroisse des artistes. La c\u00e9r\u00e9monie en l\u2019honneur de l\u2019ic\u00f4ne du <a href=\"https:\/\/actu.fr\/tag\/cinema\" target=\"_blank\" rel=\"noopener\">cin\u00e9ma<\/a>, qui d\u00e9butait \u00e0 18\u00a0heures, \u00e9tait dirig\u00e9e par le p\u00e8re Laurent Chauvin.<\/p>\n<p class=\" wall-content\">\n<p>Un cheval noir pour symboliser les causes qu\u2019elle d\u00e9fendait<\/p>\n<p class=\" wall-content\">La comm\u00e9moration s\u2019est ouverte avec l\u2019entr\u00e9e d\u2019un cheval noir qui a remont\u00e9 l\u2019all\u00e9e jusqu\u2019\u00e0 l\u2019autel. Cet animal a souvent \u00e9t\u00e9 au c\u0153ur des causes d\u00e9fendues par l\u2019actrice, qui r\u00e9clamait notamment d\u2019arr\u00eater le commerce de sa viande.<\/p>\n<p>    <img   decoding=\"async\" loading=\"lazy\" src=\"https:\/\/www.europesays.com\/fr\/wp-content\/uploads\/2026\/01\/epaliveeight817242-960x640.jpg\" alt=\"Un grand cheval noir est entr\u00e9 dans l'\u00e9glise au d\u00e9but de la c\u00e9r\u00e9monie.\" width=\"960\" height=\"640\"\/><br \/>\n    Un grand cheval noir est entr\u00e9 dans l\u2019\u00e9glise au d\u00e9but de la c\u00e9r\u00e9monie. (\u00a9Sadak Souci\/EPA\/MAXPPP)<\/p>\n<p class=\" wall-content\">L\u2019autel o\u00f9 reposait sa photo \u00e9tait recouvert d\u2019un vichy rose\u2009; plusieurs personnes dans l\u2019assembl\u00e9e portaient ce motif. En effet, les invit\u00e9s avaient \u00e9t\u00e9 pri\u00e9s d\u2019arborer \u00ab\u2009une touche de vichy rose\u2009\u00bb, en r\u00e9f\u00e9rence au style vestimentaire de Brigitte Bardot.<\/p>\n<p>    <img   decoding=\"async\" loading=\"lazy\" src=\"https:\/\/www.europesays.com\/fr\/wp-content\/uploads\/2026\/01\/epaliveeight817252-960x640.jpg\" alt=\"Le dress code r\u00e9clam\u00e9 \u00e9tait \" width=\"960\" height=\"640\"\/><br \/>\n    Le dress code r\u00e9clam\u00e9 \u00e9tait \u00ab\u2009vichy rose\u2009\u00bb, en r\u00e9f\u00e9rence au style vestimentaire de Brigitte Bardot. (\u00a9Sadak Souci\/EPA\/MAXPPP)<\/p>\n<p class=\" wall-content\">Brigitte Bardot est n\u00e9e le 28\u00a0septembre 1934 et d\u00e9c\u00e9d\u00e9e le 28\u00a0d\u00e9cembre 2025, \u00e0 l\u2019\u00e2ge de 91\u00a0ans. Elle a \u00e9t\u00e9 <a href=\"https:\/\/actu.fr\/loisirs-culture\/pourquoi-brigitte-bardot-ne-sera-finalement-pas-enterree-chez-elle-a-la-madrague-comme-elle-l-avait-souhaite_63630782.html\" target=\"_blank\" rel=\"noopener\">inhum\u00e9e \u00e0 Saint-Tropez<\/a>, le 7\u00a0janvier. Le pr\u00e9sident de la R\u00e9publique <a href=\"https:\/\/actu.fr\/tag\/emmanuel-macron\" target=\"_blank\" rel=\"noopener\">Emmanuel Macron<\/a> avait propos\u00e9 un hommage national, refus\u00e9 par la famille pour suivre les d\u00e9sirs exprim\u00e9s par l\u2019artiste de son vivant.<\/p>\n<p class=\" wall-content\">Personnalisez votre actualit\u00e9 en ajoutant vos villes et m\u00e9dias en favori avec <a href=\"https:\/\/moncompte.actu.fr\" title=\"D\u00e9couvez Mon Actu\" rel=\"nofollow noopener\" data-trk=\"{&quot;cta&quot;:{&quot;action&quot;:&quot;https:\\\/\\\/moncompte.actu.fr&quot;,&quot;category&quot;:&quot;mon compte&quot;,&quot;from&quot;:&quot;article footer&quot;,&quot;name&quot;:&quot;Mon actu&quot;,&quot;type&quot;:&quot;cta&quot;}}\" target=\"_blank\">Mon Actu<\/a>.<\/p>\n","protected":false},"excerpt":{"rendered":"Par Marie Pomme Publi\u00e9 le 28 janv. 2026 \u00e0 20h41 C\u2019\u00e9tait le dernier au revoir \u00e0 Brigitte Bardot.&hellip;\n","protected":false},"author":2,"featured_media":695931,"comment_status":"","ping_status":"","sticky":false,"template":"","format":"standard","meta":{"footnotes":""},"categories":[1888],"tags":[11,650,1073,1777,674,1011,27,12,626,25,104],"class_list":{"0":"post-695930","1":"post","2":"type-post","3":"status-publish","4":"format-standard","5":"has-post-thumbnail","7":"category-paris","8":"tag-actualites","9":"tag-cinema","10":"tag-emmanuel-macron","11":"tag-eu","12":"tag-europe","13":"tag-fr","14":"tag-france","15":"tag-news","16":"tag-paris","17":"tag-republique-francaise","18":"tag-societe"},"share_on_mastodon":{"url":"https:\/\/pubeurope.com\/@fr\/115974934799200942","error":""},"_links":{"self":[{"href":"https:\/\/www.europesays.com\/fr\/wp-json\/wp\/v2\/posts\/695930","targetHints":{"allow":["GET"]}}],"collection":[{"href":"https:\/\/www.europesays.com\/fr\/wp-json\/wp\/v2\/posts"}],"about":[{"href":"https:\/\/www.europesays.com\/fr\/wp-json\/wp\/v2\/types\/post"}],"author":[{"embeddable":true,"href":"https:\/\/www.europesays.com\/fr\/wp-json\/wp\/v2\/users\/2"}],"replies":[{"embeddable":true,"href":"https:\/\/www.europesays.com\/fr\/wp-json\/wp\/v2\/comments?post=695930"}],"version-history":[{"count":0,"href":"https:\/\/www.europesays.com\/fr\/wp-json\/wp\/v2\/posts\/695930\/revisions"}],"wp:featuredmedia":[{"embeddable":true,"href":"https:\/\/www.europesays.com\/fr\/wp-json\/wp\/v2\/media\/695931"}],"wp:attachment":[{"href":"https:\/\/www.europesays.com\/fr\/wp-json\/wp\/v2\/media?parent=695930"}],"wp:term":[{"taxonomy":"category","embeddable":true,"href":"https:\/\/www.europesays.com\/fr\/wp-json\/wp\/v2\/categories?post=695930"},{"taxonomy":"post_tag","embeddable":true,"href":"https:\/\/www.europesays.com\/fr\/wp-json\/wp\/v2\/tags?post=695930"}],"curies":[{"name":"wp","href":"https:\/\/api.w.org\/{rel}","templated":true}]}}