{"id":695932,"date":"2026-01-28T21:50:20","date_gmt":"2026-01-28T21:50:20","guid":{"rendered":"https:\/\/www.europesays.com\/fr\/695932\/"},"modified":"2026-01-28T21:50:20","modified_gmt":"2026-01-28T21:50:20","slug":"a-paris-le-lieu-ou-travaille-sa-presumee-fille-cachee-vandalise-des-images-devoilees","status":"publish","type":"post","link":"https:\/\/www.europesays.com\/fr\/695932\/","title":{"rendered":"\u00e0 Paris, le lieu o\u00f9 travaille sa pr\u00e9sum\u00e9e \u201cfille cach\u00e9e\u201d vandalis\u00e9, des images d\u00e9voil\u00e9es"},"content":{"rendered":"<p>                                    <img decoding=\"async\" src=\"https:\/\/www.europesays.com\/fr\/wp-content\/uploads\/2026\/01\/445f1346fcb0171527574fba3b56fe75dbc48077c808aed653a0ac39db46b1b4.jpg\" alt=\"Vladimir Poutine\u00a0: famille, politique, sant\u00e9... Ce qu'il faut conna\u00eetre\" class=\"a11y-hidden\" fetchpriority=\"high\"\/><\/p>\n<p class=\"fig-standfirst\">\n    Une jeune femme de 22 ans, pr\u00e9sent\u00e9e par plusieurs enqu\u00eates comme la fille cach\u00e9e de Vladimir Poutine, m\u00e8nerait une vie discr\u00e8te \u00e0 Paris depuis plusieurs ann\u00e9es. Dans la nuit de ce 26 au 27 janvier, la galerie d\u2019art o\u00f9 elle travaille, dans le XXe arrondissement, a \u00e9t\u00e9 vandalis\u00e9e.<\/p>\n<p class=\"fig-paragraph\">Vladimir Poutine aurait une fille cach\u00e9e, install\u00e9e \u00e0 Paris depuis plusieurs ann\u00e9es. \u00c2g\u00e9e de 22 ans,\u00a0<a href=\"https:\/\/www.gala.fr\/l_actu\/news_de_stars\/la-fille-cachee-presumee-de-vladimir-poutine-installee-a-paris-elle-a-assure-qu-elle-n-a-jamais-connu-son-pere-20251228\" target=\"_blank\" data-fig-type=\"Article\" rel=\"sponsored noopener\" data-gtm-custom-categorie=\"navigation\" data-gtm-custom-action=\"crossclick\" data-gtm-custom-label=\"Contextuel\" data-gtm-event=\"customEventSPE\" data-fig-domain=\"GALA\">Elizaveta Krivonogikh n\u2019a pourtant jamais reconnu publiquement de lien de parent\u00e9<\/a>\u00a0avec le pr\u00e9sident russe. Tr\u00e8s discr\u00e8te, la jeune femme serait arriv\u00e9e en France en 2020, vivant sous le nom d\u2019Elizaveta Rudnova, mais surtout loin des projecteurs et d\u00e9bats politiques. Selon des rumeurs persistantes, \u00e9tay\u00e9es par\u00a0<a href=\"https:\/\/www.gala.fr\/l_actu\/news_de_stars\/vladimir-poutine-a-quoi-ressemble-sa-fille-cachee-elizaveta-venue-vivre-a-paris-20250213\" target=\"_blank\" data-fig-type=\"Article\" rel=\"sponsored noopener\" data-gtm-custom-categorie=\"navigation\" data-gtm-custom-action=\"crossclick\" data-gtm-custom-label=\"Contextuel\" data-gtm-event=\"customEventSPE\" data-fig-domain=\"GALA\">plusieurs enqu\u00eates journalistiques<\/a>, le chef du Kremlin aurait entretenu au d\u00e9but des ann\u00e9es 2000 une relation secr\u00e8te avec Svetlana Krivonogikh, une ancienne femme de m\u00e9nage devenue depuis l\u2019une des femmes les plus riches de Russie. De cette liaison serait n\u00e9e Elizaveta, \u00e9galement connue sous les noms de Luiza Rozova ou Elizaveta Rudnova.<\/p>\n<p class=\"fig-paragraph\">Ce mercredi 28 janvier,\u00a0<a href=\"https:\/\/www.leparisien.fr\/faits-divers\/fuck-poutine-a-paris-la-galerie-ou-travaille-la-fille-presumee-du-president-russe-visee-par-des-tags-28-01-2026-7I24OBOHHJFYLEUCDLXAT6RRKU.php?at_variant=photo&amp;at_creation=Le%20Parisien%20%7C%20faits%20divers&amp;at_campaign=Partage%20Twitter%20CM&amp;at_medium=Social%20media\" target=\"_blank\" rel=\"sponsored noopener\" data-gtm-custom-categorie=\"navigation\" data-gtm-custom-action=\"crossclick\" data-gtm-custom-label=\"Contextuel\" data-gtm-event=\"customEventSPE\">Le Parisien<\/a> \u00a0r\u00e9v\u00e8le que la L Galerie, situ\u00e9e dans le XXe arrondissement de Paris et o\u00f9 la jeune femme travaillerait depuis octobre 2025, a \u00e9t\u00e9 vandalis\u00e9e dans la nuit de lundi \u00e0 mardi. Les fa\u00e7ades de la galerie et d\u2019immeubles voisins, rue Henri-Chevreau, ont \u00e9t\u00e9 recouvertes de tags orange visant directement Vladimir Poutine.\u00a0<a href=\"https:\/\/www.parismatch.com\/actu\/faits-divers\/fuck-putin-a-paris-la-galerie-ou-travaille-la-fille-presumee-de-vladimir-poutine-vandalisee-263630?_gl=1*n96ag2*_gcl_au*MTQ1OTAzODU2Mi4xNzY4Mjg5MDA3\" target=\"_blank\" rel=\"sponsored noopener\" data-gtm-custom-categorie=\"navigation\" data-gtm-custom-action=\"crossclick\" data-gtm-custom-label=\"Contextuel\" data-gtm-event=\"customEventSPE\">Paris Match<\/a> \u00a0fait \u00e9tat de messages explicites tels que \u00ab Poutine assassin\u00a0\u00bb, \u00ab Death to Putin\u00a0\u00bb [Mort \u00e0 Poutine] ou encore \u00ab Fuck Putin and all Russians\u00a0\u00bb. Parmi les inscriptions, une mention (\u00ab Justice pour El Hacen\u00a0\u00bb) renvoie \u00e0 l\u2019affaire El Hacen Diarra, un travailleur immigr\u00e9 originaire de Mauritanie d\u00e9c\u00e9d\u00e9 lors d\u2019une garde \u00e0 vue au commissariat du XXe arrondissement, dans la nuit du 15 au 16 janvier dernier.<\/p>\n<p>                                                                <a href=\"#slideshow-header\"><\/p>\n<p class=\"fig-slideshow__title\">\n                    PHOTOS &#8211; Vladimir Poutine a 70 ans\u00a0: retour sur son \u00e9volution physique en images\n                <\/p>\n<p>    <\/a><\/p>\n<p>                                                                <a class=\"fig-a11y-skip\" href=\"#fig-a11y-skip-main-inarticle\" data-module=\"a11y-skip\" data-context=\"was @visible\"><br \/>\n    Passer la publicit\u00e9<br \/>\n<\/a>            <\/p>\n<p>                                                                Qui est Elizaveta Rudnova, possible fille ill\u00e9gitime de Vladimir Poutine\u00a0?<\/p>\n<p class=\"fig-paragraph\">La galerie de Belleville n\u2019aurait pas \u00e9t\u00e9 cibl\u00e9e au hasard. D\u00e9but d\u00e9cembre dernier d\u00e9j\u00e0, une jeune femme pr\u00e9sent\u00e9e comme la fille cach\u00e9e de Vladimir Poutine avait \u00e9t\u00e9 interpell\u00e9e dans les rues de Paris par le journaliste ukrainien Dmytro Sviatnenko. Film\u00e9e, elle \u00e9tait rest\u00e9e silencieuse. \u00ab Elle ne dit pas qu\u2019elle n\u2019est pas la fille de Poutine\u00a0\u00bb, avait-il affirm\u00e9 dans Le Parisien, se disant s\u00fbr \u00ab \u00e0 99 %\u00a0\u00bb de son identit\u00e9. Une enqu\u00eate de la cellule investigation de Radio France, diffus\u00e9e en f\u00e9vrier 2025 sur France Inter, apportait de nombreux \u00e9l\u00e9ments sur la vie d\u2019Elizaveta Rudnova. Photos issues d\u2019un ancien compte Instagram, analyses de ressemblance physique et m\u00eame l\u2019avis d\u2019une universit\u00e9 britannique sp\u00e9cialis\u00e9e en reconnaissance faciale\u00a0: tous concluent qu\u2019\u00ab un lien familial est probable\u00a0\u00bb.<\/p>\n<p class=\"fig-paragraph\">Des zones d\u2019ombre subsistent toutefois. Jusqu\u2019en 2022, la jeune femme s\u2019exprimait librement sur les r\u00e9seaux sociaux, condamnant la violence apr\u00e8s l\u2019invasion de l\u2019Ukraine et exprimant sa compassion pour les victimes. Un positionnement surprenant au regard du contr\u00f4le exerc\u00e9 par Vladimir Poutine sur ses proches. Si son certificat de naissance, obtenu par le m\u00e9dia russe Proekt, ne mentionne aucun p\u00e8re, son second pr\u00e9nom, Vladimirovna, continue d\u2019alimenter les sp\u00e9culations. Quant \u00e0 sa m\u00e8re, Svetlana Krivonogikh, elle est aujourd\u2019hui sanctionn\u00e9e par le Royaume-Uni et le Canada pour ses liens financiers avec le pouvoir russe.<\/p>\n","protected":false},"excerpt":{"rendered":"Une jeune femme de 22 ans, pr\u00e9sent\u00e9e par plusieurs enqu\u00eates comme la fille cach\u00e9e de Vladimir Poutine, m\u00e8nerait&hellip;\n","protected":false},"author":2,"featured_media":695933,"comment_status":"","ping_status":"","sticky":false,"template":"","format":"standard","meta":{"footnotes":""},"categories":[1888],"tags":[11,79127,1777,674,16240,1011,27,12,626,4919,25,132,135],"class_list":{"0":"post-695932","1":"post","2":"type-post","3":"status-publish","4":"format-standard","5":"has-post-thumbnail","7":"category-paris","8":"tag-actualites","9":"tag-enfant-illegitime","10":"tag-eu","11":"tag-europe","12":"tag-fille-de","13":"tag-fr","14":"tag-france","15":"tag-news","16":"tag-paris","17":"tag-president","18":"tag-republique-francaise","19":"tag-russie","20":"tag-vladimir-poutine"},"share_on_mastodon":{"url":"https:\/\/pubeurope.com\/@fr\/115974938586593083","error":""},"_links":{"self":[{"href":"https:\/\/www.europesays.com\/fr\/wp-json\/wp\/v2\/posts\/695932","targetHints":{"allow":["GET"]}}],"collection":[{"href":"https:\/\/www.europesays.com\/fr\/wp-json\/wp\/v2\/posts"}],"about":[{"href":"https:\/\/www.europesays.com\/fr\/wp-json\/wp\/v2\/types\/post"}],"author":[{"embeddable":true,"href":"https:\/\/www.europesays.com\/fr\/wp-json\/wp\/v2\/users\/2"}],"replies":[{"embeddable":true,"href":"https:\/\/www.europesays.com\/fr\/wp-json\/wp\/v2\/comments?post=695932"}],"version-history":[{"count":0,"href":"https:\/\/www.europesays.com\/fr\/wp-json\/wp\/v2\/posts\/695932\/revisions"}],"wp:featuredmedia":[{"embeddable":true,"href":"https:\/\/www.europesays.com\/fr\/wp-json\/wp\/v2\/media\/695933"}],"wp:attachment":[{"href":"https:\/\/www.europesays.com\/fr\/wp-json\/wp\/v2\/media?parent=695932"}],"wp:term":[{"taxonomy":"category","embeddable":true,"href":"https:\/\/www.europesays.com\/fr\/wp-json\/wp\/v2\/categories?post=695932"},{"taxonomy":"post_tag","embeddable":true,"href":"https:\/\/www.europesays.com\/fr\/wp-json\/wp\/v2\/tags?post=695932"}],"curies":[{"name":"wp","href":"https:\/\/api.w.org\/{rel}","templated":true}]}}