{"id":695934,"date":"2026-01-28T21:51:13","date_gmt":"2026-01-28T21:51:13","guid":{"rendered":"https:\/\/www.europesays.com\/fr\/695934\/"},"modified":"2026-01-28T21:51:13","modified_gmt":"2026-01-28T21:51:13","slug":"jean-luc-melenchon-veut-que-les-gazoducs-nord-stream-soient-remis-en-route","status":"publish","type":"post","link":"https:\/\/www.europesays.com\/fr\/695934\/","title":{"rendered":"Jean-Luc M\u00e9lenchon veut que les gazoducs Nord Stream soient \u00ab\u00a0remis en route\u00a0\u00bb"},"content":{"rendered":"<p class=\"article-p mdl\">Le leader de La France insoumise Jean-Luc M\u00e9lenchon a de nouveau propos\u00e9, ce mercredi 28 janvier, de \u00ab\u00a0ramener la Russie dans le concert europ\u00e9en\u00a0\u00bb et a dit souhaiter que les gazoducs russes Nord Stream soient \u00ab\u00a0remis en route\u00a0\u00bb. Plus que jamais en pr\u00e9-campagne pr\u00e9sidentielle pour 2027, le fondateur de LFI a tenu une conf\u00e9rence, \u00e0 laquelle assistait la presse internationale, de plus d&rsquo;une heure et demie devant des \u00e9lus et militants insoumis.\u00a0<\/p>\n<p class=\"article-p mdl\">\u00ab\u00a0Nous n&rsquo;acceptons pas l&rsquo;id\u00e9e que nous soyons oblig\u00e9s d&rsquo;acheter du gaz et du p\u00e9trole am\u00e9ricains\u00a0\u00bb, a expliqu\u00e9 M. M\u00e9lenchon, qui ne cesse de militer pour le \u00ab\u00a0non-alignement\u00a0\u00bb, terme issu de la Guerre froide et qui d\u00e9signait les pays qui ne souhaitaient se rapprocher ni de Moscou ni de Washington.\u00a0<\/p>\n<p class=\"article-p mdl\">\u00ab\u00a0Il faut remettre en route Nord Stream et que ceux qui l&rsquo;ont sabot\u00e9 soient arr\u00eat\u00e9s et punis. <strong>R\u00e9tablir Nord Stream veut dire d&rsquo;un seul coup baisser le prix de l&rsquo;\u00e9nergie en Europe<\/strong>\u00ab\u00a0, a-t-il insist\u00e9.\u00a0<\/p>\n<p>            \u00ab\u00a0Nous n&rsquo;acceptons pas l&rsquo;id\u00e9e que la Russie soit expuls\u00e9 de l&rsquo;Europe\u00a0\u00bb<\/p>\n<p class=\"article-p mdl\">La Russie a perdu le march\u00e9 europ\u00e9en du gaz \u00e0 la suite des sanctions la visant et du sabotage des gazoducs Nord Stream, qui appartiennent au g\u00e9ant gazier russe Gazprom, en septembre 2022. Jean-Luc M\u00e9lenchon est r\u00e9guli\u00e8rement accus\u00e9 de complaisance envers la Russie depuis l&rsquo;invasion de l&rsquo;Ukraine en 2022, ce qu&rsquo;il r\u00e9fute.\u00a0\u00a0<\/p>\n<p class=\"article-p mdl\">\u00ab\u00a0Il est question de c\u00e9der des territoires\u00a0\u00bb ukrainiens \u00e0 la Russie, a-t-il \u00e9galement expliqu\u00e9. \u00ab\u00a0Qu&rsquo;on les c\u00e8de ou qu&rsquo;on ne les c\u00e8de pas (&#8230;) on doit voter\u00a0\u00bb, a-t-il encore d\u00e9clar\u00e9. \u00ab\u00a0On doit voter dans le Donbass et la zone sud de l&rsquo;Ukraine pour qu&rsquo;on sache ce que veulent les populations\u00a0\u00bb, a-t-il insist\u00e9. \u00ab\u00a0Nous n&rsquo;acceptons pas l&rsquo;id\u00e9e que la Russie soit expuls\u00e9 de l&rsquo;Europe\u00a0\u00bb, a r\u00e9sum\u00e9 le leader de la gauche radicale, en reprenant la formule du g\u00e9n\u00e9ral de Gaulle d&rsquo;une Europe \u00ab\u00a0de l&rsquo;Atlantique \u00e0 l&rsquo;Oural\u00a0\u00bb.\u00a0\u00a0<\/p>\n<p class=\"article-p mdl\">Jean-Luc M\u00e9lenchon s&rsquo;exprimait devant un drapeau fran\u00e7ais et un drapeau de l&rsquo;ONU, mais sans le drapeau europ\u00e9en. \u00ab\u00a0Jamais les conditions n&rsquo;ont \u00e9t\u00e9 aussi bonnes pour expliquer pourquoi le non-alignement rend n\u00e9cessaire et possible un partenariat privil\u00e9gi\u00e9 avec la Chine et avec l&rsquo;Inde. Qui bien s\u00fbr sont des r\u00e9gimes qui ne nous conviennent pas\u00a0\u00bb, a-t-il \u00e9galement d\u00e9clar\u00e9, alors que les Insoumis sont souvent critiqu\u00e9s pour leur refus de qualifier le r\u00e9gime de P\u00e9kin de \u00ab\u00a0dictature\u00a0\u00bb.\u00a0<\/p>\n<p>    La r\u00e9daction vous recommande<\/p>\n<p class=\"s-newsletter__title\">\n                L\u2019actualit\u00e9 par la r\u00e9daction de RTL dans votre bo\u00eete mail.\n            <\/p>\n<p class=\"s-newsletter__subtitle\">\n                Gr\u00e2ce \u00e0 votre compte RTL abonnez-vous \u00e0 la newsletter RTL info pour suivre toute l&rsquo;actualit\u00e9 au quotidien\n            <\/p>\n<p>\n                                    Lire la suite\n                                <\/p>\n","protected":false},"excerpt":{"rendered":"Le leader de La France insoumise Jean-Luc M\u00e9lenchon a de nouveau propos\u00e9, ce mercredi 28 janvier, de \u00ab\u00a0ramener&hellip;\n","protected":false},"author":2,"featured_media":695935,"comment_status":"","ping_status":"","sticky":false,"template":"","format":"standard","meta":{"footnotes":""},"categories":[1591],"tags":[11,1887,107,843,3081,12,1885,1886,132],"class_list":{"0":"post-695934","1":"post","2":"type-post","3":"status-publish","4":"format-standard","5":"has-post-thumbnail","7":"category-russie","8":"tag-actualites","9":"tag-federation-de-russie","10":"tag-fil-info","11":"tag-gaz","12":"tag-jean-luc-melenchon","13":"tag-news","14":"tag-russia","15":"tag-russian-federation","16":"tag-russie"},"share_on_mastodon":{"url":"https:\/\/pubeurope.com\/@fr\/115974942463883267","error":""},"_links":{"self":[{"href":"https:\/\/www.europesays.com\/fr\/wp-json\/wp\/v2\/posts\/695934","targetHints":{"allow":["GET"]}}],"collection":[{"href":"https:\/\/www.europesays.com\/fr\/wp-json\/wp\/v2\/posts"}],"about":[{"href":"https:\/\/www.europesays.com\/fr\/wp-json\/wp\/v2\/types\/post"}],"author":[{"embeddable":true,"href":"https:\/\/www.europesays.com\/fr\/wp-json\/wp\/v2\/users\/2"}],"replies":[{"embeddable":true,"href":"https:\/\/www.europesays.com\/fr\/wp-json\/wp\/v2\/comments?post=695934"}],"version-history":[{"count":0,"href":"https:\/\/www.europesays.com\/fr\/wp-json\/wp\/v2\/posts\/695934\/revisions"}],"wp:featuredmedia":[{"embeddable":true,"href":"https:\/\/www.europesays.com\/fr\/wp-json\/wp\/v2\/media\/695935"}],"wp:attachment":[{"href":"https:\/\/www.europesays.com\/fr\/wp-json\/wp\/v2\/media?parent=695934"}],"wp:term":[{"taxonomy":"category","embeddable":true,"href":"https:\/\/www.europesays.com\/fr\/wp-json\/wp\/v2\/categories?post=695934"},{"taxonomy":"post_tag","embeddable":true,"href":"https:\/\/www.europesays.com\/fr\/wp-json\/wp\/v2\/tags?post=695934"}],"curies":[{"name":"wp","href":"https:\/\/api.w.org\/{rel}","templated":true}]}}