{"id":695938,"date":"2026-01-28T21:53:10","date_gmt":"2026-01-28T21:53:10","guid":{"rendered":"https:\/\/www.europesays.com\/fr\/695938\/"},"modified":"2026-01-28T21:53:10","modified_gmt":"2026-01-28T21:53:10","slug":"les-etats-unis-vont-ils-decourager-les-voyageurs-etrangers-avec-levolution-de-lesta","status":"publish","type":"post","link":"https:\/\/www.europesays.com\/fr\/695938\/","title":{"rendered":"Les \u00c9tats-Unis vont-ils d\u00e9courager les voyageurs \u00e9trangers avec l\u2019\u00e9volution de l\u2019ESTA ?"},"content":{"rendered":"<p>\n    Le durcissement envisag\u00e9 du programme ESTA, avec des obligations \u00e9largies autour des r\u00e9seaux sociaux, pourrait peser sur l\u2019attractivit\u00e9 touristique des \u00c9tats-Unis. Une \u00e9tude du World Travel &amp; Tourism Council alerte sur un impact \u00e9conomique majeur.<\/p>\n<p class=\"fig-paragraph\">\u00c0\u00a0<a href=\"http:\/\/www.lefigaro.fr\/voyages\/dossier\/washington\" data-fig-type=\"Topic\" data-gtm-custom-categorie=\"navigation\" data-gtm-custom-action=\"crossclick\" data-gtm-custom-label=\"Contextuel\" data-gtm-event=\"customEventSPE\" data-fig-domain=\"LEFIGARO\" target=\"_blank\" rel=\"noopener\">Washington<\/a>, la s\u00e9curit\u00e9 des fronti\u00e8res reste une priorit\u00e9 politique. Mais \u00e0 force de durcir les conditions d\u2019entr\u00e9e, les \u00c9tats-Unis pourraient bien fragiliser un autre pilier de leur \u00e9conomie\u00a0: le tourisme international.<\/p>\n<p class=\"fig-paragraph\">C\u2019est en tout cas l\u2019avertissement lanc\u00e9 par le World Travel &amp; Tourism Council (WTTC), organisation qui rassemble les grands acteurs mondiaux du voyage \u2014 compagnies a\u00e9riennes, groupes h\u00f4teliers, croisi\u00e9ristes ou tour-op\u00e9rateurs \u2014 et dont les \u00e9tudes font r\u00e9f\u00e9rence sur le poids \u00e9conomique du secteur.<\/p>\n<p>                                            <a class=\"fig-a11y-skip\" href=\"#fig-a11y-skip-main-inarticle\" data-module=\"a11y-skip\" data-context=\"was @visible\"><br \/>\n    Passer la publicit\u00e9<br \/>\n<\/a>            <\/p>\n<p class=\"fig-paragraph\">Dans une nouvelle analyse, l\u2019institution s\u2019est pench\u00e9e sur les cons\u00e9quences d\u2019un projet d\u2019\u00e9volution du programme d\u2019exemption de visa (ESTA), qui pr\u00e9voirait une\u00a0<a href=\"http:\/\/www.lefigaro.fr\/voyages\/les-etats-unis-envisagent-d-imposer-l-examen-des-reseaux-sociaux-aux-touristes-etrangers-20251210\" data-fig-type=\"NewsFlash\" data-gtm-custom-categorie=\"navigation\" data-gtm-custom-action=\"crossclick\" data-gtm-custom-label=\"Contextuel\" data-gtm-event=\"customEventSPE\" data-fig-domain=\"LEFIGARO\" target=\"_blank\" rel=\"noopener\">divulgation plus \u00e9tendue des r\u00e9seaux sociaux des voyageurs<\/a>.<\/p>\n<p>                                            Un signal d\u00e9j\u00e0 per\u00e7u par les voyageurs<\/p>\n<p class=\"fig-paragraph\">Premier enseignement\u00a0: le sujet n\u2019est plus confidentiel. Deux tiers des voyageurs interrog\u00e9s d\u00e9clarent d\u00e9j\u00e0 avoir connaissance de ces changements potentiels. Un niveau de notori\u00e9t\u00e9 \u00e9lev\u00e9, qui laisse entrevoir des effets rapides sur le comportement des visiteurs.<\/p>\n<p class=\"fig-paragraph\">Selon l\u2019enqu\u00eate men\u00e9e entre le 23 d\u00e9cembre 2025 et le 2 janvier 2026 dans neuf pays, dont la France, l\u2019Allemagne, l\u2019Italie et le Royaume-Uni (*), 34 % des voyageurs se disent moins enclins \u00e0 se rendre aux \u00c9tats-Unis si la mesure \u00e9tait appliqu\u00e9e dans les deux \u00e0 trois prochaines ann\u00e9es. \u00c0 l\u2019inverse, seuls 12 % affirment qu\u2019elle renforcerait leur envie de voyager outre-Atlantique.<\/p>\n<p class=\"fig-paragraph\">Un d\u00e9s\u00e9quilibre net, qui se traduirait m\u00e9caniquement par une baisse de la demande internationale.<\/p>\n<p>                                            34 % des voyageurs se disent moins enclins \u00e0 se rendre aux \u00c9tats-Unis si la mesure \u00e9tait appliqu\u00e9e<br \/>\n                                            Un impact \u00e9conomique loin d\u2019\u00eatre marginal<\/p>\n<p class=\"fig-paragraph\">Le WTTC ne s\u2019arr\u00eate pas au ressenti. Avec l\u2019appui d\u2019Oxford Economics, l\u2019organisation a mod\u00e9lis\u00e9 plusieurs sc\u00e9narios \u00e9conomiques. Dans l\u2019hypoth\u00e8se la plus d\u00e9favorable, les\u00a0<a href=\"http:\/\/www.lefigaro.fr\/voyages\/dossier\/etats-unis\" data-fig-type=\"Topic\" data-gtm-custom-categorie=\"navigation\" data-gtm-custom-action=\"crossclick\" data-gtm-custom-label=\"Contextuel\" data-gtm-event=\"customEventSPE\" data-fig-domain=\"LEFIGARO\" target=\"_blank\" rel=\"noopener\">\u00c9tats-Unis<\/a>\u00a0pourraient enregistrer jusqu\u2019\u00e0 4,7 millions d\u2019arriv\u00e9es internationales en moins d\u00e8s 2026, soit pr\u00e8s d\u2019un quart des visiteurs issus des pays \u00e9ligibles \u00e0 l\u2019ESTA.<\/p>\n<p>                                            <a class=\"fig-a11y-skip\" href=\"#fig-a11y-skip-main-inarticle_mtf\" data-module=\"a11y-skip\" data-context=\"was @visible\"><br \/>\n    Passer la publicit\u00e9<br \/>\n<\/a>            <\/p>\n<p class=\"fig-paragraph\">Les cons\u00e9quences financi\u00e8res seraient \u00e0 la hauteur\u00a0: 15,7 milliards de dollars de d\u00e9penses touristiques en moins, et un impact global sur le PIB du voyage et du tourisme estim\u00e9 \u00e0 21,5 milliards de dollars.<\/p>\n<p class=\"fig-paragraph\">C\u00f4t\u00e9 emploi, jusqu\u2019\u00e0 157.000 postes pourraient \u00eatre menac\u00e9s, l\u2019\u00e9quivalent du nombre d\u2019emplois g\u00e9n\u00e9ralement cr\u00e9\u00e9s en un trimestre aux \u00c9tats-Unis \u2014 un rappel parlant, dans un pays o\u00f9 la dynamique du march\u00e9 du travail reste un indicateur politique central.<\/p>\n<p class=\"fig-body-link\">\n            \u00c0 lire aussi<br \/>\n        <a class=\"fig-body-link__link fig-premium-mark\" href=\"http:\/\/www.lefigaro.fr\/voyages\/guides\/les-etats-unis-ont-250-ans-new-york-l-epicentre-strategique-de-la-revolution-americaine-20251231\" data-fig-type=\"Article\" data-gtm-custom-categorie=\"navigation\" data-gtm-custom-action=\"crossclick\" data-gtm-custom-label=\"Contextuel\" data-gtm-event=\"customEventSPE\" data-fig-domain=\"LEFIGARO\" target=\"_blank\" rel=\"noopener\"><\/p>\n<p>        Les \u00c9tats-Unis ont 250 ans: New York, l\u2019\u00e9picentre strat\u00e9gique de la r\u00e9volution am\u00e9ricaine<br \/>\n    <\/a>\n<\/p>\n<p>                                            Une attractivit\u00e9 d\u00e9j\u00e0 fragilis\u00e9e<\/p>\n<p class=\"fig-paragraph\">Le contexte rend l\u2019alerte d\u2019autant plus sensible. Le tourisme r\u00e9cepteur am\u00e9ricain n\u2019a toujours pas retrouv\u00e9 son niveau d\u2019avant-pand\u00e9mie, avec pr\u00e8s de 11 millions de visiteurs \u00e9trangers en moins entre 2019 et 2025.<\/p>\n<p class=\"fig-paragraph\">Surtout, la politique d\u2019entr\u00e9e envisag\u00e9e appara\u00eet, aux yeux des voyageurs, plus intrusive que celles de destinations concurrentes comme le Royaume-Uni, le Canada, le Japon ou l\u2019Europe occidentale. Si une minorit\u00e9 y voit un signe de fermet\u00e9, une part plus large estime qu\u2019elle rendrait les \u00c9tats-Unis moins accueillants, sans am\u00e9liorer pour autant leur sentiment de s\u00e9curit\u00e9 personnelle.<\/p>\n<p class=\"fig-paragraph\">\u00abM\u00eame des changements modestes de comportement des visiteurs peuvent avoir des cons\u00e9quences \u00e9conomiques bien r\u00e9elles\u00bb, rappelle Gloria Guevara, pr\u00e9sidente du WTTC, dans un march\u00e9 touristique mondial de plus en plus disput\u00e9. Reste \u00e0 savoir si, au moment d\u2019arbitrer, l\u2019administration am\u00e9ricaine privil\u00e9giera la logique s\u00e9curitaire\u2026 ou la comp\u00e9titivit\u00e9 touristique.<\/p>\n<p class=\"fig-body-link\">\n            \u00c0 lire aussi<br \/>\n        <a class=\"fig-body-link__link\" href=\"http:\/\/www.lefigaro.fr\/voyages\/voyage-aux-etats-unis-les-europeens-delaissent-new-york-au-profit-de-nashville-ou-dallas-20251215\" data-fig-type=\"NewsFlash\" data-gtm-custom-categorie=\"navigation\" data-gtm-custom-action=\"crossclick\" data-gtm-custom-label=\"Contextuel\" data-gtm-event=\"customEventSPE\" data-fig-domain=\"LEFIGARO\" target=\"_blank\" rel=\"noopener\"><\/p>\n<p>        Voyage aux \u00c9tats-Unis\u00a0: les Europ\u00e9ens d\u00e9laissent New York au profit de Nashville ou Dallas<br \/>\n    <\/a>\n<\/p>\n<p>                                            <a class=\"fig-a11y-skip\" href=\"#fig-a11y-skip-main-inarticle_btf\" data-module=\"a11y-skip\" data-context=\"was @visible\"><br \/>\n    Passer la publicit\u00e9<br \/>\n<\/a>            <\/p>\n<p class=\"fig-paragraph\">(*) M\u00e9thodologie\u00a0: l\u2019\u00e9tude repose sur des enqu\u00eates en ligne men\u00e9es aupr\u00e8s de 4 563 voyageurs internationaux en Australie, en France, en Allemagne, en Italie, au Japon, aux Pays-Bas, en Espagne, en Cor\u00e9e du Sud et au Royaume-Uni. Environ 500 entretiens ont \u00e9t\u00e9 r\u00e9alis\u00e9s par pays. Tous les r\u00e9pondants avaient voyag\u00e9 en dehors de leur r\u00e9gion g\u00e9ographique au cours des cinq derni\u00e8res ann\u00e9es.\u00a0<\/p>\n<p class=\"fig-paragraph\"><strong>EN VID\u00c9O &#8211; <\/strong>Les \u00c9tats-Unis veulent obliger les touristes \u00e0 d\u00e9voiler leurs activit\u00e9s sur les r\u00e9seaux sociaux<\/p>\n","protected":false},"excerpt":{"rendered":"Le durcissement envisag\u00e9 du programme ESTA, avec des obligations \u00e9largies autour des r\u00e9seaux sociaux, pourrait peser sur l\u2019attractivit\u00e9&hellip;\n","protected":false},"author":2,"featured_media":695939,"comment_status":"","ping_status":"","sticky":false,"template":"","format":"standard","meta":{"footnotes":""},"categories":[1589],"tags":[11,36535,73,1866,12,602,1864,1865,1863,308],"class_list":{"0":"post-695938","1":"post","2":"type-post","3":"status-publish","4":"format-standard","5":"has-post-thumbnail","7":"category-etats-unis","8":"tag-actualites","9":"tag-economie-americaine","10":"tag-etats-unis","11":"tag-etats-unis-damerique","12":"tag-news","13":"tag-tourisme","14":"tag-united-states","15":"tag-united-states-of-america","16":"tag-us","17":"tag-usa"},"share_on_mastodon":{"url":"https:\/\/pubeurope.com\/@fr\/115974950305087494","error":""},"_links":{"self":[{"href":"https:\/\/www.europesays.com\/fr\/wp-json\/wp\/v2\/posts\/695938","targetHints":{"allow":["GET"]}}],"collection":[{"href":"https:\/\/www.europesays.com\/fr\/wp-json\/wp\/v2\/posts"}],"about":[{"href":"https:\/\/www.europesays.com\/fr\/wp-json\/wp\/v2\/types\/post"}],"author":[{"embeddable":true,"href":"https:\/\/www.europesays.com\/fr\/wp-json\/wp\/v2\/users\/2"}],"replies":[{"embeddable":true,"href":"https:\/\/www.europesays.com\/fr\/wp-json\/wp\/v2\/comments?post=695938"}],"version-history":[{"count":0,"href":"https:\/\/www.europesays.com\/fr\/wp-json\/wp\/v2\/posts\/695938\/revisions"}],"wp:featuredmedia":[{"embeddable":true,"href":"https:\/\/www.europesays.com\/fr\/wp-json\/wp\/v2\/media\/695939"}],"wp:attachment":[{"href":"https:\/\/www.europesays.com\/fr\/wp-json\/wp\/v2\/media?parent=695938"}],"wp:term":[{"taxonomy":"category","embeddable":true,"href":"https:\/\/www.europesays.com\/fr\/wp-json\/wp\/v2\/categories?post=695938"},{"taxonomy":"post_tag","embeddable":true,"href":"https:\/\/www.europesays.com\/fr\/wp-json\/wp\/v2\/tags?post=695938"}],"curies":[{"name":"wp","href":"https:\/\/api.w.org\/{rel}","templated":true}]}}