{"id":69594,"date":"2025-05-02T15:12:09","date_gmt":"2025-05-02T15:12:09","guid":{"rendered":"https:\/\/www.europesays.com\/fr\/69594\/"},"modified":"2025-05-02T15:12:09","modified_gmt":"2025-05-02T15:12:09","slug":"atp-rafael-nadal-aujourdhui-quand-je-me-dis-que-jai-gagne-14-fois-roland-garros-meme-si-je-naime-pas-le-dire-cest-quelque-chose-de-fou-quelque-chose-que-je-naurais-jamais","status":"publish","type":"post","link":"https:\/\/www.europesays.com\/fr\/69594\/","title":{"rendered":"ATP > Rafael Nadal : \u00ab\u00a0Aujourd&rsquo;hui, quand je me dis que j&rsquo;ai gagn\u00e9 14 fois Roland-Garros, m\u00eame si je n&rsquo;aime pas le dire, c&rsquo;est quelque\u00a0chose\u00a0de\u00a0fou, quelque chose que je n&rsquo;aurais jamais pens\u00e9 avoir la chance de faire\u00a0\u00bb"},"content":{"rendered":"<p>Pr\u00e8s de six mois apr\u00e8s son retrait des courts, Rafael Nadal a plus de temps devant lui pour s\u2019oc\u00adcuper de son acad\u00e9mie, mais aussi \u00e0 accorder aux m\u00e9dias pour r\u00e9agir aux moments forts de sa carri\u00e8re.\u00a0<\/p>\n<p>Dans un entre\u00adtien accord\u00e9 \u00e0 <a href=\"https:\/\/edition.cnn.com\/2025\/04\/29\/sport\/rafael-nadal-jannik-sinner-innocent-spt-intl\/index.html\" data-wpel-link=\"external\" target=\"_blank\" rel=\"nofollow external noopener\">CNN<\/a>, le taureau de Manacor est revenu sur ce que signifie pour lui Roland\u2010Garros. Encore aujourd\u2019hui, le roi de la terre battue a du mal \u00e0 r\u00e9aliser ses accom\u00adplis\u00adse\u00adments dantesques, sur l\u2019ocre parisien.<\/p>\n<p><strong>\u00ab\u202fC\u2019est l\u2019en\u00addroit le plus impor\u00adtant de ma carri\u00e8re profes\u00adsion\u00adnelle, sans aucun doute, l\u2019en\u00addroit o\u00f9 j\u2019ai v\u00e9cu les plus grandes \u00e9motions. J\u2019ai re\u00e7u des invi\u00adta\u00adtions de Monaco, de Rome, de Barcelone, et je suis s\u00fbr que cela se produira peut\u2010\u00eatre l\u2019ann\u00e9e prochaine, mais la premi\u00e8re, je voulais donner la prio\u00adrit\u00e9 \u00e0 Roland\u2010Garros, je pense que c\u2019est juste, je suis excit\u00e9 \u00e0 ce sujet, je vais \u00eatre \u00e9mu. C\u2019est quelque chose que vous devez construire ann\u00e9e apr\u00e8s ann\u00e9e, vous construisez cette connexion, vous construisez ces moments magiques, mais bien s\u00fbr, j\u2019ai \u00e9t\u00e9 un bon joueur de tennis sur terre battue. C\u2019est un peu un euph\u00e9\u00admisme. C\u2019est vrai, j\u2019ai bien jou\u00e9 dans tous les tour\u00adnois sur terre battue, c\u2019est quelque chose de plus en plus sp\u00e9cial, ce court fait partie de l\u2019his\u00adtoire de notre sport, et pour moi aujourd\u2019hui quand je me dis que j\u2019ai gagn\u00e9 14 fois l\u00e0\u2010bas, c\u2019est quelque chose qui pour moi, m\u00eame si je n\u2019aime pas le dire, c\u2019est quelque chose de fou, quelque chose que je n\u2019au\u00adrais jamais pens\u00e9 avoir la chance de faire\u202f\u00bb<\/strong>, a d\u00e9clar\u00e9 celui qui se rendra \u00e0 Paris le 25 mai prochain pour hommage qui s\u2019an\u00adnonce riche en \u00e9motions.<\/p>\n<p class=\"post-published-date\" style=\"color: silver; font-size: 75%; text-align: left;\">Publi\u00e9 le vendredi 2 mai 2025 \u00e0 16:16<\/p>\n","protected":false},"excerpt":{"rendered":"Pr\u00e8s de six mois apr\u00e8s son retrait des courts, Rafael Nadal a plus de temps devant lui pour&hellip;\n","protected":false},"author":2,"featured_media":69595,"comment_status":"","ping_status":"","sticky":false,"template":"","format":"standard","meta":{"footnotes":""},"categories":[1415],"tags":[1011,27,1960,60,1467],"class_list":{"0":"post-69594","1":"post","2":"type-post","3":"status-publish","4":"format-standard","5":"has-post-thumbnail","7":"category-tennis","8":"tag-fr","9":"tag-france","10":"tag-nadal","11":"tag-sports","12":"tag-tennis"},"share_on_mastodon":{"url":"https:\/\/pubeurope.com\/@fr\/114438887364261229","error":""},"_links":{"self":[{"href":"https:\/\/www.europesays.com\/fr\/wp-json\/wp\/v2\/posts\/69594","targetHints":{"allow":["GET"]}}],"collection":[{"href":"https:\/\/www.europesays.com\/fr\/wp-json\/wp\/v2\/posts"}],"about":[{"href":"https:\/\/www.europesays.com\/fr\/wp-json\/wp\/v2\/types\/post"}],"author":[{"embeddable":true,"href":"https:\/\/www.europesays.com\/fr\/wp-json\/wp\/v2\/users\/2"}],"replies":[{"embeddable":true,"href":"https:\/\/www.europesays.com\/fr\/wp-json\/wp\/v2\/comments?post=69594"}],"version-history":[{"count":0,"href":"https:\/\/www.europesays.com\/fr\/wp-json\/wp\/v2\/posts\/69594\/revisions"}],"wp:featuredmedia":[{"embeddable":true,"href":"https:\/\/www.europesays.com\/fr\/wp-json\/wp\/v2\/media\/69595"}],"wp:attachment":[{"href":"https:\/\/www.europesays.com\/fr\/wp-json\/wp\/v2\/media?parent=69594"}],"wp:term":[{"taxonomy":"category","embeddable":true,"href":"https:\/\/www.europesays.com\/fr\/wp-json\/wp\/v2\/categories?post=69594"},{"taxonomy":"post_tag","embeddable":true,"href":"https:\/\/www.europesays.com\/fr\/wp-json\/wp\/v2\/tags?post=69594"}],"curies":[{"name":"wp","href":"https:\/\/api.w.org\/{rel}","templated":true}]}}