{"id":695942,"date":"2026-01-28T21:55:14","date_gmt":"2026-01-28T21:55:14","guid":{"rendered":"https:\/\/www.europesays.com\/fr\/695942\/"},"modified":"2026-01-28T21:55:14","modified_gmt":"2026-01-28T21:55:14","slug":"lallemagne-moins-optimiste-sur-la-croissance-en-2026-28-01-2026-a-2056","status":"publish","type":"post","link":"https:\/\/www.europesays.com\/fr\/695942\/","title":{"rendered":"L\u2019Allemagne moins optimiste sur la croissance en 2026 &#8211; 28\/01\/2026 \u00e0 20:56"},"content":{"rendered":"<p>        <img decoding=\"async\" src=\"https:\/\/www.europesays.com\/fr\/wp-content\/uploads\/2026\/01\/e8901eda762cef9df4485f2c909748ab-760x529.jpg\" alt=\"La ministre allemande de l'\u00c9conomie et de l'\u00c9nergie, Katherina Reiche, pr\u00e9sente le rapport annuel sur l'\u00e9conomie allemande pour 2026, le 28 janvier 2026 \u00e0 Berlin ( AFP \/ Tobias SCHWARZ )\" loading=\"eager\" fetchpriority=\"high\" width=\"760\" height=\"529\" style=\"max-width: 100%!important; height: auto;\"\/><\/p>\n<p class=\"c-image-news__legend\">La ministre allemande de l&rsquo;\u00c9conomie et de l&rsquo;\u00c9nergie, Katherina Reiche, pr\u00e9sente le rapport annuel sur l&rsquo;\u00e9conomie allemande pour 2026, le 28 janvier 2026 \u00e0 Berlin ( AFP \/ Tobias SCHWARZ )<\/p>\n<p>\n Les espoirs d&rsquo;une reprise rapide en Allemagne se dissipent: Berlin a abaiss\u00e9 mercredi sa pr\u00e9vision de croissance pour 2026, la relance budg\u00e9taire peinant \u00e0 produire ses effets, tandis que les tensions commerciales et la crise industrielle persistent.\n<\/p>\n<p>\n Le Produit Int\u00e9rieur Brut (PIB) de l&rsquo;Allemagne devrait cro\u00eetre de 1% selon le rapport annuel du minist\u00e8re de l&rsquo;\u00e9conomie, qui tablait \u00e0 l&rsquo;automne sur un rebond de 1,3%.\n<\/p>\n<p>\n Le constat est amer pour la coalition du chancelier Friedrich Merz, qui promettait, depuis son intronisation en mai, une embellie en 2026 gr\u00e2ce aux centaines de milliards d&rsquo;euros d&rsquo;investissements publics adopt\u00e9s pour moderniser la d\u00e9fense et les infrastructures.\n<\/p>\n<p>\n Neuf mois plus tard, sa ministre de l&rsquo;Economie Katherina Reiche se voit confront\u00e9e au m\u00e9contentement croissant de la population et du patronat, qui r\u00e9clame d&rsquo;autres r\u00e9formes pour relancer la premi\u00e8re \u00e9conomie europ\u00e9enne.\n<\/p>\n<p> &#8211; \u00ab\u00a0L\u00e9g\u00e8re trajectoire de reprise\u00a0\u00bb &#8211;<\/p>\n<p>\n \u00ab\u00a0Les impulsions attendues [de la relance budg\u00e9taire] ne se sont pas concr\u00e9tis\u00e9es aussi rapidement et dans la mesure que nous l&rsquo;avions pr\u00e9vu\u00a0\u00bb, a reconnu la ministre conservatrice lors d&rsquo;une conf\u00e9rence de presse.\n<\/p>\n<p>\n Certes, ce \u00ab\u00a0bazooka\u00a0\u00bb d&rsquo;investissements devrait repr\u00e9senter deux tiers de la croissance engrang\u00e9e cette ann\u00e9e, et redresser la consommation des m\u00e9nages et des administrations publiques.\n<\/p>\n<p>\n De quoi engager le PIB sur une \u00ab\u00a0l\u00e9g\u00e8re trajectoire de reprise\u00a0\u00bb selon la ministre, apr\u00e8s une mini-croissance de 0,2% en 2025 et deux ann\u00e9es cons\u00e9cutives de r\u00e9cession.\n<\/p>\n<p>\n Mais \u00ab\u00a0les perspectives de croissance structurelle restent sensiblement affaiblies\u00a0\u00bb, note le rapport.\n<\/p>\n<p>\n Pour 2027, le gouvernement a aussi revu \u00e0 la baisse sa pr\u00e9vision, de 1,4% \u00e0 1,3% du PIB.\n<\/p>\n<p>\n Comme l&rsquo;an dernier, les exportations allemandes, ancien moteur de la croissance, vont souffrir en 2026 d&rsquo;un environnement mondial \u00ab\u00a0tr\u00e8s difficile\u00a0\u00bb selon Mme Reiche, entre avalanche de droits de douane am\u00e9ricains et concurrence chinoise.\n<\/p>\n<p>\n Les exportations vers les Etats-Unis, son ancien premier partenaire commercial, se sont effondr\u00e9es de 9,4% entre janvier et novembre 2025, par rapport \u00e0 2024.\n<\/p>\n<p>\n \u00ab\u00a0Les menaces de rel\u00e8vement des droits de douane, comme r\u00e9cemment aux \u00c9tats-Unis, cr\u00e9ent en outre des incertitudes\u00a0\u00bb, a ajout\u00e9 Katherina Reiche.\n<\/p>\n<p>\n Elle note toutefois \u00ab\u00a0une nette reprise\u00a0\u00bb dans le secteur industriel en crise, avec une embellie de la production et des commandes, notamment dans les biens d&rsquo;\u00e9quipements.\n<\/p>\n<p>\n Mais les d\u00e9fis restent colossaux pour redresser une industrie allemande \u00e0 la d\u00e9rive, qui r\u00e9clame une nette baisse des prix de l&rsquo;\u00e9nergie et un all\u00e8gement de la bureaucratie.\n<\/p>\n<p> &#8211; D\u00e9but d&rsquo;ann\u00e9e \u00ab\u00a0poussif\u00a0\u00bb &#8211;<\/p>\n<p>\n Cette r\u00e9vision \u00e0 la baisse du gouvernement \u00ab\u00a0n&rsquo;est pas surprenante\u00a0\u00bb, affirme \u00e0 l&rsquo;AFP l&rsquo;\u00e9conomiste Felix Schmidt, chez Berenberg.\n<\/p>\n<p>\n Il pointe en particulier \u00ab\u00a0un d\u00e9but d&rsquo;ann\u00e9e poussif, comme sugg\u00e9r\u00e9 par l&rsquo;indice du climat des affaires de l&rsquo;institut Ifo pour janvier\u00a0\u00bb, publi\u00e9 lundi.\n<\/p>\n<p>\n \u00ab\u00a0Cela laisse pr\u00e9sager une croissance tr\u00e8s faible au premier trimestre et cela abaisse la base de r\u00e9f\u00e9rence pour les pr\u00e9visions 2026\u00a0\u00bb, affirme \u00e0 l&rsquo;AFP J\u00f6rg Kr\u00e4mer, chef \u00e9conomiste chez Commerzbank.\n<\/p>\n<p>\n Afin que les d\u00e9penses suppl\u00e9mentaires de l&rsquo;Etat \u00ab\u00a0ne se transforment pas en co\u00fbteux feu de paille, des r\u00e9formes d&rsquo;accompagnement seront \u00e9galement n\u00e9cessaires\u00a0\u00bb, pr\u00e9vient M.Schmidt.\n<\/p>\n<p>\n Mme Reiche a d\u00e9fendu l&rsquo;action du gouvernement pour aider les entreprises et m\u00e9nages, notamment via des all\u00e8gements fiscaux, un premier pas selon les f\u00e9d\u00e9rations professionnelles du pays.\n<\/p>\n<p>\n Cette ann\u00e9e, le camp de Friedrich Merz promet une r\u00e9forme d&rsquo;ampleur du syst\u00e8me de prestations sociales, jug\u00e9 trop co\u00fbteux, et le chancelier r\u00e9p\u00e8te sa volont\u00e9 d&rsquo;augmenter le temps de travail pour accro\u00eetre la productivit\u00e9.\n<\/p>\n<p>\n Reste que neuf mois apr\u00e8s son entr\u00e9e en fonction, Katherina Reiche ne recueille que 18% d&rsquo;avis favorable dans la population, selon un sondage de l&rsquo;institut Forsa. C&rsquo;est pire que son pr\u00e9d\u00e9cesseur \u00e9cologiste Robert Habeck qui est rest\u00e9 3 ans en fonction.<\/p>\n","protected":false},"excerpt":{"rendered":"La ministre allemande de l&rsquo;\u00c9conomie et de l&rsquo;\u00c9nergie, Katherina Reiche, pr\u00e9sente le rapport annuel sur l&rsquo;\u00e9conomie allemande pour&hellip;\n","protected":false},"author":2,"featured_media":695943,"comment_status":"","ping_status":"","sticky":false,"template":"","format":"standard","meta":{"footnotes":""},"categories":[1587],"tags":[400,11,672,398,408,1804,405,1805,1803,1777,674,1801,403,402,399,404,12,1802,401,406,407],"class_list":{"0":"post-695942","1":"post","2":"type-post","3":"status-publish","4":"format-standard","5":"has-post-thumbnail","7":"category-allemagne","8":"tag-action-cac-40","9":"tag-actualites","10":"tag-allemagne","11":"tag-bourse-de-paris","12":"tag-boursorama","13":"tag-bundesrepublik-deutschland","14":"tag-cotations","15":"tag-de","16":"tag-deutschland","17":"tag-eu","18":"tag-europe","19":"tag-germany","20":"tag-indices-devises","21":"tag-investir","22":"tag-investissement","23":"tag-marche-boursier","24":"tag-news","25":"tag-republique-federale-dallemagne","26":"tag-sicav","27":"tag-trackers","28":"tag-warrants"},"share_on_mastodon":{"url":"https:\/\/pubeurope.com\/@fr\/115974958236234457","error":""},"_links":{"self":[{"href":"https:\/\/www.europesays.com\/fr\/wp-json\/wp\/v2\/posts\/695942","targetHints":{"allow":["GET"]}}],"collection":[{"href":"https:\/\/www.europesays.com\/fr\/wp-json\/wp\/v2\/posts"}],"about":[{"href":"https:\/\/www.europesays.com\/fr\/wp-json\/wp\/v2\/types\/post"}],"author":[{"embeddable":true,"href":"https:\/\/www.europesays.com\/fr\/wp-json\/wp\/v2\/users\/2"}],"replies":[{"embeddable":true,"href":"https:\/\/www.europesays.com\/fr\/wp-json\/wp\/v2\/comments?post=695942"}],"version-history":[{"count":0,"href":"https:\/\/www.europesays.com\/fr\/wp-json\/wp\/v2\/posts\/695942\/revisions"}],"wp:featuredmedia":[{"embeddable":true,"href":"https:\/\/www.europesays.com\/fr\/wp-json\/wp\/v2\/media\/695943"}],"wp:attachment":[{"href":"https:\/\/www.europesays.com\/fr\/wp-json\/wp\/v2\/media?parent=695942"}],"wp:term":[{"taxonomy":"category","embeddable":true,"href":"https:\/\/www.europesays.com\/fr\/wp-json\/wp\/v2\/categories?post=695942"},{"taxonomy":"post_tag","embeddable":true,"href":"https:\/\/www.europesays.com\/fr\/wp-json\/wp\/v2\/tags?post=695942"}],"curies":[{"name":"wp","href":"https:\/\/api.w.org\/{rel}","templated":true}]}}