{"id":695946,"date":"2026-01-28T21:57:14","date_gmt":"2026-01-28T21:57:14","guid":{"rendered":"https:\/\/www.europesays.com\/fr\/695946\/"},"modified":"2026-01-28T21:57:14","modified_gmt":"2026-01-28T21:57:14","slug":"l%c2%92ue-prete-a-inscrire-les-gardiens-de-la-revolution-iraniens-sur-la-liste-des-organisations-terroristes-apres-le-revirement-de-la-france","status":"publish","type":"post","link":"https:\/\/www.europesays.com\/fr\/695946\/","title":{"rendered":"L\u0092UE pr\u00eate \u00e0 inscrire les Gardiens de la R\u00e9volution iraniens sur la liste des organisations terroristes apr\u00e8s le revirement de la France"},"content":{"rendered":"<p>                    L\u0092Union europ\u00e9enne s\u0092appr\u00eate \u00e0 inscrire le Corps des gardiens de la R\u00e9volution islamique d\u0092Iran sur sa liste des organisations terroristes, apr\u00e8s que la France a annonc\u00e9 mercredi qu\u0092elle soutiendrait d\u00e9sormais cette initiative.<\/p>\n<p>Les ministres europ\u00e9ens des Affaires \u00e9trang\u00e8res se r\u00e9unissent jeudi \u00e0 Bruxelles et doivent approuver de nouvelles sanctions en r\u00e9action \u00e0 la r\u00e9pression des manifestations qui a fait des milliers de morts et des milliers d\u0092arrestations.<\/p>\n<p>\u00ab\u00a0La France soutiendra l\u0092inscription du Corps des gardiens de la R\u00e9volution islamique sur la liste des organisations terroristes de l\u0092Union europ\u00e9enne\u00a0\u00bb, a d\u00e9clar\u00e9 sur X le ministre fran\u00e7ais des Affaires \u00e9trang\u00e8res, Jean-Noel Barrot.<\/p>\n<p>Avec la France, l\u0092Italie et l\u0092Allemagne \u00e0 pr\u00e9sent favorables, la d\u00e9cision devrait \u00eatre approuv\u00e9e politiquement jeudi, m\u00eame si elle n\u00e9cessite l\u0092unanimit\u00e9 des 27 membres du bloc.<\/p>\n<p>Plus t\u00f4t mercredi, la France avait h\u00e9sit\u00e9 \u00e0 rejoindre la majorit\u00e9 des pays du bloc, qui poussent \u00e0 l\u0092inscription du CGRI sur la liste des organisations terroristes de l\u0092UE, rejoignant ainsi les \u00c9tats-Unis.<\/p>\n<p>\u00ab\u00a0La r\u00e9pression insoutenable du soul\u00e8vement pacifique du peuple iranien ne peut rester sans r\u00e9ponse. Le courage extraordinaire dont ils ont fait preuve face \u00e0 la violence aveugle d\u00e9cha\u00een\u00e9e contre eux ne peut \u00eatre vain\u00a0\u00bb, a affirm\u00e9 Barrot.<\/p>\n<p>La pr\u00e9sidence fran\u00e7aise avait annonc\u00e9 la d\u00e9cision plus t\u00f4t dans la journ\u00e9e.<\/p>\n<p>Cr\u00e9\u00e9 apr\u00e8s la R\u00e9volution islamique de 1979 pour prot\u00e9ger le r\u00e9gime cl\u00e9rical chiite au pouvoir, le Corps des gardiens de la R\u00e9volution islamique exerce une grande influence dans le pays, contr\u00f4lant une partie de l\u0092\u00e9conomie et des forces arm\u00e9es, et supervisant les programmes balistique et nucl\u00e9aire de l\u0092Iran.<\/p>\n<p><b>ROMPRE LES LIENS, INQUI\u00c9TUDES POUR LES RESSORTISSANTS EN IRAN<\/b><\/p>\n<p>Si certains \u00c9tats membres de l\u0092UE ont d\u00e9j\u00e0 plaid\u00e9 pour l\u0092inscription du CGRI sur la liste terroriste, d\u0092autres, men\u00e9s par la France, se sont montr\u00e9s plus prudents.<\/p>\n<p>Ils craignaient qu\u0092une telle mesure n\u0092entra\u00eene une rupture totale des liens avec l\u0092Iran, impactant les missions diplomatiques et compromettant les n\u00e9gociations pour la lib\u00e9ration de citoyens europ\u00e9ens d\u00e9tenus dans les prisons iraniennes.<\/p>\n<p>Paris s\u0092inqui\u00e8te notamment du sort de deux de ses ressortissants actuellement log\u00e9s \u00e0 l\u0092ambassade \u00e0 T\u00e9h\u00e9ran, apr\u00e8s leur lib\u00e9ration de prison l\u0092an dernier.<\/p>\n<p>Les manifestations antigouvernementales qui ont balay\u00e9 l\u0092Iran depuis d\u00e9cembre ont entra\u00een\u00e9 la r\u00e9pression la plus sanglante des autorit\u00e9s depuis la R\u00e9volution islamique de 1979, provoquant la condamnation de la communaut\u00e9 internationale.<\/p>\n<p>D\u0092autres diplomates favorables \u00e0 la mesure estiment que l\u0092ampleur de la r\u00e9pression oblige l\u0092Europe \u00e0 envoyer un signal politique tr\u00e8s fort, compte tenu du r\u00f4le du CGRI dans la r\u00e9pression, mais aussi de ses activit\u00e9s \u00e0 l\u0092\u00e9tranger, qu\u0092ils assimilent \u00e0 des actes terroristes.<\/p>\n<p>\u00ab\u00a0Si \u00e7a marche comme un canard et cancane comme un canard, alors c\u0092est probablement un canard et il est bon de le dire\u00a0\u00bb, a confi\u00e9 un haut diplomate europ\u00e9en.<br \/>\n(Adaptation par Toby Chopra et Bill Berkrot)<\/p>\n","protected":false},"excerpt":{"rendered":"L\u0092Union europ\u00e9enne s\u0092appr\u00eate \u00e0 inscrire le Corps des gardiens de la R\u00e9volution islamique d\u0092Iran sur sa liste des&hellip;\n","protected":false},"author":2,"featured_media":695947,"comment_status":"","ping_status":"","sticky":false,"template":"","format":"standard","meta":{"footnotes":""},"categories":[1586],"tags":[11,340,1777,674,1779,1011,27,12,25,1778,364],"class_list":{"0":"post-695946","1":"post","2":"type-post","3":"status-publish","4":"format-standard","5":"has-post-thumbnail","7":"category-europe","8":"tag-actualites","9":"tag-bourse","10":"tag-eu","11":"tag-europe","12":"tag-european-union","13":"tag-fr","14":"tag-france","15":"tag-news","16":"tag-republique-francaise","17":"tag-ue","18":"tag-union-europeenne"},"share_on_mastodon":{"url":"https:\/\/pubeurope.com\/@fr\/115974966056470723","error":""},"_links":{"self":[{"href":"https:\/\/www.europesays.com\/fr\/wp-json\/wp\/v2\/posts\/695946","targetHints":{"allow":["GET"]}}],"collection":[{"href":"https:\/\/www.europesays.com\/fr\/wp-json\/wp\/v2\/posts"}],"about":[{"href":"https:\/\/www.europesays.com\/fr\/wp-json\/wp\/v2\/types\/post"}],"author":[{"embeddable":true,"href":"https:\/\/www.europesays.com\/fr\/wp-json\/wp\/v2\/users\/2"}],"replies":[{"embeddable":true,"href":"https:\/\/www.europesays.com\/fr\/wp-json\/wp\/v2\/comments?post=695946"}],"version-history":[{"count":0,"href":"https:\/\/www.europesays.com\/fr\/wp-json\/wp\/v2\/posts\/695946\/revisions"}],"wp:featuredmedia":[{"embeddable":true,"href":"https:\/\/www.europesays.com\/fr\/wp-json\/wp\/v2\/media\/695947"}],"wp:attachment":[{"href":"https:\/\/www.europesays.com\/fr\/wp-json\/wp\/v2\/media?parent=695946"}],"wp:term":[{"taxonomy":"category","embeddable":true,"href":"https:\/\/www.europesays.com\/fr\/wp-json\/wp\/v2\/categories?post=695946"},{"taxonomy":"post_tag","embeddable":true,"href":"https:\/\/www.europesays.com\/fr\/wp-json\/wp\/v2\/tags?post=695946"}],"curies":[{"name":"wp","href":"https:\/\/api.w.org\/{rel}","templated":true}]}}