{"id":695953,"date":"2026-01-28T22:01:12","date_gmt":"2026-01-28T22:01:12","guid":{"rendered":"https:\/\/www.europesays.com\/fr\/695953\/"},"modified":"2026-01-28T22:01:12","modified_gmt":"2026-01-28T22:01:12","slug":"julien-brun-reculer-pour-mieux-sauter","status":"publish","type":"post","link":"https:\/\/www.europesays.com\/fr\/695953\/","title":{"rendered":"Julien Brun, reculer pour mieux sauter"},"content":{"rendered":"<p>\u00c0 33 ans, Julien Brun ouvre ce jeudi au <strong>Zebula Golf Estate &amp; Spa<\/strong> un nouveau chapitre de sa carri\u00e8re d\u00e9marr\u00e9e tambour battant le 23 septembre 2012 en remportant \u00e0 20 ans seulement l\u2019<strong>Allianz Golf Open Toulouse M\u00e9tropole<\/strong>, \u00e9tape fran\u00e7aise du <strong>Challenge Tour<\/strong> (devenu HotelPlanner Tour en 2025). Il \u00e9tait alors encore amateur. Pass\u00e9 pro en 2015, il a ajout\u00e9 deux autres lignes \u00e0 son palmar\u00e8s en l\u2019espace de quatre mois, d\u00e9crochant le 27 juin 2021 l\u2019<strong>Open de Bretagne<\/strong> avant de confirmer le 17 octobre \u00e0 l\u2019<strong>Emporda Challenge<\/strong>.\u00a0<\/p>\n<p>Propuls\u00e9 sur le DP World Tour \u00e0 la fin de l\u2019ann\u00e9e, il a conserv\u00e9 sa carte en 2022 (80e de la <strong>Race to Dubai<\/strong>) puis en 2023 (45e) avant d\u2019\u00eatre victime d\u2019une blessure au poignet gauche en mai 2024. Un coup d\u2019arr\u00eat brutal qui a temporairement scell\u00e9 son destin au plus haut niveau. Sous exemption m\u00e9dicale en 2025, il a d\u00fb sauver sa carte en seulement 14 tournois, sous peine de repartir en 2026 \u00e0 l\u2019\u00e9tage inf\u00e9rieur. H\u00e9las, le miracle n\u2019a pas eu lieu&#8230;<\/p>\n<p>\u00ab\u00a0Est-ce que je serais encore sur le Tour cette ann\u00e9e sans cette blessure\u00a0? s\u2019interroge-t-il. C\u2019est difficile d\u2019y r\u00e9pondre. En tout cas, j\u2019aurais plus de chances d\u2019y \u00eatre, c\u2019est ind\u00e9niable. Le plus dur, \u00e7a reste de conserver sa carte la premi\u00e8re ann\u00e9e. Ce que j\u2019avais fait. Cela a \u00e9t\u00e9 un vrai coup d\u2019arr\u00eat g\u00e9n\u00e9ral sur la dynamique qui \u00e9tait en place, \u00e7a a \u00e9t\u00e9 compliqu\u00e9 de rebondir. L\u00e0, physiquement, tout va bien. On repart sur une saison pleine avec un calendrier. Et maintenant, il faut performer.\u00a0\u00bb<\/p>\n","protected":false},"excerpt":{"rendered":"\u00c0 33 ans, Julien Brun ouvre ce jeudi au Zebula Golf Estate &amp; Spa un nouveau chapitre de&hellip;\n","protected":false},"author":2,"featured_media":662236,"comment_status":"","ping_status":"","sticky":false,"template":"","format":"standard","meta":{"footnotes":""},"categories":[1418],"tags":[1011,27,1472,60],"class_list":{"0":"post-695953","1":"post","2":"type-post","3":"status-publish","4":"format-standard","5":"has-post-thumbnail","7":"category-golf","8":"tag-fr","9":"tag-france","10":"tag-golf","11":"tag-sports"},"share_on_mastodon":{"url":"https:\/\/pubeurope.com\/@fr\/115974981728848894","error":""},"_links":{"self":[{"href":"https:\/\/www.europesays.com\/fr\/wp-json\/wp\/v2\/posts\/695953","targetHints":{"allow":["GET"]}}],"collection":[{"href":"https:\/\/www.europesays.com\/fr\/wp-json\/wp\/v2\/posts"}],"about":[{"href":"https:\/\/www.europesays.com\/fr\/wp-json\/wp\/v2\/types\/post"}],"author":[{"embeddable":true,"href":"https:\/\/www.europesays.com\/fr\/wp-json\/wp\/v2\/users\/2"}],"replies":[{"embeddable":true,"href":"https:\/\/www.europesays.com\/fr\/wp-json\/wp\/v2\/comments?post=695953"}],"version-history":[{"count":0,"href":"https:\/\/www.europesays.com\/fr\/wp-json\/wp\/v2\/posts\/695953\/revisions"}],"wp:featuredmedia":[{"embeddable":true,"href":"https:\/\/www.europesays.com\/fr\/wp-json\/wp\/v2\/media\/662236"}],"wp:attachment":[{"href":"https:\/\/www.europesays.com\/fr\/wp-json\/wp\/v2\/media?parent=695953"}],"wp:term":[{"taxonomy":"category","embeddable":true,"href":"https:\/\/www.europesays.com\/fr\/wp-json\/wp\/v2\/categories?post=695953"},{"taxonomy":"post_tag","embeddable":true,"href":"https:\/\/www.europesays.com\/fr\/wp-json\/wp\/v2\/tags?post=695953"}],"curies":[{"name":"wp","href":"https:\/\/api.w.org\/{rel}","templated":true}]}}